{"id":48433,"date":"2025-12-15T10:27:42","date_gmt":"2025-12-15T09:27:42","guid":{"rendered":"http:\/\/batimedianews.com\/live\/?p=48433"},"modified":"2025-12-15T10:27:44","modified_gmt":"2025-12-15T09:27:44","slug":"renovation-energetique-gestion-des-dechets-micro-entreprises-les-artisans-du-batiment-en-ont-marre-et-le-feront-savoir-le-17-decembre","status":"publish","type":"post","link":"https:\/\/batimedianews.com\/live\/index.php\/2025\/12\/15\/renovation-energetique-gestion-des-dechets-micro-entreprises-les-artisans-du-batiment-en-ont-marre-et-le-feront-savoir-le-17-decembre\/","title":{"rendered":"R\u00e9novation \u00e9nerg\u00e9tique, gestion des d\u00e9chets, micro-entreprises : les artisans du b\u00e2timent en ont marre et le feront savoir le 17 d\u00e9cembre"},"content":{"rendered":"\n<p class=\"has-text-align-justify\"><strong>Paris, le 4 d\u00e9cembre 2025 \u2013 \u00c0 la suite d&rsquo;une large consultation qui a re\u00e7u plus de 5 000 r\u00e9ponses d&rsquo;artisans du b\u00e2timent adh\u00e9rents \u00e0 la CAPEB sur MaPrimeR\u00e9nov&rsquo; et la REP PMCB, la CAPEB alerte sur une situation devenue critique pour les entreprises artisanales. Les r\u00e9sultats mettent en \u00e9vidence un m\u00e9contentement profond, aliment\u00e9 par des dispositifs publics jug\u00e9s trop complexes et instables, qui fragilisent directement les artisans et auxquels s&rsquo;ajoute la crispation g\u00e9n\u00e9r\u00e9e par l&rsquo;in\u00e9quit\u00e9 fiscale entre les entreprises du b\u00e2timent.<\/strong><\/p>\n\n\n\n<p class=\"has-text-align-justify\"><strong>D\u00e9termin\u00e9e \u00e0 obtenir enfin les r\u00e9ponses que les entreprises artisanales attendent depuis de nombreux mois, la CAPEB organise une mobilisation nationale le 17 d\u00e9cembre, qui se tiendra simultan\u00e9ment dans chaque d\u00e9partement \u00e0 la pr\u00e9fecture.<\/strong><\/p>\n\n\n\n<p><strong>MaPrimeR\u00e9nov&rsquo; : un outil vital devenu ing\u00e9rable<\/strong><\/p>\n\n\n\n<p class=\"has-text-align-justify\">L&rsquo;\u00e9tude r\u00e9v\u00e8le que 79 % des artisans consid\u00e8rent MaPrimeR\u00e9nov&rsquo; d\u00e9terminante pour d\u00e9clencher des travaux et que 60 % d&rsquo;entre eux d\u00e9pendent de ce dispositif parfois jusqu&rsquo;\u00e0 50 % de leur chiffre d&rsquo;affaires.<\/p>\n\n\n\n<p class=\"has-text-align-justify\">Mais les r\u00e9centes \u00e9volutions ont cr\u00e9\u00e9 une v\u00e9ritable crise. 62 % des artisans constatent une baisse d&rsquo;activit\u00e9, 51 % d\u00e9noncent une perte de temps massive li\u00e9e \u00e0 l&rsquo;instabilit\u00e9 des r\u00e8gles, 46 % subissent des difficult\u00e9s financi\u00e8res dues \u00e0 des d\u00e9lais de paiement trop longs et 12 % rapportent m\u00eame une hausse des litiges avec leurs clients. Les causes de cette exasp\u00e9ration sont claires : surcharge administrative, complexit\u00e9 excessive, instabilit\u00e9 r\u00e9glementaire et risques financiers.<\/p>\n\n\n\n<p class=\"has-text-align-justify\">L&rsquo;enqu\u00eate de la CAPEB montre \u00e9galement que les artisans souhaitent le maintien d&rsquo;un soutien public \u00e0 la r\u00e9novation \u00e9nerg\u00e9tique, mais dans une version simplifi\u00e9e, stable et co-construite avec eux. Le dispositif MaPrimeR\u00e9nov&rsquo; tel qu&rsquo;il fonctionne aujourd&rsquo;hui n&rsquo;est plus soutenable. La CAPEB appelle notamment \u00e0 la remobilisation des monogestes, essentiels aux m\u00e9nages modestes et aux situations d&rsquo;urgence, \u00e0 la mise en place d&rsquo;un parcours de travaux permettant des r\u00e9novations par \u00e9tapes, \u00e0 un acc\u00e8s simplifi\u00e9 aux aides, \u00e0 la s\u00e9curisation des paiements et \u00e0 une r\u00e9forme profonde du RGE afin que le plus grand nombre d&rsquo;entreprises artisanales du b\u00e2timent puisse contribuer \u00e0 la massification des travaux de r\u00e9novation \u00e9nerg\u00e9tique.<\/p>\n\n\n\n<p><strong>REP PMCB : une fili\u00e8re encore inadapt\u00e9e<\/strong><\/p>\n\n\n\n<p class=\"has-text-align-justify\">Les artisans d\u00e9noncent une mise en \u0153uvre de la REP largement inadapt\u00e9e aux r\u00e9alit\u00e9s du terrain et souhaitent pouvoir disposer d&rsquo;un dispositif simple, lisible et qui tienne compte de leurs pratiques. Le maillage des points de collecte n&rsquo;est pas adapt\u00e9 aux pratiques des professionnels, les r\u00e8gles de reprise sont h\u00e9t\u00e9rog\u00e8nes, les outils num\u00e9riques sont multiples et non harmonis\u00e9s.<\/p>\n\n\n\n<p class=\"has-text-align-justify\">La CAPEB demande la mise en place d&rsquo;un maillage territorial renforc\u00e9, l&rsquo;unification des r\u00e8gles dans tous les points de collecte, la suppression de la pr\u00e9-inscription et la cr\u00e9ation d&rsquo;un outil national unique regroupant l&rsquo;ensemble des d\u00e9marches. Elle souhaite que le maillage territorial soit \u00e9tabli localement en concertation avec tous les acteurs.<\/p>\n\n\n\n<p><strong>Micro-entreprises : un r\u00e9gime \u00e0 r\u00e9former<\/strong><\/p>\n\n\n\n<p class=\"has-text-align-justify\">Le r\u00e9gime micro-social et micro-fiscal doit retrouver sa vocation initiale qui \u00e9tait de faciliter la cr\u00e9ation d&rsquo;entreprise en permettant aux cr\u00e9ateurs de commencer leur entrepreneuriat sans charges ni contraintes administratives excessives pendant une p\u00e9riode limit\u00e9e. Ce r\u00e9gime est loin d&rsquo;\u00eatre le tremplin qu&rsquo;il devrait \u00eatre vers l&rsquo;entreprise de droit commun.<\/p>\n\n\n\n<p class=\"has-text-align-justify\">Les artisans du b\u00e2timent supportent d&rsquo;autant plus difficilement l&rsquo;in\u00e9quit\u00e9 fiscale entre les entreprises du secteur que la conjoncture \u00e9conomique reste en berne. Ils appellent \u00e0 l&rsquo;abaissement du seuil de franchise en base de TVA \u00e0 25 000 euros pour le secteur du b\u00e2timent, \u00e0 limiter le statut de la micro-entreprise \u00e0 deux ans et demandent \u00e0 l&rsquo;\u00c9tat d&rsquo;organiser un accompagnement obligatoire de ces cr\u00e9ateurs vers un r\u00e9gime de droit commun.<\/p>\n\n\n\n<p><strong>Mobilisation nationale coordonn\u00e9e \u00ab Les artisans du b\u00e2timent m\u00e9ritent mieux \u00bb<\/strong><\/p>\n\n\n\n<p class=\"has-text-align-justify\">Les artisans du b\u00e2timent ne voient pas d&rsquo;issue favorable \u00e0 ces trois pr\u00e9occupations. C&rsquo;est d\u00e9termin\u00e9e \u00e0 faire bouger les lignes que la CAPEB appelle l&rsquo;ensemble des artisans \u00e0 se rassembler devant les pr\u00e9fectures de chaque d\u00e9partement mercredi 17 d\u00e9cembre prochain. Cette mobilisation \u00ab vos d\u00e9cisions ne sont pas des cadeaux, y&rsquo;en a marre \u00bb vise \u00e0 exprimer le m\u00e9contentement l\u00e9gitime des entreprises du b\u00e2timent, \u00e0 exiger des dispositifs publics simples, stables, accessibles et sans co\u00fbt pour les finances publiques.<\/p>\n\n\n\n<p class=\"has-text-align-justify\">\u00ab La CAPEB demande au Gouvernement de reconstruire, avec les entreprises artisanales du b\u00e2timent, une politique publique de r\u00e9novation \u00e9nerg\u00e9tique coh\u00e9rente, stable et op\u00e9rationnelle. Il est \u00e9galement indispensable de repenser le dispositif de reprise des d\u00e9chets au regard des pratiques et besoins des entreprises artisanales.&nbsp; Il serait inadmissible que nos entreprises soit amen\u00e9es \u00e0 continuer \u00e0 payer une \u00e9co-contribution pour un service dont elles ne peuvent b\u00e9n\u00e9ficier. Enfin, nous interpellons l&rsquo;Etat sur le n\u00e9cessaire accompagnement de la transformation des micro-entreprises vers un r\u00e9gime de droit commun. La CAPEB ne peut tol\u00e9rer que les artisans du b\u00e2timent demeurent les premiers p\u00e9nalis\u00e9s par des dispositifs instables, technocratiques ou mal calibr\u00e9s alors que des solutions simples pourraient \u00eatre mises en \u0153uvre. \u00bb Jean-Christophe Repon, pr\u00e9sident de la CAPEB.<\/p>\n\n\n\n<p><strong><a rel=\"noreferrer noopener\" href=\"https:\/\/u44196987.ct.sendgrid.net\/ls\/click?upn=u001.oAvz0GakhwwEd9tE4-2BZc7KX7z-2B-2FT8Gz-2B29MPPkuZYaOASKtD9MS7ev0yOmVQ0xrxB8TWDcnNv56rCEmHv-2Fl5lSNAv-2FUPbi1RUnIEUbgEmMLW5e4eP3yW198NyPmORSUgqW-2B9T6DJGdL6iAlH4Xzt2w-3D-3DflPg_aGFpYH5CPQhGoaTJv1WkPrfoEPfE05W25HIVFoJEN-2BkTEIqaiHs3onFZGm6gsZtMg4tP9VWiXzNp1sTGXvJoeHKmKEHYKRL79xAo053P0VL86pHJo3KpPuH1U9lKeUYJ0y69rwGlk87FobI4ZbqHyogOIDqsEGPuLIoApoR1cTUhzCAuMrs3FiaYi7nOeMskyGppODX0YPcgY2WNfKk-2Fqp18QUTx6QcXrZ9z4CEHP9AUBzLLhhTl4dA5EY2ntaLpYfnlOX9enBHq7r9vnxAfyDC9M1PM14dO5mjxtiqsdt7udgdDraFIIUgEF8YY0HX-2FXTCeiXcdkA6vXEPDRgPc406MlgMLsitCrkCCUGOLW0g-3D\" target=\"_blank\">T\u00e9l\u00e9charger l&rsquo;\u00e9tude : Consultation des adh\u00e9rents \u2013 MPR\/REP<\/a><\/strong><\/p>\n\n\n\n<p class=\"has-text-color\" style=\"color:#cc2c2c\"><strong>\u00c0 propos de la CAPEB&nbsp;:<\/strong><strong><\/strong><\/p>\n\n\n\n<p class=\"has-text-align-justify\">La Conf\u00e9d\u00e9ration de l&rsquo;Artisanat et des Petites Entreprises du B\u00e2timent (CAPEB), organisation patronale repr\u00e9sentative de l&rsquo;ensemble des entreprises du b\u00e2timent est l&rsquo;organisation patronale majoritaire dans l&rsquo;artisanat du B\u00e2timent (c&rsquo;est-\u00e0-dire les entreprises inscrites au r\u00e9pertoire des m\u00e9tiers qui emploient ou non des salari\u00e9s). La CAPEB est la premi\u00e8re organisation professionnelle de France en nombre d&rsquo;adh\u00e9rents (62 000 entreprises).<\/p>\n\n\n\n<p>Elle repr\u00e9sente \u00e0 ce titre&nbsp;:<\/p>\n\n\n\n<ul><li>512 000 entreprises, soit 96 % des entreprises du b\u00e2timent, employant entre 1 et 10 salari\u00e9s<\/li><li>570 000 salari\u00e9s, soit 45 % des salari\u00e9s dont 14 % de femmes<\/li><li>60 000 apprentis form\u00e9s dans le b\u00e2timent<\/li><li>Presque la moiti\u00e9 du chiffre d&rsquo;affaires du b\u00e2timent (47 %)<\/li><\/ul>\n","protected":false},"excerpt":{"rendered":"<p>Paris, le 4 d\u00e9cembre 2025 \u2013 \u00c0 la suite d&rsquo;une large consultation qui a re\u00e7u plus de 5 000 r\u00e9ponses d&rsquo;artisans du b\u00e2timent adh\u00e9rents \u00e0 la CAPEB sur MaPrimeR\u00e9nov&rsquo; et la REP PMCB, la CAPEB alerte sur une situation devenue critique pour les entreprises artisanales. Les r\u00e9sultats mettent en \u00e9vidence un m\u00e9contentement profond, aliment\u00e9 par [&hellip;]<\/p>\n","protected":false},"author":41,"featured_media":48434,"comment_status":"open","ping_status":"open","sticky":true,"template":"","format":"standard","meta":{"spay_email":""},"categories":[4,471,50,108,2257],"tags":[],"jetpack_featured_media_url":"https:\/\/i0.wp.com\/batimedianews.com\/live\/wp-content\/uploads\/2025\/12\/CAPEB.jpg?fit=1513%2C825&ssl=1","jetpack_sharing_enabled":true,"jetpack_likes_enabled":true,"jetpack-related-posts":[{"id":22993,"url":"https:\/\/batimedianews.com\/live\/index.php\/2022\/09\/14\/la-capeb-iris-st-et-knauf-renouvellent-leur-partenariat-afin-daccelerer-la-renovation-energetique-et-sensibiliser-les-professionnels-du-batiment-aux-risques-sur-les-chantiers\/","url_meta":{"origin":48433,"position":0},"title":"La CAPEB, IRIS-ST et KNAUF renouvellent leur partenariat afin d&rsquo;acc\u00e9l\u00e9rer la r\u00e9novation \u00e9nerg\u00e9tique et sensibiliser les professionnels du b\u00e2timent aux risques sur les chantiers","date":"14 septembre 2022","format":false,"excerpt":"#B\u00e2timent \/ #Partenariat \/ #Formation \/ #Isolation \/ #R\u00e9novationEnerg\u00e9tique Paris, le 8 septembre 2022 \u2013 La Conf\u00e9d\u00e9ration de l'Artisanat et des Petites Entreprises du B\u00e2timent (CAPEB), via sa filiale B\u00e9ranger D\u00e9veloppement, l'Institut de Recherche et d'Innovation sur la Sant\u00e9 et la s\u00e9curit\u00e9 au Travail (IRIS-ST), et KNAUF, leader des produits\u2026","rel":"","context":"Dans &quot;Actualit\u00e9 Entreprises&quot;","img":{"alt_text":"","src":"https:\/\/i2.wp.com\/batimedianews.com\/live\/wp-content\/uploads\/2022\/09\/CAPEB-Article.jpg?fit=1080%2C1080&ssl=1&resize=350%2C200","width":350,"height":200},"classes":[]},{"id":43333,"url":"https:\/\/batimedianews.com\/live\/index.php\/2025\/03\/03\/la-capeb-unikalo-beranger-developpement-et-iris-st-unissent-leurs-forces-pour-accompagner-les-artisans-peintres\/","url_meta":{"origin":48433,"position":1},"title":"La CAPEB, UNIKALO, BERANGER D\u00c9VELOPPEMENT et IRIS-ST unissent leurs forces pour accompagner les artisans peintres","date":"3 mars 2025","format":false,"excerpt":"Paris, le 26\u00a0f\u00e9vrier 2025 \u2013 La CAPEB, UNIKALO, BERANGER D\u00c9VELOPPEMENT et l'Institut de Recherche et d'Innovation sur la Sant\u00e9 et la S\u00e9curit\u00e9 au Travail (IRIS-ST) annoncent la signature d'un accord de partenariat ambitieux pour accompagner les entreprises artisanales du b\u00e2timent, et plus particuli\u00e8rement les peintres et les professionnels du rev\u00eatement\u2026","rel":"","context":"Dans &quot;Actualit\u00e9 Entreprises&quot;","img":{"alt_text":"","src":"https:\/\/i1.wp.com\/batimedianews.com\/live\/wp-content\/uploads\/2025\/03\/CAPEB-articles-.jpg?fit=825%2C825&ssl=1&resize=350%2C200","width":350,"height":200},"classes":[]},{"id":16675,"url":"https:\/\/batimedianews.com\/live\/index.php\/2022\/03\/03\/la-capeb-et-rockwool-renouvellent-leur-partenariat-pour-accompagner-les-entreprises-artisanales-du-batiment-sur-les-enjeux-defficacite-energetique\/","url_meta":{"origin":48433,"position":2},"title":"La CAPEB et ROCKWOOL renouvellent leur partenariat pour accompagner les entreprises artisanales du b\u00e2timent sur les enjeux d&rsquo;efficacit\u00e9 \u00e9nerg\u00e9tique","date":"3 mars 2022","format":false,"excerpt":"Paris, le 17 f\u00e9vrier 2022 \u2013 La Conf\u00e9d\u00e9ration de l'Artisanat et des Petites Entreprises du B\u00e2timent (CAPEB), via sa filiale B\u00e9ranger D\u00e9veloppement, et\u00a0ROCKWOOL,\u00a0leader mondial de l'isolation en laine de roche, renouvellent leur partenariat afin d'acc\u00e9l\u00e9rer la mont\u00e9e en puissance des entreprises du b\u00e2timent sur les enjeux de r\u00e9novation \u00e9nerg\u00e9tique des\u2026","rel":"","context":"Dans &quot;Actualit\u00e9 Entreprises&quot;","img":{"alt_text":"","src":"https:\/\/i2.wp.com\/batimedianews.com\/live\/wp-content\/uploads\/2022\/02\/CAPEB_Rockwool-Article.jpg?fit=512%2C512&ssl=1&resize=350%2C200","width":350,"height":200},"classes":[]},{"id":19073,"url":"https:\/\/batimedianews.com\/live\/index.php\/2022\/04\/15\/recyclage-et-la-valorisation-des-dechets-inertes-du-btp-la-capeb-normandie-et-lunicem-normandie-signent-une-convention-de-partenariat\/","url_meta":{"origin":48433,"position":3},"title":"Recyclage et la valorisation des d\u00e9chets inertes du BTP &#8211; La CAPEB Normandie et l\u2019UNICEM Normandie signent une convention de partenariat","date":"15 avril 2022","format":false,"excerpt":"\u00a0Mercredi 6 avril 2022 \u2013 Dans le cadre de la conf\u00e9rence \u00e9conomique CERC Normandie.\u00a0 Dans le cadre des ambitions du gouvernement en mati\u00e8re d\u2019\u00e9conomie circulaire et afin d'am\u00e9liorer encore le niveau de valorisation des d\u00e9chets du b\u00e2timent en Normandie, l\u2019UNICEM Normandie et la CAPEB Normandie s\u2019engagent et signent une convention\u2026","rel":"","context":"Dans &quot;Actualit\u00e9 Entreprises&quot;","img":{"alt_text":"","src":"https:\/\/i2.wp.com\/batimedianews.com\/live\/wp-content\/uploads\/2022\/04\/CAPEB_UNICEM-Article.jpg?fit=1080%2C1080&ssl=1&resize=350%2C200","width":350,"height":200},"classes":[]},{"id":17365,"url":"https:\/\/batimedianews.com\/live\/index.php\/2022\/03\/16\/la-capeb-et-tereva-renouvellent-leur-partenariat-pour-accompagner-les-entreprises-artisanales-du-batiment-dans-leurs-travaux-de-renovation-energetique\/","url_meta":{"origin":48433,"position":4},"title":"La CAPEB et T\u00e9r\u00e9va renouvellent leur partenariat pour accompagner les entreprises artisanales du b\u00e2timent dans leurs travaux de r\u00e9novation \u00e9nerg\u00e9tique","date":"16 mars 2022","format":false,"excerpt":"Paris, le 3 mars 2022 \u2013 La Conf\u00e9d\u00e9ration de l'Artisanat et des Petites Entreprises du B\u00e2timent (CAPEB), via sa filiale B\u00e9ranger D\u00e9veloppement, et T\u00e9r\u00e9va,\u00a0filiale \u00e0 100\u00a0% du Groupe Martin\u00a0Belaysoud, sp\u00e9cialis\u00e9e dans la distribution de produits aux professionnels en sanitaire, plomberie, g\u00e9nie climatique, \u00e9lectricit\u00e9 et outillage, ont renouvel\u00e9 leur partenariat afin\u2026","rel":"","context":"Dans &quot;Actualit\u00e9 Entreprises&quot;","img":{"alt_text":"","src":"https:\/\/i1.wp.com\/batimedianews.com\/live\/wp-content\/uploads\/2022\/03\/CAPEB-Article.jpg?fit=512%2C512&ssl=1&resize=350%2C200","width":350,"height":200},"classes":[]},{"id":15726,"url":"https:\/\/batimedianews.com\/live\/index.php\/2022\/02\/08\/la-capeb-et-kinedo-sassocient-pour-promouvoir-des-technologies-sanitaires-innovantes-aupres-des-entreprises-artisanales-du-btp\/","url_meta":{"origin":48433,"position":5},"title":"La CAPEB et KINEDO s&rsquo;associent pour promouvoir des technologies sanitaires innovantes aupr\u00e8s des entreprises artisanales du BTP","date":"8 f\u00e9vrier 2022","format":false,"excerpt":"Paris, le 1er\u00a0f\u00e9vrier 2022\u00a0\u2013LaConf\u00e9d\u00e9ration de l'Artisanat et des Petites Entreprises du B\u00e2timent\u00a0(CAPEB),\u00a0via sa filiale B\u00e9ranger D\u00e9veloppement, et\u00a0KINEDO\u00a0Aqua production\u00a0(Groupe SFA),\u00a0leader majeur dans la fabrication de douches et am\u00e9nagements de la salle de bains, ont sign\u00e9 un partenariat pour accompagner les entreprises artisanales du b\u00e2timent dans la promotion de solutions de salle\u2026","rel":"","context":"Dans &quot;Actualit\u00e9 Entreprises&quot;","img":{"alt_text":"","src":"https:\/\/i0.wp.com\/batimedianews.com\/live\/wp-content\/uploads\/2022\/02\/CAPEB_Kinedo-Article.jpg?fit=512%2C512&ssl=1&resize=350%2C200","width":350,"height":200},"classes":[]}],"_links":{"self":[{"href":"https:\/\/batimedianews.com\/live\/index.php\/wp-json\/wp\/v2\/posts\/48433"}],"collection":[{"href":"https:\/\/batimedianews.com\/live\/index.php\/wp-json\/wp\/v2\/posts"}],"about":[{"href":"https:\/\/batimedianews.com\/live\/index.php\/wp-json\/wp\/v2\/types\/post"}],"author":[{"embeddable":true,"href":"https:\/\/batimedianews.com\/live\/index.php\/wp-json\/wp\/v2\/users\/41"}],"replies":[{"embeddable":true,"href":"https:\/\/batimedianews.com\/live\/index.php\/wp-json\/wp\/v2\/comments?post=48433"}],"version-history":[{"count":2,"href":"https:\/\/batimedianews.com\/live\/index.php\/wp-json\/wp\/v2\/posts\/48433\/revisions"}],"predecessor-version":[{"id":48505,"href":"https:\/\/batimedianews.com\/live\/index.php\/wp-json\/wp\/v2\/posts\/48433\/revisions\/48505"}],"wp:featuredmedia":[{"embeddable":true,"href":"https:\/\/batimedianews.com\/live\/index.php\/wp-json\/wp\/v2\/media\/48434"}],"wp:attachment":[{"href":"https:\/\/batimedianews.com\/live\/index.php\/wp-json\/wp\/v2\/media?parent=48433"}],"wp:term":[{"taxonomy":"category","embeddable":true,"href":"https:\/\/batimedianews.com\/live\/index.php\/wp-json\/wp\/v2\/categories?post=48433"},{"taxonomy":"post_tag","embeddable":true,"href":"https:\/\/batimedianews.com\/live\/index.php\/wp-json\/wp\/v2\/tags?post=48433"}],"curies":[{"name":"wp","href":"https:\/\/api.w.org\/{rel}","templated":true}]}}