{"id":48436,"date":"2025-12-15T10:23:45","date_gmt":"2025-12-15T09:23:45","guid":{"rendered":"http:\/\/batimedianews.com\/live\/?p=48436"},"modified":"2025-12-15T10:23:48","modified_gmt":"2025-12-15T09:23:48","slug":"tellier-brise-soleil-etoffe-sa-gamme-de-grilles-de-ventilation-et-daccessoires-pour-pouvoir-mieux-repondre-a-toutes-les-exigences","status":"publish","type":"post","link":"https:\/\/batimedianews.com\/live\/index.php\/2025\/12\/15\/tellier-brise-soleil-etoffe-sa-gamme-de-grilles-de-ventilation-et-daccessoires-pour-pouvoir-mieux-repondre-a-toutes-les-exigences\/","title":{"rendered":"TELLIER BRISE-SOLEIL \u00e9toffe sa gamme de grilles de ventilation et d\u2019accessoires pour pouvoir mieux r\u00e9pondre \u00e0 toutes les exigences"},"content":{"rendered":"\n<div class=\"wp-block-media-text alignwide is-stacked-on-mobile\" style=\"grid-template-columns:40% auto\"><figure class=\"wp-block-media-text__media\"><img loading=\"lazy\" width=\"618\" height=\"358\" src=\"https:\/\/i0.wp.com\/batimedianews.com\/live\/wp-content\/uploads\/2025\/12\/image-60.png?resize=618%2C358\" alt=\"\" class=\"wp-image-48438 size-full\" srcset=\"https:\/\/i0.wp.com\/batimedianews.com\/live\/wp-content\/uploads\/2025\/12\/image-60.png?w=618&amp;ssl=1 618w, https:\/\/i0.wp.com\/batimedianews.com\/live\/wp-content\/uploads\/2025\/12\/image-60.png?resize=768%2C444&amp;ssl=1 768w, https:\/\/i0.wp.com\/batimedianews.com\/live\/wp-content\/uploads\/2025\/12\/image-60.png?resize=432%2C250&amp;ssl=1 432w, https:\/\/i0.wp.com\/batimedianews.com\/live\/wp-content\/uploads\/2025\/12\/image-60.png?resize=396%2C229&amp;ssl=1 396w\" sizes=\"(max-width: 600px) 91vw, (max-width: 900px) 600px, (max-width: 1060px) 50vw, (max-width: 1200px) 520px, (max-width: 1400px) 43vw, 600px\" data-recalc-dims=\"1\" \/><\/figure><div class=\"wp-block-media-text__content\">\n<div class=\"wp-block-group has-background\" style=\"background-color:#2148ab\"><div class=\"wp-block-group__inner-container\">\n<p class=\"has-text-align-justify has-sm-light-primary-color has-text-color\"><strong>TELLIER BRISE-SOLEIL<\/strong>, fabricant fran\u00e7ais sp\u00e9cialis\u00e9 dans la protection solaire des b\u00e2timents (r\u00e9sidentiels, tertiaires, publics, etc.) pour le confort d\u2019\u00e9t\u00e9, con\u00e7oit et fabrique \u00e9galement des grilles de ventilation. Toutes les lames de la gamme Fa\u00e7ad\u2019Ligne, au coeur de cette innovation, ont \u00e9t\u00e9 soumises \u00e0 des tests rigoureux de r\u00e9sistance \u00e0 l\u2019eau et au vent, validant leur usage en conditions r\u00e9elles d\u2019exposition.<\/p>\n\n\n\n<p class=\"has-text-align-justify has-sm-light-primary-color has-text-color\">Cette \u00e9volution s\u2019accompagne d\u2019une <strong>mont\u00e9e en pr\u00e9cision technique<\/strong> avec d\u00e9sormais <strong>six mod\u00e8les de grilles<\/strong> (GRM20, GRM34, GRM34GD, GRM50, GRM60, GRM70), avec une diversit\u00e9 de lames extrud\u00e9es, des types de pose adapt\u00e9s \u00e0 tous les chantiers et une offre d\u2019accessoires personnalisables.<\/p>\n\n\n\n<p class=\"has-text-align-justify has-sm-light-primary-color has-text-color\">Avec cette nouvelle gamme, <strong>TELLIER BRISE-SOLEIL<\/strong> r\u00e9affirme sa volont\u00e9 de r\u00e9pondre \u00e0 l\u2019ensemble des besoins li\u00e9s \u00e0 la ventilation naturelle du b\u00e2timent, tout en poursuivant l\u2019enrichissement de son offre technique \u00e0 travers la publication de son catalogue 2025.<\/p>\n<\/div><\/div>\n<\/div><\/div>\n\n\n\n<p class=\"has-text-color\" style=\"color:#2148ab;font-size:30px\"><strong>Une gamme issue de l\u2019expertise Fa\u00e7ad\u2019Ligne<\/strong><\/p>\n\n\n\n<p class=\"has-text-align-justify\">Les 13 lames de la gamme <strong>Fa\u00e7ad\u2019Ligne<\/strong> ont \u00e9t\u00e9 caract\u00e9ris\u00e9es selon la norme EN13030, permettant un double usage en bardage \u00e0 ventelles, pour l\u2019habillage des fa\u00e7ades sur de grandes dimensions, et en grilles de ventilation, pour amener l\u2019air frais \u00e0 l\u2019int\u00e9rieur des b\u00e2timents sur des fa\u00e7ades r\u00e9duites.<\/p>\n\n\n\n<p class=\"has-text-align-justify\">La gamme de grilles de ventilation, compos\u00e9es en aluminium 6060 T6, extrud\u00e9 (N573-3), se compose de six mod\u00e8les :<\/p>\n\n\n\n<ul><li><strong>GRM20 (lames FL200)<\/strong> : mod\u00e8le avec lame en forme \u00ab chevron \u00bb offrant une protection renforc\u00e9e contre les infiltrations d\u2019eau et l\u2019introduction d\u2019objets. Solution id\u00e9ale pour les locaux techniques et les armoires \u00e9lectriques,<\/li><\/ul>\n\n\n\n<ul><li><strong>GRM34 (lames FL340)<\/strong> : mod\u00e8le phare, <strong>compact et polyvalent<\/strong>,<\/li><li><strong>GRM34GD (lames FL340)<\/strong> : \u00e9volution du mod\u00e8le GRM34 offrant un<strong> passage d\u2019air optimis\u00e9<\/strong> pour les zones \u00e0 plus forte exigence a\u00e9raulique, permis gr\u00e2ce \u00e0 une am\u00e9lioration du syst\u00e8me de pose,<\/li><li><strong>GRM50 (lames FL500)<\/strong> : compromis entre <strong>d\u00e9bit d&rsquo;air<\/strong> et <strong>gabarit de lame,<\/strong><\/li><li>GRM60 (lames FL600) : cette grille se compose des lames les plus plates de la gamme Fa\u00e7ad\u2019Ligne, offrant <strong>le meilleur ratio de passage d\u2019air<\/strong>. Nouveaut\u00e9 en 2025 \u00e9galement, <strong>la GRM60 est d\u00e9sormais disponible avec 2 types de pose : en encastrement et en feuillure<\/strong>,<\/li><li>GRM70 (lames FL700) : plus grand mod\u00e8le de la gamme actuelle, id\u00e9al pour des b\u00e2timents n\u00e9cessitant de <strong>tr\u00e8s forts d\u00e9bits de ventilation.<\/strong><\/li><\/ul>\n\n\n\n<div class=\"wp-block-media-text alignwide has-media-on-the-right is-stacked-on-mobile\" style=\"grid-template-columns:auto 18%\"><figure class=\"wp-block-media-text__media\"><img loading=\"lazy\" width=\"370\" height=\"522\" src=\"https:\/\/i2.wp.com\/batimedianews.com\/live\/wp-content\/uploads\/2025\/12\/image-61.png?resize=370%2C522\" alt=\"\" class=\"wp-image-48439 size-full\" srcset=\"https:\/\/i2.wp.com\/batimedianews.com\/live\/wp-content\/uploads\/2025\/12\/image-61.png?w=370&amp;ssl=1 370w, https:\/\/i2.wp.com\/batimedianews.com\/live\/wp-content\/uploads\/2025\/12\/image-61.png?resize=768%2C1083&amp;ssl=1 768w\" sizes=\"(max-width: 600px) 91vw, (max-width: 900px) 600px, (max-width: 1060px) 50vw, (max-width: 1200px) 520px, (max-width: 1400px) 43vw, 600px\" data-recalc-dims=\"1\" \/><\/figure><div class=\"wp-block-media-text__content\">\n<p class=\"has-text-align-justify\">Toutes les lames de la gamme ont \u00e9t\u00e9 <strong>soumises aux tests par l\u2019organisme fran\u00e7ais CSTB<\/strong> pour veiller au <strong>respect de la norme EN13030<\/strong>, qui sp\u00e9cifie une m\u00e9thode permettant de mesurer la performance de rejet d\u2019eau de la grille d\u2019air ext\u00e9rieure soumise aux pressions de la pluie et du vent. Ainsi, le protocole de  tests a permis de certifier la qualit\u00e9 d\u2019\u00e9tanch\u00e9it\u00e9 des grilles de ventilation, r\u00e9pondant avec brio au test consistant \u00e0 soumettre une projection d\u2019eau de 75 litres par heure sur une grille d\u20191m\u00b2, et \u00e0 celui de r\u00e9sister \u00e0 une vitesse de vent ext\u00e9rieure de 13 m\u00e8tres par seconde.<\/p>\n<\/div><\/div>\n\n\n\n<p class=\"has-text-color\" style=\"color:#2148ab;font-size:30px\"><strong>Des options pour tous les environnements<\/strong><\/p>\n\n\n\n<p class=\"has-text-align-justify\">Ces grilles se d\u00e9clinent en <strong>quatre types de cadres<\/strong> adapt\u00e9es aux contraintes de pose, en applique, en encastrement, en feuillure et en tunnel.<\/p>\n\n\n\n<p class=\"has-text-align-justify\">Les grilles sont <strong>fabriqu\u00e9es sur-mesure<\/strong> au site industriel de Chemill\u00e9-en-Anjou (49), puis livr\u00e9es mont\u00e9es et pr\u00eates \u00e0 poser, et des options sont possibles pour r\u00e9pondre \u00e0 des besoins sp\u00e9cifiques :<\/p>\n\n\n\n<ul><li><strong>Grillages anti-rongeurs ou anti-volatiles<\/strong> en acier galvanis\u00e9 ou inox,<\/li><li><strong>Moustiquaires<\/strong> en fibre de verre et en inox,<\/li><li><strong>Profil r\u00e9cup\u00e9rateur d\u2019eau<\/strong> (hors GRM20), pour optimiser l\u2019\u00e9vacuation de l\u2019eau recueillie sur la moustiquaire, renfor\u00e7ant ainsi l\u2019imperm\u00e9abilit\u00e9 de la grille,<\/li><li><strong>Doguets de fixation<\/strong>, propos\u00e9s pour la pose en encastrement sur les mod\u00e8les GRM34, GRM34GD et GRM60.<\/li><\/ul>\n\n\n\n<div class=\"wp-block-media-text alignwide is-stacked-on-mobile\" style=\"grid-template-columns:22% auto\"><figure class=\"wp-block-media-text__media\"><img loading=\"lazy\" width=\"518\" height=\"596\" src=\"https:\/\/i2.wp.com\/batimedianews.com\/live\/wp-content\/uploads\/2025\/12\/image-62.png?resize=518%2C596\" alt=\"\" class=\"wp-image-48453 size-full\" srcset=\"https:\/\/i2.wp.com\/batimedianews.com\/live\/wp-content\/uploads\/2025\/12\/image-62.png?w=518&amp;ssl=1 518w, https:\/\/i2.wp.com\/batimedianews.com\/live\/wp-content\/uploads\/2025\/12\/image-62.png?resize=768%2C883&amp;ssl=1 768w, https:\/\/i2.wp.com\/batimedianews.com\/live\/wp-content\/uploads\/2025\/12\/image-62.png?resize=432%2C497&amp;ssl=1 432w, https:\/\/i2.wp.com\/batimedianews.com\/live\/wp-content\/uploads\/2025\/12\/image-62.png?resize=396%2C456&amp;ssl=1 396w\" sizes=\"(max-width: 600px) 91vw, (max-width: 900px) 600px, (max-width: 1060px) 50vw, (max-width: 1200px) 520px, (max-width: 1400px) 43vw, 600px\" data-recalc-dims=\"1\" \/><\/figure><div class=\"wp-block-media-text__content\">\n<p class=\"has-text-align-justify\">Les grilles sont prot\u00e9g\u00e9es par un <strong>thermolaquage<\/strong> (suivant nuancier RAL) ou par <strong>anodisation finition naturelle (autre finition sur demande)<\/strong>. Ces diff\u00e9rents traitements de surface ont obtenu les <strong>certificats de qualit\u00e9 les plus exigeants dans l\u2019UE<\/strong> : Qualicoat\u00ae, Qualid\u00e9co\u00ae, Qualimarine\u00ae pour le thermolaquage et Qualanod\u00ae pour l\u2019anodisation.<\/p>\n\n\n\n<p class=\"has-small-font-size\"><em>Les 4 diff\u00e9rents types de pose<\/em><\/p>\n<\/div><\/div>\n\n\n\n<p class=\"has-text-align-center has-text-color\" style=\"color:#2148ab\"><strong>\u00c0 PROPOS DE TELLIER BRISE-SOLEIL<\/strong><\/p>\n\n\n\n<div class=\"wp-block-group\"><div class=\"wp-block-group__inner-container\">\n<div class=\"wp-block-group has-sm-light-primary-color has-text-color has-background\" style=\"background-color:#2148ab\"><div class=\"wp-block-group__inner-container\">\n<p class=\"has-text-align-justify\">Bas\u00e9 \u00e0 Chemill\u00e9-en-Anjou (49), <strong>TELLIER BRISE-SOLEIL<\/strong>, labellis\u00e9 La French Fab, est un industriel fran\u00e7ais sp\u00e9cialis\u00e9 dans les solutions de protection solaire, d\u2019habillage des fa\u00e7ades, d\u2019occultation et de ventilation. Avec 19 ann\u00e9es d\u2019exp\u00e9rience et plus de 1 000 chantiers r\u00e9alis\u00e9s, TELLIER BRISESOLEIL a d\u00e9velopp\u00e9 une v\u00e9ritable expertise et des comp\u00e9tences reconnues dans la conception et la fabrication de brise-soleil fixes ou orientables, de lames d\u2019habillage de fa\u00e7ade, de bardages \u00e0 ventelles, de grilles de ventilation et de volets coulissants. Le fabricant accompagne ses clients \u00e0 chaque \u00e9tape de leur projet (\u00e9tude de faisabilit\u00e9, note de calcul&#8230;) avec une prestation \u201dsur mesure\u201d pour une bonne ex\u00e9cution de leur chantier depuis la conception jusqu\u2019\u00e0 la livraison des produits \u201cpr\u00eat-\u00e0-poser\u201d. En octobre 2018, TELLIER BRISE-SOLEIL a rejoint le Groupe ADEXSI, leader en France du d\u00e9senfumage et de la gestion \u00e9nerg\u00e9tique naturelle.<\/p>\n\n\n\n<p><strong>LES CHIFFRES CL\u00c9S<\/strong><\/p>\n\n\n\n<ul><li>1 site industriel de 5 600 m2 \u00e0 Chemill\u00e9-en-Anjou (49)<\/li><li>36 collaborateurs<\/li><li>6 responsables de prescription sur le terrain<\/li><li>150 r\u00e9f\u00e9rences de profils extrud\u00e9s<\/li><li>12 M\u20ac CA en 2024<\/li><\/ul>\n<\/div><\/div>\n\n\n\n<figure class=\"wp-block-image size-full\"><img loading=\"lazy\" width=\"720\" height=\"428\" src=\"https:\/\/i1.wp.com\/batimedianews.com\/live\/wp-content\/uploads\/2025\/12\/image-63.png?resize=720%2C428\" alt=\"\" class=\"wp-image-48454\" srcset=\"https:\/\/i1.wp.com\/batimedianews.com\/live\/wp-content\/uploads\/2025\/12\/image-63.png?w=1682&amp;ssl=1 1682w, https:\/\/i1.wp.com\/batimedianews.com\/live\/wp-content\/uploads\/2025\/12\/image-63.png?resize=768%2C456&amp;ssl=1 768w, https:\/\/i1.wp.com\/batimedianews.com\/live\/wp-content\/uploads\/2025\/12\/image-63.png?resize=432%2C257&amp;ssl=1 432w, https:\/\/i1.wp.com\/batimedianews.com\/live\/wp-content\/uploads\/2025\/12\/image-63.png?resize=396%2C235&amp;ssl=1 396w, https:\/\/i1.wp.com\/batimedianews.com\/live\/wp-content\/uploads\/2025\/12\/image-63.png?resize=1120%2C666&amp;ssl=1 1120w, https:\/\/i1.wp.com\/batimedianews.com\/live\/wp-content\/uploads\/2025\/12\/image-63.png?resize=660%2C392&amp;ssl=1 660w, https:\/\/i1.wp.com\/batimedianews.com\/live\/wp-content\/uploads\/2025\/12\/image-63.png?w=1440 1440w\" sizes=\"(max-width: 600px) 91vw, (max-width: 900px) 600px, (max-width: 1060px) 50vw, (max-width: 1200px) 520px, (max-width: 1400px) 43vw, 600px\" data-recalc-dims=\"1\" \/><\/figure>\n\n\n\n<p><\/p>\n<\/div><\/div>\n","protected":false},"excerpt":{"rendered":"<p>Une gamme issue de l\u2019expertise Fa\u00e7ad\u2019Ligne Les 13 lames de la gamme Fa\u00e7ad\u2019Ligne ont \u00e9t\u00e9 caract\u00e9ris\u00e9es selon la norme EN13030, permettant un double usage en bardage \u00e0 ventelles, pour l\u2019habillage des fa\u00e7ades sur de grandes dimensions, et en grilles de ventilation, pour amener l\u2019air frais \u00e0 l\u2019int\u00e9rieur des b\u00e2timents sur des fa\u00e7ades r\u00e9duites. La gamme [&hellip;]<\/p>\n","protected":false},"author":41,"featured_media":48455,"comment_status":"open","ping_status":"open","sticky":true,"template":"","format":"standard","meta":{"spay_email":""},"categories":[4,528,64,134],"tags":[],"jetpack_featured_media_url":"https:\/\/i1.wp.com\/batimedianews.com\/live\/wp-content\/uploads\/2025\/12\/Tellier.jpg?fit=1513%2C825&ssl=1","jetpack_sharing_enabled":true,"jetpack_likes_enabled":true,"jetpack-related-posts":[{"id":29697,"url":"https:\/\/batimedianews.com\/live\/index.php\/2023\/06\/27\/rapport-dessais-du-cstb-pour-les-grilles-de-ventilation-et-les-bardages-a-ventelles-de-la-gamme-facadligne\/","url_meta":{"origin":48436,"position":0},"title":"Rapport d&rsquo;essais du CSTB pour les grilles de ventilation et les bardages \u00e0 ventelles de la gamme  fa\u00e7ad&rsquo;ligne","date":"27 juin 2023","format":false,"excerpt":"Fabricant Fran\u00e7ais sp\u00e9cialis\u00e9 dans la protection solaire des b\u00e2timents (r\u00e9sidentiels, tertiaires, publics, etc.) pour le confort d\u2019\u00e9t\u00e9, TELLIER BRISE-SOLEIL vient d\u2019obtenir les donn\u00e9es des essais effectu\u00e9s au Centre Scientifique et Technique du B\u00e2timent (CSTB) pour sa gamme de grilles de ventilation et de bardages \u00e0 ventelles FA\u00c7AD\u2019LIGNE. Selon leurs capacit\u00e9s\u2026","rel":"","context":"Dans &quot;Actualit\u00e9 Entreprises&quot;","img":{"alt_text":"","src":"https:\/\/i2.wp.com\/batimedianews.com\/live\/wp-content\/uploads\/2023\/06\/Tellier-Article.jpg?fit=1080%2C1080&ssl=1&resize=350%2C200","width":350,"height":200},"classes":[]},{"id":45501,"url":"https:\/\/batimedianews.com\/live\/index.php\/2025\/06\/24\/avec-sa-nouvelle-gamme-australe-de-volets-pliants-coulissants-tellier-brise-soleil-repond-aux-contraintes-de-vent-et-de-grandes-hauteurs-sur-le-chantier-npru-a-reims-51\/","url_meta":{"origin":48436,"position":1},"title":"Avec sa nouvelle gamme australe de volets pliants coulissants, TELLIER Brise-Soleil r\u00e9pond aux contraintes de vent et de grandes hauteurs sur le chantier NPRU \u00e0 REIMS (51)","date":"24 juin 2025","format":false,"excerpt":"Dans le cadre de la r\u00e9habilitation de 120 logements du quartier Orgeval, op\u00e9r\u00e9e par Reims Habitat et ses partenaires dans le cadre du Nouveau Programme de Renouvellement Urbain (NPRU), TELLIER BRISE-SOLEIL a \u00e9t\u00e9 retenu pour la fourniture de ses volets pliants coulissants AUSTRALE. Con\u00e7ue pour les fa\u00e7ades expos\u00e9es au vent\u2026","rel":"","context":"Dans &quot;Actualit\u00e9 Entreprises&quot;","img":{"alt_text":"","src":"https:\/\/i0.wp.com\/batimedianews.com\/live\/wp-content\/uploads\/2025\/06\/TellierBriseSoleil.jpg?fit=825%2C825&ssl=1&resize=350%2C200","width":350,"height":200},"classes":[]},{"id":445,"url":"https:\/\/batimedianews.com\/live\/index.php\/2018\/10\/23\/adexsi-annonce-lacquisition-de-tellier-brise-soleil\/","url_meta":{"origin":48436,"position":2},"title":"Adexsi annonce l&#039;acquisition de Tellier Brise-Soleil","date":"23 octobre 2018","format":false,"excerpt":"Le GROUPE ADEXSI, sp\u00e9cialiste fran\u00e7ais du d\u00e9senfumage et de la gestion \u00e9nerg\u00e9tique naturelle, dont le si\u00e8ge social est bas\u00e9 \u00e0 Luynes (37) annonce l\u2019acquisition de TELLIER BRISE-SOLEIL, une soci\u00e9t\u00e9 qui fabrique et commercialise une large gamme de brise-soleil fixes et orientables, de lames d\u00e9coratives pour la fa\u00e7ade, de bardage \u00e0\u2026","rel":"","context":"Dans &quot;Actualit\u00e9 Entreprises&quot;","img":{"alt_text":"","src":"https:\/\/i1.wp.com\/batimedianews.com\/live\/wp-content\/uploads\/2018\/10\/adexsi.jpg?fit=784%2C784&ssl=1&resize=350%2C200","width":350,"height":200},"classes":[]},{"id":13542,"url":"https:\/\/batimedianews.com\/live\/index.php\/2021\/11\/03\/730-lames-fixes-en-aluminium-rectiligne-de-tellier-brise-soleil-rythment-et-animent-les-facades-du-nouveau-campus-orange-tolosa-a-balma-31\/","url_meta":{"origin":48436,"position":3},"title":"730 LAMES FIXES EN ALUMINIUM RECTI\u2019LIGNE DE TELLIER BRISE-SOLEIL RYTHMENT ET ANIMENT LES FA\u00c7ADES DU NOUVEAU CAMPUS ORANGE TOLOSA \u00c0 BALMA (31)","date":"3 novembre 2021","format":false,"excerpt":"\u00a0Le campus Orange Tolosa \u00e0 Balma (31) se compose de 4 b\u00e2timents tertiaires \u00e9quip\u00e9s de brise-soleil RECTI\u2019LIGNE de TELLIER BRISE-SOLEIL, un restaurant et un parking silo. \u00ae Kevin DOLMAIRE \/ TELLIER BRISE-SOLEIL. \u00a0Livr\u00e9 en d\u00e9but d\u2019ann\u00e9e 2021, le nouvel ensemble de bureaux \u201cCampus Orange Tolosa\u201d qui se compose de 4\u2026","rel":"","context":"Dans &quot;Actualit\u00e9 Entreprises&quot;","img":{"alt_text":"","src":"https:\/\/i1.wp.com\/batimedianews.com\/live\/wp-content\/uploads\/2021\/11\/Tellier-Article.jpg?fit=512%2C512&ssl=1&resize=350%2C200","width":350,"height":200},"classes":[]},{"id":6685,"url":"https:\/\/batimedianews.com\/live\/index.php\/2020\/11\/21\/tellier-brise-soleil-et-bluetek-integrent-la-materiautheque-campus-archimaterial-pour-accompagner-les-etudiants-en-architecture\/","url_meta":{"origin":48436,"position":4},"title":"TELLIER BRISE SOLEIL ET BLUETEK INT\u00c8GRENT LA MAT\u00c9RIAUTH\u00c8QUE CAMPUS ARCHIMATERIAL POUR ACCOMPAGNER LES \u00c9TUDIANTS EN ARCHITECTURE","date":"21 novembre 2020","format":false,"excerpt":"TELLIER BRISE-SOLEIL, sp\u00e9cialis\u00e9e dans la conception et la fabrication de brise-soleil, d\u2019habillages de fa\u00e7ades, de bardages \u00e0 ventelles et de volets, et BLUETEK, leader fran\u00e7ais du d\u00e9senfumage naturel et de l\u2019\u00e9clairement z\u00e9nithal, toutes deux soci\u00e9t\u00e9s du Groupe ADEXSI, participent \u00e0 la mat\u00e9riauth\u00e8que Campus Archimaterial pour accompagner les \u00e9tudiants en architecture\u2026","rel":"","context":"Dans &quot;Actualit\u00e9 Entreprises&quot;","img":{"alt_text":"","src":"https:\/\/i2.wp.com\/batimedianews.com\/live\/wp-content\/uploads\/2020\/11\/image-68.png?fit=748%2C400&ssl=1&resize=350%2C200","width":350,"height":200},"classes":[]},{"id":2737,"url":"https:\/\/batimedianews.com\/live\/index.php\/2019\/09\/18\/tellier-brise-soleil-les-innovations-a-batimat-2019\/","url_meta":{"origin":48436,"position":5},"title":"Tellier Brise-Soleil &#8211; les innovations \u00e0 Batimat 2019","date":"18 septembre 2019","format":false,"excerpt":"CONFORT THERMIQUE ET GESTION DES APPORTS SOLAIRES : LES INNOVATIONS DE TELLIER BRISE SOLEIL SE DEVOILENT A BATIMAT 2019 TELLIER BRISE-SOLEIL, soci\u00e9t\u00e9 du Groupe ADEXSI, sp\u00e9cialis\u00e9e dans la conception et la fabrication de brise-soleil, d\u2019habillages de fa\u00e7ades, de bardages \u00e0 ventelles et de volets, sera pr\u00e9sente au salon Batimat, du\u2026","rel":"","context":"Dans &quot;Actualit\u00e9 Entreprises&quot;","img":{"alt_text":"","src":"https:\/\/i2.wp.com\/batimedianews.com\/live\/wp-content\/uploads\/2019\/09\/tellier2image.jpg?fit=833%2C833&ssl=1&resize=350%2C200","width":350,"height":200},"classes":[]}],"_links":{"self":[{"href":"https:\/\/batimedianews.com\/live\/index.php\/wp-json\/wp\/v2\/posts\/48436"}],"collection":[{"href":"https:\/\/batimedianews.com\/live\/index.php\/wp-json\/wp\/v2\/posts"}],"about":[{"href":"https:\/\/batimedianews.com\/live\/index.php\/wp-json\/wp\/v2\/types\/post"}],"author":[{"embeddable":true,"href":"https:\/\/batimedianews.com\/live\/index.php\/wp-json\/wp\/v2\/users\/41"}],"replies":[{"embeddable":true,"href":"https:\/\/batimedianews.com\/live\/index.php\/wp-json\/wp\/v2\/comments?post=48436"}],"version-history":[{"count":2,"href":"https:\/\/batimedianews.com\/live\/index.php\/wp-json\/wp\/v2\/posts\/48436\/revisions"}],"predecessor-version":[{"id":48503,"href":"https:\/\/batimedianews.com\/live\/index.php\/wp-json\/wp\/v2\/posts\/48436\/revisions\/48503"}],"wp:featuredmedia":[{"embeddable":true,"href":"https:\/\/batimedianews.com\/live\/index.php\/wp-json\/wp\/v2\/media\/48455"}],"wp:attachment":[{"href":"https:\/\/batimedianews.com\/live\/index.php\/wp-json\/wp\/v2\/media?parent=48436"}],"wp:term":[{"taxonomy":"category","embeddable":true,"href":"https:\/\/batimedianews.com\/live\/index.php\/wp-json\/wp\/v2\/categories?post=48436"},{"taxonomy":"post_tag","embeddable":true,"href":"https:\/\/batimedianews.com\/live\/index.php\/wp-json\/wp\/v2\/tags?post=48436"}],"curies":[{"name":"wp","href":"https:\/\/api.w.org\/{rel}","templated":true}]}}