{"id":48457,"date":"2025-12-15T10:21:22","date_gmt":"2025-12-15T09:21:22","guid":{"rendered":"http:\/\/batimedianews.com\/live\/?p=48457"},"modified":"2025-12-15T10:21:24","modified_gmt":"2025-12-15T09:21:24","slug":"edycem-devoile-sa-nouvelle-offre-complete-de-produits-valorises-issus-de-sa-plateforme-valorisation-et-granulats-a-merignac","status":"publish","type":"post","link":"https:\/\/batimedianews.com\/live\/index.php\/2025\/12\/15\/edycem-devoile-sa-nouvelle-offre-complete-de-produits-valorises-issus-de-sa-plateforme-valorisation-et-granulats-a-merignac\/","title":{"rendered":"EDYCEM d\u00e9voile sa nouvelle offre compl\u00e8te de produits valoris\u00e9s issus de sa Plateforme Valorisation Et Granulats \u00c0 M\u00e9rignac"},"content":{"rendered":"\n<p class=\"has-text-align-justify\">\u00c0 M\u00e9rignac, en p\u00e9riph\u00e9rie de Bordeaux, EDYCEM s\u2019est dot\u00e9e d\u2019une plateforme strat\u00e9gique de Valorisation et de Granulats qui lui permet d\u2019\u00eatre au plus pr\u00e8s des chantiers d\u2019un bassin dynamique. Afin de proposer une compl\u00e9mentarit\u00e9 de solutions \u00e0 ses clients tout en favorisant les circuits courts, l\u2019entreprise<strong> a structur\u00e9 et \u00e9largi son offre<\/strong>. Sa plateforme fait aujourd\u2019hui partie des <strong>rares sites \u00e0 pr\u00e9senter une offre aussi diversifi\u00e9e : terre noire cribl\u00e9e GEOVAL\u00ae et terre noire cribl\u00e9e amend\u00e9e GEOVAL+\u00ae, granulats recycl\u00e9s BETONVAL\u00ae et blocs de b\u00e9ton empilables EDYBLOCK<\/strong>. Elle fournit \u00e9galement des b\u00e9tons pr\u00eats \u00e0 l\u2019emploi \u00e0 travers sa centrale int\u00e9gr\u00e9e, et des granulats d\u00e9coratifs via le n\u00e9goce.&nbsp;<\/p>\n\n\n\n<div class=\"wp-block-media-text alignwide has-media-on-the-right is-stacked-on-mobile\" style=\"grid-template-columns:auto 36%\"><figure class=\"wp-block-media-text__media\"><img loading=\"lazy\" width=\"720\" height=\"396\" src=\"https:\/\/i0.wp.com\/batimedianews.com\/live\/wp-content\/uploads\/2025\/12\/image-64.png?resize=720%2C396\" alt=\"\" class=\"wp-image-48458 size-full\" srcset=\"https:\/\/i0.wp.com\/batimedianews.com\/live\/wp-content\/uploads\/2025\/12\/image-64.png?w=866&amp;ssl=1 866w, https:\/\/i0.wp.com\/batimedianews.com\/live\/wp-content\/uploads\/2025\/12\/image-64.png?resize=768%2C422&amp;ssl=1 768w, https:\/\/i0.wp.com\/batimedianews.com\/live\/wp-content\/uploads\/2025\/12\/image-64.png?resize=432%2C237&amp;ssl=1 432w, https:\/\/i0.wp.com\/batimedianews.com\/live\/wp-content\/uploads\/2025\/12\/image-64.png?resize=396%2C218&amp;ssl=1 396w, https:\/\/i0.wp.com\/batimedianews.com\/live\/wp-content\/uploads\/2025\/12\/image-64.png?resize=660%2C363&amp;ssl=1 660w\" sizes=\"(max-width: 600px) 91vw, (max-width: 900px) 600px, (max-width: 1060px) 50vw, (max-width: 1200px) 520px, (max-width: 1400px) 43vw, 600px\" data-recalc-dims=\"1\" \/><\/figure><div class=\"wp-block-media-text__content\">\n<p class=\"has-text-align-justify has-normal-font-size\">Issus de la d\u00e9marche d\u2019\u00e9conomie circulaire CIRCUIT+ BY EDYCEM, les produits GEOVAL\u00ae, GEOVAL+\u00ae et BETONVAL\u00ae contribuent \u00e0 <strong>r\u00e9duire l\u2019utilisation de mati\u00e8res premi\u00e8res naturelles gr\u00e2ce \u00e0 l\u2019int\u00e9gration de ressources valoris\u00e9es<\/strong>. Cette approche illustre l\u2019engagement d\u2019EDYCEM envers une <strong>production plus responsable et durable,<\/strong> d\u00e9ploy\u00e9e sur l\u2019ensemble de ses activit\u00e9s.&nbsp;<\/p>\n<\/div><\/div>\n\n\n\n<p class=\"has-text-align-justify\">La plateforme EYDCEM de M\u00e9rignac <strong>traite et valorise les retours de b\u00e9ton de ses centrales du r\u00e9seau bordelais, ainsi que les mat\u00e9riaux provenant de la d\u00e9construction des b\u00e2timents et de la voirie, et les d\u00e9blais d\u2019excavation<\/strong>.&nbsp;<\/p>\n\n\n\n<p class=\"has-text-align-justify\">Adh\u00e9rente \u00e0 l\u2019\u00e9co-organisme Ecominero, la plateforme assure une <strong>tra\u00e7abilit\u00e9 rigoureuse et un suivi qualit\u00e9 de tous les mat\u00e9riaux<\/strong> avant leur commercialisation aupr\u00e8s des n\u00e9goces, des entreprises majors, des collectivit\u00e9s, des paysagistes\u2026&nbsp;<\/p>\n\n\n\n<div class=\"wp-block-group has-sm-light-primary-color has-text-color has-background\" style=\"background-color:#043d76\"><div class=\"wp-block-group__inner-container\">\n<p class=\"has-medium-font-size\">Chiffres cl\u00e9s de la plateforme :&nbsp;<\/p>\n\n\n\n<ul><li>Acquisition en 2022 par EDYCEM&nbsp;<\/li><li>14 hectares incluant la centrale \u00e0 b\u00e9ton&nbsp;<\/li><li>9 collaborateurs (conducteurs engins, agents de bascule, agents d\u2019exploitation, responsable maintenance, chauffeurs poids lourds et directeur)&nbsp;<\/li><\/ul>\n<\/div><\/div>\n\n\n\n<p class=\"has-medium-font-size\">\u25aa Terre noire cribl\u00e9e amend\u00e9e GEOVAL+\u00ae&nbsp;<\/p>\n\n\n\n<p class=\"has-text-align-justify\">GEOVAL+\u00ae est une terre noire cribl\u00e9e amend\u00e9e de qualit\u00e9 sup\u00e9rieure, issue des d\u00e9blais d\u2019excavation de chantiers valoris\u00e9s au sein de la plateforme d\u2019EDYCEM. Elle int\u00e8gre des \u00e9l\u00e9ments organiques et min\u00e9raux (dont 5 % de compost v\u00e9g\u00e9tal) qui participent \u00e0 l\u2019am\u00e9lioration de la fertilit\u00e9 du sol. Tamis\u00e9e, elle offre une texture fine, homog\u00e8ne et l\u00e9g\u00e8re. Elle favorise \u00e9galement la structure du sol, son a\u00e9ration et la r\u00e9tention d\u2019eau.&nbsp;<\/p>\n\n\n\n<figure class=\"wp-block-image size-full\"><img loading=\"lazy\" width=\"720\" height=\"272\" src=\"https:\/\/i2.wp.com\/batimedianews.com\/live\/wp-content\/uploads\/2025\/12\/image-65.png?resize=720%2C272\" alt=\"\" class=\"wp-image-48459\" srcset=\"https:\/\/i2.wp.com\/batimedianews.com\/live\/wp-content\/uploads\/2025\/12\/image-65.png?w=1560&amp;ssl=1 1560w, https:\/\/i2.wp.com\/batimedianews.com\/live\/wp-content\/uploads\/2025\/12\/image-65.png?resize=768%2C290&amp;ssl=1 768w, https:\/\/i2.wp.com\/batimedianews.com\/live\/wp-content\/uploads\/2025\/12\/image-65.png?resize=432%2C163&amp;ssl=1 432w, https:\/\/i2.wp.com\/batimedianews.com\/live\/wp-content\/uploads\/2025\/12\/image-65.png?resize=396%2C150&amp;ssl=1 396w, https:\/\/i2.wp.com\/batimedianews.com\/live\/wp-content\/uploads\/2025\/12\/image-65.png?resize=1120%2C424&amp;ssl=1 1120w, https:\/\/i2.wp.com\/batimedianews.com\/live\/wp-content\/uploads\/2025\/12\/image-65.png?resize=660%2C250&amp;ssl=1 660w, https:\/\/i2.wp.com\/batimedianews.com\/live\/wp-content\/uploads\/2025\/12\/image-65.png?w=1440 1440w\" sizes=\"(max-width: 600px) 91vw, (max-width: 900px) 600px, (max-width: 1060px) 50vw, (max-width: 1200px) 520px, (max-width: 1400px) 43vw, 600px\" data-recalc-dims=\"1\" \/><figcaption>Cr\u00e9dit photos EDYCEM&nbsp;<\/figcaption><\/figure>\n\n\n\n<p class=\"has-text-align-justify\">Pr\u00eate \u00e0 l\u2019emploi, la terre noire cribl\u00e9e amend\u00e9e GEOVAL+\u00ae est commercialis\u00e9e en vrac et en big bag de 1 m3. Polyvalente, elle s\u2019adapte \u00e0 une grande vari\u00e9t\u00e9 de supports de culture :&nbsp;<\/p>\n\n\n\n<ul><li><strong>Am\u00e9nagement paysager<\/strong> &#8211; pour les parcs, les jardins publics et les espaces verts recherchant une esth\u00e9tique soign\u00e9e et un sol riche.&nbsp;<\/li><li><strong>Agriculture<\/strong> &#8211; pour les cultures mara\u00eech\u00e8res et les plantations fruiti\u00e8res, apportant les nutriments n\u00e9cessaires aux bonnes r\u00e9coltes.&nbsp;<\/li><li><strong>Horticulture<\/strong> &#8211; dans les serres, les p\u00e9pini\u00e8res et le jardinage urbain, favorisant un enracinement rapide et une croissance robuste des plantes.&nbsp;<\/li><li><strong>Jardinage<\/strong> &#8211; pour les parterres de fleurs, les potagers et les pelouses, garantissant une croissance saine et vigoureuse des v\u00e9g\u00e9taux.&nbsp;<\/li><\/ul>\n\n\n\n<p class=\"has-sm-light-primary-color has-text-color has-background\" style=\"background-color:#043d76\">En compl\u00e9ment de la version premium GEOVAL+\u00ae, la plateforme EDYCEM de M\u00e9rignac propose la version recycl\u00e9e classique GEOVAL\u00ae. Cette terre noire cribl\u00e9e constitue une alternative pertinente aux sols les plus indulgents.&nbsp;<\/p>\n\n\n\n<p class=\"has-medium-font-size\">\u25aa Granulats recycl\u00e9s BETONVAL\u00ae&nbsp;<\/p>\n\n\n\n<div class=\"wp-block-media-text alignwide has-media-on-the-right is-stacked-on-mobile\" style=\"grid-template-columns:auto 33%\"><figure class=\"wp-block-media-text__media\"><img loading=\"lazy\" width=\"720\" height=\"557\" src=\"https:\/\/i2.wp.com\/batimedianews.com\/live\/wp-content\/uploads\/2025\/12\/image-66.png?resize=720%2C557\" alt=\"\" class=\"wp-image-48460 size-full\" srcset=\"https:\/\/i2.wp.com\/batimedianews.com\/live\/wp-content\/uploads\/2025\/12\/image-66.png?w=752&amp;ssl=1 752w, https:\/\/i2.wp.com\/batimedianews.com\/live\/wp-content\/uploads\/2025\/12\/image-66.png?resize=768%2C594&amp;ssl=1 768w, https:\/\/i2.wp.com\/batimedianews.com\/live\/wp-content\/uploads\/2025\/12\/image-66.png?resize=432%2C334&amp;ssl=1 432w, https:\/\/i2.wp.com\/batimedianews.com\/live\/wp-content\/uploads\/2025\/12\/image-66.png?resize=396%2C306&amp;ssl=1 396w, https:\/\/i2.wp.com\/batimedianews.com\/live\/wp-content\/uploads\/2025\/12\/image-66.png?resize=660%2C511&amp;ssl=1 660w\" sizes=\"(max-width: 600px) 91vw, (max-width: 900px) 600px, (max-width: 1060px) 50vw, (max-width: 1200px) 520px, (max-width: 1400px) 43vw, 600px\" data-recalc-dims=\"1\" \/><\/figure><div class=\"wp-block-media-text__content\">\n<p class=\"has-text-align-justify has-normal-font-size\">Les granulats recycl\u00e9s BETONVAL\u00ae sont <strong>fabriqu\u00e9s \u00e0 partir des mat\u00e9riaux issus de la d\u00e9construction ainsi que des retours de b\u00e9tons des unit\u00e9s de production girondines d\u2019EDYCEM<\/strong>. Ces mat\u00e9riaux sont tri\u00e9s, concass\u00e9s puis cribl\u00e9s sur la plateforme de M\u00e9rignac. Une fois pr\u00eats, les granulats recycl\u00e9s BETONVAL\u00ae sont commercialis\u00e9s en big bag ou en vrac. Poss\u00e9dant de bonnes propri\u00e9t\u00e9s m\u00e9caniques, intrins\u00e8ques au b\u00e9ton, ils peuvent \u00eatre utilis\u00e9s dans une diversit\u00e9 de projets de construction, d\u2019infrastructure et d\u2019am\u00e9nagement tels que :&nbsp;<\/p>\n<\/div><\/div>\n\n\n\n<ul><li><strong>La voirie<\/strong> &#8211; en mat\u00e9riau sous couche pour les routes, chauss\u00e9es, parkings et trottoirs.&nbsp;<\/li><li><strong>Les am\u00e9nagements paysagers<\/strong> &#8211; mati\u00e8re pour les chemins, all\u00e9es\u2026&nbsp;<\/li><li><strong>Le b\u00e9ton pr\u00eat \u00e0 l\u2019emploi<\/strong> &#8211; r\u00e9int\u00e9gr\u00e9 dans les formulations pour de nouveaux projets.&nbsp;<\/li><\/ul>\n\n\n\n<p class=\"has-text-align-justify\">Les gisements trait\u00e9s \u00e9tant homog\u00e8nes, la plateforme EDYCEM atteint un<strong> taux de valorisation de pr\u00e8s de 100 %<\/strong>. Ce travail permet de <strong>commercialiser pr\u00e8s de 20 000 tonnes de granulats recycl\u00e9s BETONVAL\u00ae par an<\/strong>, soit autant de tonnes non enfouies et, in fine, de mati\u00e8res naturelles non extraites dans l\u2019environnement. Une solution plus responsable qui favorise l&rsquo;\u00e9conomie circulaire et locale !&nbsp;<\/p>\n\n\n\n<figure class=\"wp-block-image size-full\"><img loading=\"lazy\" width=\"720\" height=\"405\" src=\"https:\/\/i0.wp.com\/batimedianews.com\/live\/wp-content\/uploads\/2025\/12\/image-67.png?resize=720%2C405\" alt=\"\" class=\"wp-image-48461\" srcset=\"https:\/\/i0.wp.com\/batimedianews.com\/live\/wp-content\/uploads\/2025\/12\/image-67.png?w=1558&amp;ssl=1 1558w, https:\/\/i0.wp.com\/batimedianews.com\/live\/wp-content\/uploads\/2025\/12\/image-67.png?resize=768%2C431&amp;ssl=1 768w, https:\/\/i0.wp.com\/batimedianews.com\/live\/wp-content\/uploads\/2025\/12\/image-67.png?resize=432%2C243&amp;ssl=1 432w, https:\/\/i0.wp.com\/batimedianews.com\/live\/wp-content\/uploads\/2025\/12\/image-67.png?resize=396%2C223&amp;ssl=1 396w, https:\/\/i0.wp.com\/batimedianews.com\/live\/wp-content\/uploads\/2025\/12\/image-67.png?resize=1120%2C630&amp;ssl=1 1120w, https:\/\/i0.wp.com\/batimedianews.com\/live\/wp-content\/uploads\/2025\/12\/image-67.png?resize=660%2C371&amp;ssl=1 660w, https:\/\/i0.wp.com\/batimedianews.com\/live\/wp-content\/uploads\/2025\/12\/image-67.png?w=1440 1440w\" sizes=\"(max-width: 600px) 91vw, (max-width: 900px) 600px, (max-width: 1060px) 50vw, (max-width: 1200px) 520px, (max-width: 1400px) 43vw, 600px\" data-recalc-dims=\"1\" \/><figcaption>Cr\u00e9dit photo EDYCEM&nbsp;<\/figcaption><\/figure>\n\n\n\n<p class=\"has-medium-font-size\">\u25aa Bloc empilable EDYBLOC&nbsp;<\/p>\n\n\n\n<p class=\"has-text-align-justify\">EDYBLOCK est un<strong> bloc qui peut \u00eatre fabriqu\u00e9 \u00e0 partir de retour b\u00e9ton<\/strong>. Gr\u00e2ce \u00e0 la centrale et \u00e0 la zone de production pr\u00e9sentes au sein de la plateforme de M\u00e9rignac, cette gamme est fabriqu\u00e9e sur place dans <strong>quatre dimensions 60 x 60 x 60 cm (environ 500 kg), 80 x 80 x 80 cm (environ 1 tonne), 120 x 60 x 60 cm (environ 1 tonne) et 160 x 80 x 80 cm (environ 2,2 tonnes)<\/strong>. Les blocs EDYBLOCK sont empilables, assurant une rapidit\u00e9 de mise en oeuvre \u00e0 l\u2019aide d\u2019un chariot \u00e9l\u00e9vateur.&nbsp;<\/p>\n\n\n\n<p><strong>Flexible et r\u00e9utilisable<\/strong>, la gamme EDYBLOCK est destin\u00e9e \u00e0 des <strong>applications temporaires ou d\u00e9finitives <\/strong>telles que :&nbsp;<\/p>\n\n\n\n<ul><li>des d\u00e9limitations d\u2019espaces,&nbsp;<\/li><li>des agencements de plan de circulation,&nbsp;<\/li><li>des restrictions d\u2019acc\u00e8s sur routes,&nbsp;<\/li><li>des protections de chemins pi\u00e9tonniers,&nbsp;<\/li><li>des cr\u00e9ations d\u2019aires de stockage pour produits en vrac,&nbsp;<\/li><li>des zones anti-intrusion,&nbsp;<\/li><li>des supports de communication sur chantier,&nbsp;<\/li><li>etc.&nbsp;<\/li><\/ul>\n\n\n\n<figure class=\"wp-block-image size-full\"><img loading=\"lazy\" width=\"720\" height=\"380\" src=\"https:\/\/i1.wp.com\/batimedianews.com\/live\/wp-content\/uploads\/2025\/12\/image-68.png?resize=720%2C380\" alt=\"\" class=\"wp-image-48462\" srcset=\"https:\/\/i1.wp.com\/batimedianews.com\/live\/wp-content\/uploads\/2025\/12\/image-68.png?w=1558&amp;ssl=1 1558w, https:\/\/i1.wp.com\/batimedianews.com\/live\/wp-content\/uploads\/2025\/12\/image-68.png?resize=768%2C405&amp;ssl=1 768w, https:\/\/i1.wp.com\/batimedianews.com\/live\/wp-content\/uploads\/2025\/12\/image-68.png?resize=432%2C228&amp;ssl=1 432w, https:\/\/i1.wp.com\/batimedianews.com\/live\/wp-content\/uploads\/2025\/12\/image-68.png?resize=396%2C209&amp;ssl=1 396w, https:\/\/i1.wp.com\/batimedianews.com\/live\/wp-content\/uploads\/2025\/12\/image-68.png?resize=1120%2C591&amp;ssl=1 1120w, https:\/\/i1.wp.com\/batimedianews.com\/live\/wp-content\/uploads\/2025\/12\/image-68.png?resize=660%2C348&amp;ssl=1 660w, https:\/\/i1.wp.com\/batimedianews.com\/live\/wp-content\/uploads\/2025\/12\/image-68.png?w=1440 1440w\" sizes=\"(max-width: 600px) 91vw, (max-width: 900px) 600px, (max-width: 1060px) 50vw, (max-width: 1200px) 520px, (max-width: 1400px) 43vw, 600px\" data-recalc-dims=\"1\" \/><figcaption>Cr\u00e9dit photo EDYCEM&nbsp;<\/figcaption><\/figure>\n\n\n\n<div class=\"wp-block-group has-sm-light-primary-color has-text-color has-background\" style=\"background-color:#6577e2\"><div class=\"wp-block-group__inner-container\">\n<p class=\"has-small-font-size\"><strong>\u00c0 propos d\u2019EDYCEM&nbsp;<\/strong><\/p>\n\n\n\n<p class=\"has-small-font-size\">Avec 35 centrales \u00e0 B\u00e9ton Pr\u00eat \u00e0 l\u2019Emploi b\u00e9n\u00e9ficiant majoritairement du marquage NF, une plateforme de Valorisation et Granulats, et une usine de pr\u00e9fabrication industrielle, EDYCEM offre des produits alliant technicit\u00e9 et esth\u00e9tisme, et couvre un territoire qui s\u2019\u00e9tend de Rennes \u00e0 Arcachon. L\u2019entreprise affirme son attachement historique au m\u00e9tier du b\u00e9ton par son expertise et ses valeurs fondatrices que sont la culture de l\u2019innovation, la proximit\u00e9, le service client et l\u2019esprit d\u2019\u00e9quipe.&nbsp;<\/p>\n<\/div><\/div>\n","protected":false},"excerpt":{"rendered":"<p>\u00c0 M\u00e9rignac, en p\u00e9riph\u00e9rie de Bordeaux, EDYCEM s\u2019est dot\u00e9e d\u2019une plateforme strat\u00e9gique de Valorisation et de Granulats qui lui permet d\u2019\u00eatre au plus pr\u00e8s des chantiers d\u2019un bassin dynamique. Afin de proposer une compl\u00e9mentarit\u00e9 de solutions \u00e0 ses clients tout en favorisant les circuits courts, l\u2019entreprise a structur\u00e9 et \u00e9largi son offre. Sa plateforme fait [&hellip;]<\/p>\n","protected":false},"author":41,"featured_media":48463,"comment_status":"open","ping_status":"open","sticky":true,"template":"","format":"standard","meta":{"spay_email":""},"categories":[4,867,109],"tags":[],"jetpack_featured_media_url":"https:\/\/i0.wp.com\/batimedianews.com\/live\/wp-content\/uploads\/2025\/12\/Edycem.jpg?fit=1513%2C825&ssl=1","jetpack_sharing_enabled":true,"jetpack_likes_enabled":true,"jetpack-related-posts":[{"id":49207,"url":"https:\/\/batimedianews.com\/live\/index.php\/2026\/02\/09\/edycem-presente-sa-feuille-de-route-2026-des-investissements-majeurs-au-service-de-la-performance-et-de-la-transition-environnementale\/","url_meta":{"origin":48457,"position":0},"title":"EDYCEM pr\u00e9sente sa feuille de route 2026 &#8211; Des investissements majeurs au service de la performance et de la transition environnementale","date":"9 f\u00e9vrier 2026","format":false,"excerpt":"Acteur industriel de r\u00e9f\u00e9rence dans le Grand Ouest, sp\u00e9cialiste du b\u00e9ton pr\u00eat \u00e0 l\u2019emploi et des produits pr\u00e9fabriqu\u00e9s en b\u00e9ton, EDYCEM, filiale d\u2019HERIGE Industries, pr\u00e9sente sa feuille de route 2026. Inscrite dans la continuit\u00e9 de ses engagements, structur\u00e9s autour de quatre piliers fondateurs \u00ab le progr\u00e8s humain \u00bb, \u00ab l\u2019environnement\u2026","rel":"","context":"Dans &quot;Actualit\u00e9 Entreprises&quot;","img":{"alt_text":"","src":"https:\/\/i2.wp.com\/batimedianews.com\/live\/wp-content\/uploads\/2026\/02\/Edycem.jpg?fit=825%2C825&ssl=1&resize=350%2C200","width":350,"height":200},"classes":[]},{"id":43846,"url":"https:\/\/batimedianews.com\/live\/index.php\/2025\/03\/27\/edycem-deploie-un-service-et-des-outils-dedies-a-la-prescription\/","url_meta":{"origin":48457,"position":1},"title":"EDYCEM d\u00e9ploie un service et des outils d\u00e9di\u00e9s \u00e0 la prescription","date":"27 mars 2025","format":false,"excerpt":"Convaincue que les projets doivent \u00eatre trait\u00e9s d\u00e8s la phase de faisabilit\u00e9, EDYCEM s\u2019est structur\u00e9e pour r\u00e9pondre aux besoins sp\u00e9cifiques des ma\u00eetres d\u2019ouvrage, architectes, bureaux d\u2019\u00e9tudes, \u00e9conomistes\u2026 L\u2019activit\u00e9 b\u00e9ton d\u2019HERIGE Industries a ainsi mis en place une \u00e9quipe d\u00e9di\u00e9e \u00e0 la prescription. Pilot\u00e9e par B\u00e9atrice VILA, Directrice Marketing, Communication, Prescription\u2026","rel":"","context":"Dans &quot;Actualit\u00e9 Entreprises&quot;","img":{"alt_text":"","src":"https:\/\/i2.wp.com\/batimedianews.com\/live\/wp-content\/uploads\/2025\/03\/Edycem.jpg?fit=825%2C825&ssl=1&resize=350%2C200","width":350,"height":200},"classes":[]},{"id":21844,"url":"https:\/\/batimedianews.com\/live\/index.php\/2022\/07\/12\/edycem-bpe-poursuit-la-modernisation-de-ses-centrales-a-beton-lumiere-sur-la-centrale-de-challans-85\/","url_meta":{"origin":48457,"position":2},"title":"EDYCEM BPE poursuit la modernisation de ses centrales \u00e0 B\u00e9ton : lumi\u00e8re sur la centrale de Challans (85)","date":"12 juillet 2022","format":false,"excerpt":"Cr\u00e9dit photo : Charles Marion\u00a0 \u00a0Apr\u00e8s les centrales de Saintes, La Rochelle et Carbon Blanc, c\u2019est au tour du site de Challans de faire peau neuve ! Une reconstruction et une modernisation qui s\u2019inscrivent dans la lign\u00e9e de la feuille de route fix\u00e9e par Olivier Collin, Directeur G\u00e9n\u00e9ral EDYCEM :\u2026","rel":"","context":"Dans &quot;Actualit\u00e9 Entreprises&quot;","img":{"alt_text":"","src":"https:\/\/i2.wp.com\/batimedianews.com\/live\/wp-content\/uploads\/2022\/07\/EDYCEM-Article.jpg?fit=1080%2C1080&ssl=1&resize=350%2C200","width":350,"height":200},"classes":[]},{"id":50274,"url":"https:\/\/batimedianews.com\/live\/index.php\/2026\/04\/20\/beton-decoratif-lumiliss-poreux-dedycem-amenager-ses-exterieurs-tout-en-preservant-la-permeabilite-des-sols\/","url_meta":{"origin":48457,"position":3},"title":"B\u00e9ton d\u00e9coratif LUMILISS\u00ae POREUX D\u2019EDYCEM : am\u00e9nager ses ext\u00e9rieurs tout en pr\u00e9servant la perm\u00e9abilit\u00e9 des sols","date":"20 avril 2026","format":false,"excerpt":"Contrairement aux id\u00e9es re\u00e7ues, le b\u00e9ton n\u2019est pas toujours synonyme d\u2019imperm\u00e9abilit\u00e9 des sols ! Le b\u00e9ton d\u00e9coratif LUMILISS\u00ae Poreux d\u2019EDYCEM en est une illustration concr\u00e8te, r\u00e9pondant notamment aux exigences normatives des PLU dans le cadre du d\u00e9r\u00e8glement climatique. Gr\u00e2ce \u00e0 sa structure \u00ab ouverte \u00bb, il permet une infiltration directe\u2026","rel":"","context":"Dans &quot;Actualit\u00e9 Entreprises&quot;","img":{"alt_text":"","src":"https:\/\/i2.wp.com\/batimedianews.com\/live\/wp-content\/uploads\/2026\/04\/Edycem.jpg?fit=825%2C825&ssl=1&resize=350%2C200","width":350,"height":200},"classes":[]},{"id":31946,"url":"https:\/\/batimedianews.com\/live\/index.php\/2023\/10\/03\/plan-de-transformation-du-groupe-herige\/","url_meta":{"origin":48457,"position":4},"title":"Plan de transformation du groupe HERIGE","date":"3 octobre 2023","format":false,"excerpt":"\u00a0Une trajectoire climatique d\u00e9finie et valid\u00e9e,un tournant engage vers l\u2019\u00e9conomie circulaire,\u00a0une entreprise \u00ab data-centric \u00bb en devenir.\u00a0 \u00a0\u00c0 propos du Groupe HERIGE\u00a0 Fond\u00e9 en 1907 \u00e0 l'Herbergement en Vend\u00e9e, HERIGE est centr\u00e9 sur l\u2019univers du b\u00e2timent, \u00e0 travers 3 domaines d\u2019activit\u00e9 : le N\u00e9goce de mat\u00e9riaux, l\u2019industrie du B\u00e9ton et\u2026","rel":"","context":"Dans &quot;Actualit\u00e9 Entreprises&quot;","img":{"alt_text":"","src":"https:\/\/i2.wp.com\/batimedianews.com\/live\/wp-content\/uploads\/2023\/10\/Herige-articles.jpg?fit=825%2C825&ssl=1&resize=350%2C200","width":350,"height":200},"classes":[]},{"id":34191,"url":"https:\/\/batimedianews.com\/live\/index.php\/2024\/01\/10\/edycem-lance-sa-nouvelle-chape-fluide-kalkiss-hpc-une-reponse-technique-adaptee-aux-projets-classes-u4p3e3c2\/","url_meta":{"origin":48457,"position":5},"title":"EDYCEM lance sa nouvelle chape fluide KALKISS\u00ae HPC  : une r\u00e9ponse technique adapt\u00e9e aux projets classes \u00ab U4P3E3C2 \u00bb","date":"10 janvier 2024","format":false,"excerpt":"\u00a0A l\u2019\u00e9coute des besoins du terrain, EDYCEM, l\u2019activit\u00e9 b\u00e9ton du Groupe HERIGE, enrichit une nouvelle fois sa gamme de chapes fluides KALKISS\u00ae, d\u00e9j\u00e0 compos\u00e9e de trois r\u00e9f\u00e9rences* pour r\u00e9pondre au plus grand nombre d\u2019applications. La nouvelle chape fluide KALKISS\u00ae HPC est destin\u00e9e aux sols int\u00e9rieurs hors planchers chauffants.\u00a0 Sa r\u00e9sistance\u2026","rel":"","context":"Dans &quot;Actualit\u00e9 Entreprises&quot;","img":{"alt_text":"","src":"https:\/\/i2.wp.com\/batimedianews.com\/live\/wp-content\/uploads\/2024\/01\/Edycem.jpg?fit=825%2C825&ssl=1&resize=350%2C200","width":350,"height":200},"classes":[]}],"_links":{"self":[{"href":"https:\/\/batimedianews.com\/live\/index.php\/wp-json\/wp\/v2\/posts\/48457"}],"collection":[{"href":"https:\/\/batimedianews.com\/live\/index.php\/wp-json\/wp\/v2\/posts"}],"about":[{"href":"https:\/\/batimedianews.com\/live\/index.php\/wp-json\/wp\/v2\/types\/post"}],"author":[{"embeddable":true,"href":"https:\/\/batimedianews.com\/live\/index.php\/wp-json\/wp\/v2\/users\/41"}],"replies":[{"embeddable":true,"href":"https:\/\/batimedianews.com\/live\/index.php\/wp-json\/wp\/v2\/comments?post=48457"}],"version-history":[{"count":2,"href":"https:\/\/batimedianews.com\/live\/index.php\/wp-json\/wp\/v2\/posts\/48457\/revisions"}],"predecessor-version":[{"id":48501,"href":"https:\/\/batimedianews.com\/live\/index.php\/wp-json\/wp\/v2\/posts\/48457\/revisions\/48501"}],"wp:featuredmedia":[{"embeddable":true,"href":"https:\/\/batimedianews.com\/live\/index.php\/wp-json\/wp\/v2\/media\/48463"}],"wp:attachment":[{"href":"https:\/\/batimedianews.com\/live\/index.php\/wp-json\/wp\/v2\/media?parent=48457"}],"wp:term":[{"taxonomy":"category","embeddable":true,"href":"https:\/\/batimedianews.com\/live\/index.php\/wp-json\/wp\/v2\/categories?post=48457"},{"taxonomy":"post_tag","embeddable":true,"href":"https:\/\/batimedianews.com\/live\/index.php\/wp-json\/wp\/v2\/tags?post=48457"}],"curies":[{"name":"wp","href":"https:\/\/api.w.org\/{rel}","templated":true}]}}