{"id":49015,"date":"2026-03-12T10:00:49","date_gmt":"2026-03-12T09:00:49","guid":{"rendered":"http:\/\/batimedianews.com\/live\/?p=49015"},"modified":"2026-03-12T10:00:52","modified_gmt":"2026-03-12T09:00:52","slug":"coedis-et-grdf-sengagent-dans-un-partenariat-pour-accelerer-la-dynamique-de-la-pac-hybride","status":"publish","type":"post","link":"https:\/\/batimedianews.com\/live\/index.php\/2026\/03\/12\/coedis-et-grdf-sengagent-dans-un-partenariat-pour-accelerer-la-dynamique-de-la-pac-hybride\/","title":{"rendered":"COEDIS et GRDF s\u2019engagent dans un partenariat pour acc\u00e9l\u00e9rer la dynamique de la PAC hybride"},"content":{"rendered":"\n<p class=\"has-text-align-justify\"><strong>COEDIS, la F\u00e9d\u00e9ration des distributeurs d\u2019\u00e9quipements et solutions \u00e9lectriques, g\u00e9nie climatique et sanitaires, et GRDF, principal distributeur de gaz en France, annoncent la signature d\u2019une convention nationale de partenariat pour soutenir le d\u00e9veloppement des ventes de PAC hybrides en France aupr\u00e8s des particuliers et promouvoir le gaz vert.&nbsp;<\/strong><\/p>\n\n\n\n<figure class=\"wp-block-image size-full\"><img loading=\"lazy\" width=\"720\" height=\"540\" src=\"https:\/\/i0.wp.com\/batimedianews.com\/live\/wp-content\/uploads\/2026\/01\/image-148.png?resize=720%2C540\" alt=\"\" class=\"wp-image-49016\" srcset=\"https:\/\/i0.wp.com\/batimedianews.com\/live\/wp-content\/uploads\/2026\/01\/image-148.png?w=4032&amp;ssl=1 4032w, https:\/\/i0.wp.com\/batimedianews.com\/live\/wp-content\/uploads\/2026\/01\/image-148.png?resize=768%2C576&amp;ssl=1 768w, https:\/\/i0.wp.com\/batimedianews.com\/live\/wp-content\/uploads\/2026\/01\/image-148.png?resize=432%2C324&amp;ssl=1 432w, https:\/\/i0.wp.com\/batimedianews.com\/live\/wp-content\/uploads\/2026\/01\/image-148.png?resize=396%2C297&amp;ssl=1 396w, https:\/\/i0.wp.com\/batimedianews.com\/live\/wp-content\/uploads\/2026\/01\/image-148.png?resize=1120%2C840&amp;ssl=1 1120w, https:\/\/i0.wp.com\/batimedianews.com\/live\/wp-content\/uploads\/2026\/01\/image-148.png?resize=660%2C495&amp;ssl=1 660w, https:\/\/i0.wp.com\/batimedianews.com\/live\/wp-content\/uploads\/2026\/01\/image-148.png?w=1440 1440w, https:\/\/i0.wp.com\/batimedianews.com\/live\/wp-content\/uploads\/2026\/01\/image-148.png?w=2160 2160w\" sizes=\"(max-width: 600px) 91vw, (max-width: 900px) 600px, (max-width: 1060px) 50vw, (max-width: 1200px) 520px, (max-width: 1400px) 43vw, 600px\" data-recalc-dims=\"1\" \/><\/figure>\n\n\n\n<p class=\"has-medium-font-size\">&nbsp;<strong>Un partenariat structurant pour soutenir la dynamique de la PAC hybride&nbsp;<\/strong><\/p>\n\n\n\n<p class=\"has-text-align-justify\">Solution associant intelligemment une chaudi\u00e8re gaz \u00e0 tr\u00e8s haute performance \u00e9nerg\u00e9tique (THPE) et une PAC \u00e9lectrique de puissance mod\u00e9r\u00e9e, la PAC hybride est <strong>une r\u00e9ponse efficace aux enjeux de d\u00e9carbonation <\/strong>tout en garantissant la ma\u00eetrise des co\u00fbts. <strong>En 2025, les ventes de PAC hybride aupr\u00e8s des particuliers ont augment\u00e9 de 50 % <\/strong>par rapport \u00e0 l\u2019ann\u00e9e pr\u00e9c\u00e9dente, confirmant l\u2019int\u00e9r\u00eat croissant pour l\u2019hybridation des \u00e9nergies.&nbsp;<\/p>\n\n\n\n<p class=\"has-text-align-justify\">Sign\u00e9 pour une dur\u00e9e d\u2019un an, ce partenariat entre COEDIS et GRDF vise \u00e0 prolonger et amplifier cette dynamique. \u00c0 ce titre, COEDIS transmettra chaque mois \u00e0 GRDF les statistiques de ventes de mat\u00e9riels aupr\u00e8s des particuliers. GRDF participera \u00e9galement aux travaux du groupe de travail \u00ab Chauffage \u00bb de COEDIS et m\u00e8nera, en lien avec la F\u00e9d\u00e9ration, des actions de formation et de sensibilisation \u00e0 destination des \u00e9quipes commerciales des entreprises adh\u00e9rentes, autour de la PAC hybride et du gaz vert.&nbsp;<\/p>\n\n\n\n<p class=\"has-medium-font-size\">&nbsp;<strong>Le gaz vert, pilier d\u2019un mix \u00e9nerg\u00e9tique d\u00e9carbon\u00e9&nbsp;<\/strong><\/p>\n\n\n\n<p class=\"has-text-align-justify\">Le gaz vert constitue \u00e9galement un axe central de ce partenariat. Facile \u00e0 stocker, le biom\u00e9thane est une \u00e9nergie indispensable \u00e0 la France pour d\u00e9carboner son \u00e9conomie et renforcer sa souverainet\u00e9 \u00e9nerg\u00e9tique. Tous les \u00e9quipements gaz sont compatibles avec le gaz vert.&nbsp;<\/p>\n\n\n\n<p class=\"has-text-align-justify\">\u00ab <em>La PAC hybride est l\u2019une des solutions dans le cadre de la transition \u00e9nerg\u00e9tique. En s\u2019associant \u00e0 GRDF, nous faisons le choix d\u2019un partenariat utile, au service d\u2019un mix \u00e9nerg\u00e9tique coh\u00e9rent et d\u2019un accompagnement concret des professionnels sur le terrain. <\/em>\u00bb <strong>a d\u00e9clar\u00e9 Jos\u00e9 Pretot, Pr\u00e9sident de COEDIS&nbsp;<\/strong><\/p>\n\n\n\n<p class=\"has-text-align-justify\">&nbsp;<em>\u00ab En signant ce partenariat avec COEDIS, acteur majeur au plus pr\u00e8s des distributeurs professionnels de mat\u00e9riel de chauffage, GRDF r\u00e9affirme son engagement dans la d\u00e9carbonation. Cette collaboration traduit notre volont\u00e9 de sensibiliser l\u2019ensemble de la fili\u00e8re \u00e0 l\u2019importance d\u2019un mix \u00e9nerg\u00e9tique dans lequel le gaz, \u00e9nergie toujours plus verte, a toute sa place. \u00bb<\/em> <strong>a soulign\u00e9 Jean-Jacques Raidelet, directeur des March\u00e9s de GRDF.&nbsp;<\/strong><\/p>\n\n\n\n<p><strong>\u00c0 propos de GRDF&nbsp;<\/strong><\/p>\n\n\n\n<p class=\"has-text-align-justify\">GRDF est le gestionnaire du plus grand r\u00e9seau de distribution de gaz en Europe. Il exploite et entretient 207 000 km de r\u00e9seaux en garantissant la s\u00e9curit\u00e9 des personnes et des biens. GRDF est l\u2019acteur incontournable d\u2019une transition \u00e9nerg\u00e9tique abordable et ancr\u00e9e dans les territoires. Pr\u00e9sent dans plus de 9 500 communes, l\u2019entreprise est le partenaire des collectivit\u00e9s qu\u2019elle accompagne dans leur d\u00e9carbonation au travers de leurs choix de politiques \u00e9nerg\u00e9tiques et de mobilit\u00e9 durable.&nbsp;<\/p>\n\n\n\n<p class=\"has-text-align-justify\">GRDF distribue le gaz \u00e0 pr\u00e8s de 11 millions de clients pour se chauffer, cuisiner, se d\u00e9placer, quel que soit leur fournisseur. Pour chaque usage, GRDF propose des solutions pragmatiques pour r\u00e9duire l\u2019empreinte carbone de ses clients : sobri\u00e9t\u00e9, gaz vert, efficacit\u00e9 \u00e9nerg\u00e9tique et \u00e9quipements performants. L\u2019entreprise se mobilise pour atteindre 20 % de gaz verts dans les r\u00e9seaux en 2030, un objectif qui permettra au plus grand nombre de b\u00e9n\u00e9ficier d\u2019une \u00e9nergie renouvelable et produite en France.&nbsp;<\/p>\n\n\n\n<p class=\"has-text-align-justify\">GRDF est le 1er distributeur de gaz qui s\u2019inscrit dans une trajectoire de d\u00e9carbonation &#8211; tous scopes confondus et \u00e0 p\u00e9rim\u00e8tre constant &#8211; en ad\u00e9quation avec l\u2019accord de Paris.&nbsp;<\/p>\n\n\n\n<p><strong>\u00c0 propos de COEDIS&nbsp;<\/strong><\/p>\n\n\n\n<p class=\"has-text-align-justify\">COEDIS est l\u2019organisation repr\u00e9sentative de l\u2019ensemble des entreprises de la distribution professionnelle sp\u00e9cialis\u00e9e dans l\u2019approvisionnement au second oeuvre du b\u00e2timent r\u00e9sidentiel, tertiaire, industrie.&nbsp;<\/p>\n\n\n\n<p class=\"has-text-align-justify\">Ses 400 entreprises fournissent \u00e0 plus de 200 000 professionnels du b\u00e2timent les produits, services et \u00e9quipements n\u00e9cessaires \u00e0 leurs activit\u00e9s d\u2019installation, du neuf, de la r\u00e9novation, notamment en g\u00e9nie climatique, \u00e9lectricit\u00e9, sanitaire, plomberie et chauffage.&nbsp;<\/p>\n\n\n\n<p class=\"has-text-align-justify\">Avec plus de 44 000 collaborateurs et un chiffre d\u2019affaires avoisinant les 15 milliards d\u2019euros, ces distributeurs professionnels adh\u00e9rents de COEDIS assurent une pr\u00e9sence forte sur tout le territoire gr\u00e2ce \u00e0 un maillage territorial dense de plus de 4 000 points de vente.&nbsp;<\/p>\n","protected":false},"excerpt":{"rendered":"<p>COEDIS, la F\u00e9d\u00e9ration des distributeurs d\u2019\u00e9quipements et solutions \u00e9lectriques, g\u00e9nie climatique et sanitaires, et GRDF, principal distributeur de gaz en France, annoncent la signature d\u2019une convention nationale de partenariat pour soutenir le d\u00e9veloppement des ventes de PAC hybrides en France aupr\u00e8s des particuliers et promouvoir le gaz vert.&nbsp; &nbsp;Un partenariat structurant pour soutenir la dynamique [&hellip;]<\/p>\n","protected":false},"author":41,"featured_media":49017,"comment_status":"open","ping_status":"open","sticky":true,"template":"","format":"standard","meta":{"spay_email":""},"categories":[4,866,99],"tags":[],"jetpack_featured_media_url":"https:\/\/i2.wp.com\/batimedianews.com\/live\/wp-content\/uploads\/2026\/01\/GRDF-1.jpg?fit=1444%2C788&ssl=1","jetpack_sharing_enabled":true,"jetpack_likes_enabled":true,"jetpack-related-posts":[{"id":25521,"url":"https:\/\/batimedianews.com\/live\/index.php\/2023\/01\/31\/nouveau-partenariat-entre-lumgccp-et-grdf-equipements-gaz-et-gaz-verts-le-duo-gagnant-pour-decarboner-le-secteur-du-logement\/","url_meta":{"origin":49015,"position":0},"title":"Nouveau partenariat entre l\u2019UMGCCP et GRDF : \u00e9quipements gaz et gaz verts, le duo gagnant pour d\u00e9carboner le secteur du logement","date":"31 janvier 2023","format":false,"excerpt":"Pascal Housset, pr\u00e9sident de l\u2019union des m\u00e9tiers du g\u00e9nie climatique, de la couverture et de la plomberie (UMGCCP) et Laurence Poirier-Dietz, directrice g\u00e9n\u00e9rale de GRDF, renouvellent leur engagement visant \u00e0 promouvoir l\u2019usage du gaz et des gaz verts dans les logements, en construction neuve comme en r\u00e9novation. L\u2019UMGCCP, Union M\u00e9tiers\u2026","rel":"","context":"Dans &quot;Actualit\u00e9 Entreprises&quot;","img":{"alt_text":"","src":"https:\/\/i0.wp.com\/batimedianews.com\/live\/wp-content\/uploads\/2023\/01\/GRDF-Article.jpg?fit=1080%2C1080&ssl=1&resize=350%2C200","width":350,"height":200},"classes":[]},{"id":38931,"url":"https:\/\/batimedianews.com\/live\/index.php\/2024\/07\/15\/premiere-en-france-chaufferie-hybride-gaz-en-logements-collectifs\/","url_meta":{"origin":49015,"position":1},"title":"Premi\u00e8re en France : chaufferie hybride gaz en logements collectifs","date":"15 juillet 2024","format":false,"excerpt":"\u00a0Le 18 juin \u00e0 Miramas (Bouches-du-Rh\u00f4ne), Cogedim a inaugur\u00e9 la r\u00e9sidence de 88 logements collectifs \u00e9quip\u00e9e d\u2019une chaufferie hybride. Cette solution innovante, mise en \u0153uvre pour la premi\u00e8re fois dans le logement collectif neuf, associe deux pompes \u00e0 chaleur \u00e9lectriques (PAC) et deux chaudi\u00e8res gaz \u00e0 tr\u00e8s haute performance \u00e9nerg\u00e9tique\u2026","rel":"","context":"Dans &quot;Actualit\u00e9 Entreprises&quot;","img":{"alt_text":"","src":"https:\/\/i2.wp.com\/batimedianews.com\/live\/wp-content\/uploads\/2024\/07\/GRDF-articles-.jpg?fit=825%2C825&ssl=1&resize=350%2C200","width":350,"height":200},"classes":[]},{"id":14257,"url":"https:\/\/batimedianews.com\/live\/index.php\/2021\/12\/07\/maisons-individuelles-les-solutions-gaz-font-le-pari-de-lhybridation\/","url_meta":{"origin":49015,"position":2},"title":"maisons individuelles: les solutions gaz font le pari de l&rsquo;hybridation","date":"7 d\u00e9cembre 2021","format":false,"excerpt":"Combiner les atouts du gaz et de l'\u00e9lectricit\u00e9, une solution pertinente pour d\u00e9carbonater le logement La nouvelle r\u00e9glementation environnementale des b\u00e2timents neufs, la RE2020, entrera en vigueur au 1er janvier 2022. Modernes et performantes, les solutions hybrides fonctionnant avec du gaz r\u00e9pondent aux exigences de cette r\u00e8glementation qui a \u00e9t\u00e9\u2026","rel":"","context":"Dans &quot;Actualit\u00e9 Entreprises&quot;","img":{"alt_text":"","src":"https:\/\/i1.wp.com\/batimedianews.com\/live\/wp-content\/uploads\/2021\/12\/GRDF-Article.jpg?fit=512%2C512&ssl=1&resize=350%2C200","width":350,"height":200},"classes":[]},{"id":27430,"url":"https:\/\/batimedianews.com\/live\/index.php\/2023\/04\/04\/le-gaz-une-atout-majeur-pour-decarboner-leconomie-francaise\/","url_meta":{"origin":49015,"position":3},"title":"Le gaz, une atout majeur pour d\u00e9carboner l&rsquo;\u00e9conomie fran\u00e7aise","date":"4 avril 2023","format":false,"excerpt":"D'ici \u00e0 2030, d\u00e9carboner efficacement passe par plus de gaz et de gaz verts en usage direct aux c\u00f4t\u00e9s des autres \u00e9nergies renouvelables. C'est autour de cette th\u00e9matique que Laurence Poirier-Dietz, directrice g\u00e9n\u00e9rale de GRDF, a tenu sa conf\u00e9rence de presse annuelle. Une analyse, reposant sur des solutions concr\u00e8tes par\u2026","rel":"","context":"Dans &quot;Actualit\u00e9 Entreprises&quot;","img":{"alt_text":"","src":"https:\/\/i0.wp.com\/batimedianews.com\/live\/wp-content\/uploads\/2023\/03\/GRDF-Article.jpg?fit=1080%2C1080&ssl=1&resize=350%2C200","width":350,"height":200},"classes":[]},{"id":47239,"url":"https:\/\/batimedianews.com\/live\/index.php\/2025\/10\/03\/conserver-sa-chaudiere-gaz-ou-fioul-avec-les-pompes-a-chaleur-air-eau-hybrides-bosch-home-comfort\/","url_meta":{"origin":49015,"position":4},"title":"Conserver sa chaudi\u00e8re gaz ou fioul avec les pompes \u00e0 chaleur air\/eau hybrides Bosch Home Comfort","date":"3 octobre 2025","format":false,"excerpt":"\u00a0Zoom sur la solution Compress Hybrid 2000 AWF\u00a0 Face\u00a0\u00a0\u00e0 la hausse du prix des \u00e9nergies et aux r\u00e9glementations environnementales de plus en plus exigeantes, les particuliers cherchent \u00e0 \u00e9quiper leur habitat de solutions de chauffage davantage \u00e9conomiques et durables. Pour \u00e9viter une r\u00e9novation compl\u00e8te co\u00fbteuse et synonyme de travaux lourds,\u2026","rel":"","context":"Dans &quot;Actualit\u00e9 Entreprises&quot;","img":{"alt_text":"","src":"https:\/\/i1.wp.com\/batimedianews.com\/live\/wp-content\/uploads\/2025\/10\/Bosch.jpg?fit=825%2C825&ssl=1&resize=350%2C200","width":350,"height":200},"classes":[]},{"id":16089,"url":"https:\/\/batimedianews.com\/live\/index.php\/2022\/02\/16\/les-auralpins-et-le-gaz-vert-resultats-de-letude-menee-aupres-de-2-000-habitants-de-la-region-auvergne-rhone-alpes\/","url_meta":{"origin":49015,"position":5},"title":"Les Auralpins et le Gaz Vert : R\u00e9sultats de l\u2019\u00e9tude men\u00e9e aupr\u00e8s de 2 000 habitants de la r\u00e9gion Auvergne-Rh\u00f4ne-Alpes","date":"16 f\u00e9vrier 2022","format":false,"excerpt":"Pr\u00e9sentation de GRDF et GRDF en r\u00e9gion AuRA Principal gestionnaire de r\u00e9seau de distribution de gaz en France, GRDF distribue, chaque jour, le gaz \u00e0 plus de 11 millions de clients pour se chauffer, cuisiner, se d\u00e9placer, quel que soit leur fournisseur. Pour cela, conform\u00e9ment \u00e0 ses missions de service\u2026","rel":"","context":"Dans &quot;Actualit\u00e9 Entreprises&quot;","img":{"alt_text":"","src":"https:\/\/i0.wp.com\/batimedianews.com\/live\/wp-content\/uploads\/2022\/02\/GRDF-Article.jpg?fit=512%2C512&ssl=1&resize=350%2C200","width":350,"height":200},"classes":[]}],"_links":{"self":[{"href":"https:\/\/batimedianews.com\/live\/index.php\/wp-json\/wp\/v2\/posts\/49015"}],"collection":[{"href":"https:\/\/batimedianews.com\/live\/index.php\/wp-json\/wp\/v2\/posts"}],"about":[{"href":"https:\/\/batimedianews.com\/live\/index.php\/wp-json\/wp\/v2\/types\/post"}],"author":[{"embeddable":true,"href":"https:\/\/batimedianews.com\/live\/index.php\/wp-json\/wp\/v2\/users\/41"}],"replies":[{"embeddable":true,"href":"https:\/\/batimedianews.com\/live\/index.php\/wp-json\/wp\/v2\/comments?post=49015"}],"version-history":[{"count":2,"href":"https:\/\/batimedianews.com\/live\/index.php\/wp-json\/wp\/v2\/posts\/49015\/revisions"}],"predecessor-version":[{"id":49608,"href":"https:\/\/batimedianews.com\/live\/index.php\/wp-json\/wp\/v2\/posts\/49015\/revisions\/49608"}],"wp:featuredmedia":[{"embeddable":true,"href":"https:\/\/batimedianews.com\/live\/index.php\/wp-json\/wp\/v2\/media\/49017"}],"wp:attachment":[{"href":"https:\/\/batimedianews.com\/live\/index.php\/wp-json\/wp\/v2\/media?parent=49015"}],"wp:term":[{"taxonomy":"category","embeddable":true,"href":"https:\/\/batimedianews.com\/live\/index.php\/wp-json\/wp\/v2\/categories?post=49015"},{"taxonomy":"post_tag","embeddable":true,"href":"https:\/\/batimedianews.com\/live\/index.php\/wp-json\/wp\/v2\/tags?post=49015"}],"curies":[{"name":"wp","href":"https:\/\/api.w.org\/{rel}","templated":true}]}}