{"id":49079,"date":"2026-01-28T09:34:44","date_gmt":"2026-01-28T08:34:44","guid":{"rendered":"http:\/\/batimedianews.com\/live\/?p=49079"},"modified":"2026-01-28T09:34:47","modified_gmt":"2026-01-28T08:34:47","slug":"enquete-ipsos-bva-pour-daikin","status":"publish","type":"post","link":"https:\/\/batimedianews.com\/live\/index.php\/2026\/01\/28\/enquete-ipsos-bva-pour-daikin\/","title":{"rendered":"Enqu\u00eate Ipsos bva pour Daikin"},"content":{"rendered":"\n<figure class=\"wp-block-image size-full\"><img loading=\"lazy\" width=\"720\" height=\"405\" src=\"https:\/\/i2.wp.com\/batimedianews.com\/live\/wp-content\/uploads\/2026\/01\/image-185.png?resize=720%2C405\" alt=\"\" class=\"wp-image-49080\" srcset=\"https:\/\/i2.wp.com\/batimedianews.com\/live\/wp-content\/uploads\/2026\/01\/image-185.png?w=1814&amp;ssl=1 1814w, https:\/\/i2.wp.com\/batimedianews.com\/live\/wp-content\/uploads\/2026\/01\/image-185.png?resize=768%2C431&amp;ssl=1 768w, https:\/\/i2.wp.com\/batimedianews.com\/live\/wp-content\/uploads\/2026\/01\/image-185.png?resize=432%2C243&amp;ssl=1 432w, https:\/\/i2.wp.com\/batimedianews.com\/live\/wp-content\/uploads\/2026\/01\/image-185.png?resize=396%2C223&amp;ssl=1 396w, https:\/\/i2.wp.com\/batimedianews.com\/live\/wp-content\/uploads\/2026\/01\/image-185.png?resize=1120%2C630&amp;ssl=1 1120w, https:\/\/i2.wp.com\/batimedianews.com\/live\/wp-content\/uploads\/2026\/01\/image-185.png?resize=660%2C371&amp;ssl=1 660w, https:\/\/i2.wp.com\/batimedianews.com\/live\/wp-content\/uploads\/2026\/01\/image-185.png?w=1440 1440w\" sizes=\"(max-width: 600px) 91vw, (max-width: 900px) 600px, (max-width: 1060px) 50vw, (max-width: 1200px) 520px, (max-width: 1400px) 43vw, 600px\" data-recalc-dims=\"1\" \/><\/figure>\n\n\n\n<p class=\"has-text-color\" style=\"color:#01aff9\"><strong>\u00ab Les Fran\u00e7ais et la pr\u00e9carit\u00e9 \u00e9nerg\u00e9tique. Etat des lieux, arbitrages et leviers \u00bb.<\/strong><\/p>\n\n\n\n<p class=\"has-text-color\" style=\"color:#02aef8;font-size:30px\"><strong>Pr\u00e9carit\u00e9 \u00e9nerg\u00e9tique : un \u00e9tat des lieux alarmant qui impose d\u2019agir vite.<\/strong><\/p>\n\n\n\n<p class=\"has-text-align-justify\">Des temp\u00e9ratures glaciales ont \u00e9t\u00e9 mesur\u00e9es en France en fin d\u2019ann\u00e9e 2025 jusqu\u2019\u00e0 d\u00e9but janvier.<\/p>\n\n\n\n<p class=\"has-text-align-justify\">Les Fran\u00e7ais ont ainsi v\u00e9cu le No\u00ebl le plus froid depuis quinze ans selon les m\u00e9t\u00e9orologues.<\/p>\n\n\n\n<p class=\"has-text-align-justify\">En parall\u00e8le, depuis ces derni\u00e8res ann\u00e9es, le march\u00e9 du chauffage subit de plein fouet les effets n\u00e9gatifs de la fluctuation des prix de l\u2019\u00e9nergie.<\/p>\n\n\n\n<p class=\"has-text-align-justify\">Depuis la disparition du bouclier tarifaire, les prix des \u00e9nergies ont fortement augment\u00e9, repr\u00e9sentant une part non n\u00e9gligeable des d\u00e9penses des Fran\u00e7ais et pesant chaque jour davantage en cette saison hivernale. Bien qu\u2019une certaine stagnation de ces prix soit observ\u00e9e en 2025, le risque de volatilit\u00e9 de ses prix demeure, au regard du contexte \u00e9conomique, climatique et g\u00e9opolitique.<\/p>\n\n\n\n<p class=\"has-text-align-justify\">Daikin France, acteur de r\u00e9f\u00e9rence sur le march\u00e9 du g\u00e9nie climatique, a souhait\u00e9 recueillir l\u2019opinion des Fran\u00e7ais sur leurs habitudes de consommation en chauffage et en climatisation afin de mesurer l\u2019impact sur leur comportement et leur ressenti en mati\u00e8re de pr\u00e9carit\u00e9 \u00e9nerg\u00e9tique.<\/p>\n\n\n\n<p class=\"has-text-align-justify\">Cette \u00e9tude, confi\u00e9e \u00e0 l\u2019institut Ipsos bva, a \u00e9t\u00e9 administr\u00e9e en novembre 2025 aupr\u00e8s de <strong>1 000 personnes<\/strong> \u00e2g\u00e9es de 18 ans et +, correspondant \u00e0 un \u00e9chantillon repr\u00e9sentatif de la population Fran\u00e7aise, au travers d\u2019un questionnaire en ligne de <strong>30 questions<\/strong>.<\/p>\n\n\n\n<p>Concernant les \u00e9quipements de chauffage des personnes sond\u00e9es :<\/p>\n\n\n\n<ul><li><strong>44 % ont indiqu\u00e9 \u00eatre \u00e9quip\u00e9es de chaudi\u00e8res<\/strong>, fonctionnant majoritairement au gaz,<\/li><li><strong>28 % <\/strong>se chauffent \u00e0 l\u2019aide de <strong>radiateurs \u00e9lectriques<\/strong> (dont 39 % de jeunes \u00e2g\u00e9s entre 18 et 30 ans),<\/li><li><strong>17 %<\/strong> disposent de <strong>pompes \u00e0 chaleur,<\/strong><\/li><li><strong>5 %<\/strong> ont fait installer des <strong>po\u00eales \u00e0 granul\u00e9s<\/strong>.<\/li><\/ul>\n\n\n\n<p class=\"has-text-align-justify\">Les r\u00e9sultats r\u00e9v\u00e8lent une inqui\u00e9tude palpable quant \u00e0 leurs consommations \u00e9nerg\u00e9tiques li\u00e9es \u00e0 leur confort thermique puisque un tiers des sond\u00e9s se consid\u00e8rent en situation de pr\u00e9carit\u00e9 \u00e9nerg\u00e9tique, et beaucoup admettent devoir rogner sur d\u2019autres d\u00e9penses, notamment alimentaires et m\u00e9dicales, pour payer leurs factures d\u2019\u00e9nergie.<\/p>\n\n\n\n<p class=\"has-text-align-justify\">Au travers de cette \u00e9tude, Daikin souhaite <strong>mettre en \u00e9vidence la r\u00e9alit\u00e9 v\u00e9cue, sensibiliser et \u00e9clairer l\u2019opinion publique<\/strong> \u00e0 l\u2019heure o\u00f9 le dispositif MaPrimeRenov\u2019 a \u00e9t\u00e9 suspendue par le gouvernement fran\u00e7ais.<\/p>\n\n\n\n<p class=\"has-text-color\" style=\"color:#01acf6;font-size:30px\">31 % des Fran\u00e7ais ont le sentiment de se trouver en situation de pr\u00e9carit\u00e9 \u00e9nerg\u00e9tique<\/p>\n\n\n\n<p class=\"has-text-align-justify\">Alors qu\u2019une r\u00e9cente enqu\u00eate men\u00e9e par l\u2019Observatoire National de la Pr\u00e9carit\u00e9 Energ\u00e9tique (ONPE) r\u00e9v\u00e8le qu\u2019en 2023 <strong>qu\u2019un peu plus de 10 % des Fran\u00e7ais se trouvent en situation de pr\u00e9carit\u00e9 \u00e9nerg\u00e9tique<\/strong>, l\u2019\u00e9tude Ipsos bva pour Daikin nous enseigne un constat bien plus alarmant. En effet, <strong>31 % des personnes sond\u00e9es ont le sentiment d\u2019\u00eatre en situation de pr\u00e9carit\u00e9 \u00e9nerg\u00e9tique<\/strong>, c\u2019est-\u00e0-dire de se retrouver en difficult\u00e9 pour se chauffer correctement \u00e0 un prix abordable. Logiquement, ce sont les personnes les plus jeunes (42 % des 18-30 ans) et ceux appartenant \u00e0 la cat\u00e9gorie CSP- (41 %) qui ressentent davantage le poids du co\u00fbt du chauffage dans leurs d\u00e9penses mensuelles.<\/p>\n\n\n\n<p class=\"has-text-align-justify\">La pr\u00e9carit\u00e9 \u00e9nerg\u00e9tique n\u2019est plus un concept lointain : elle s\u2019invite dans les foyers, dans les conversations et dans les arbitrages budg\u00e9taires de nombreux Fran\u00e7ais.<\/p>\n\n\n\n<p class=\"has-text-align-justify\">Elle oblige les Fran\u00e7ais \u00e0 s\u2019adapter quotidiennement pendant l\u2019hiver pour r\u00e9duire leurs factures de chauffage :<\/p>\n\n\n\n<ul><li><strong>Abaisser le thermostat : 54%<\/strong> le font souvent, <strong>77%<\/strong> le font a minima de fa\u00e7on occasionnelle<\/li><li><strong>Privil\u00e9gier de chauffer certaines pi\u00e8ces : 54%<\/strong> le font souvent, <strong>73%<\/strong> le font a minima de fa\u00e7on occasionnelle<\/li><li><strong>Multiplier les couches de v\u00eatements : 56%<\/strong> le font souvent, <strong>85 %<\/strong> le font a minima de fa\u00e7on occasionnelle<\/li><\/ul>\n\n\n\n<figure class=\"wp-block-image size-full\"><img loading=\"lazy\" width=\"720\" height=\"272\" src=\"https:\/\/i0.wp.com\/batimedianews.com\/live\/wp-content\/uploads\/2026\/01\/image-186.png?resize=720%2C272\" alt=\"\" class=\"wp-image-49081\" srcset=\"https:\/\/i0.wp.com\/batimedianews.com\/live\/wp-content\/uploads\/2026\/01\/image-186.png?w=1596&amp;ssl=1 1596w, https:\/\/i0.wp.com\/batimedianews.com\/live\/wp-content\/uploads\/2026\/01\/image-186.png?resize=768%2C289&amp;ssl=1 768w, https:\/\/i0.wp.com\/batimedianews.com\/live\/wp-content\/uploads\/2026\/01\/image-186.png?resize=432%2C163&amp;ssl=1 432w, https:\/\/i0.wp.com\/batimedianews.com\/live\/wp-content\/uploads\/2026\/01\/image-186.png?resize=396%2C149&amp;ssl=1 396w, https:\/\/i0.wp.com\/batimedianews.com\/live\/wp-content\/uploads\/2026\/01\/image-186.png?resize=1120%2C422&amp;ssl=1 1120w, https:\/\/i0.wp.com\/batimedianews.com\/live\/wp-content\/uploads\/2026\/01\/image-186.png?resize=660%2C249&amp;ssl=1 660w, https:\/\/i0.wp.com\/batimedianews.com\/live\/wp-content\/uploads\/2026\/01\/image-186.png?w=1440 1440w\" sizes=\"(max-width: 600px) 91vw, (max-width: 900px) 600px, (max-width: 1060px) 50vw, (max-width: 1200px) 520px, (max-width: 1400px) 43vw, 600px\" data-recalc-dims=\"1\" \/><\/figure>\n\n\n\n<p class=\"has-text-color\" style=\"color:#01b0fb;font-size:30px\">L\u2019obligation pour de nombreux Fran\u00e7ais de consentir \u00e0 des sacrifices pour pouvoir payer leurs consommations de chauffage.<\/p>\n\n\n\n<p class=\"has-text-align-justify\">Ils sont <strong>65 % \u00e0 admettre devoir r\u00e9duire au moins un poste de d\u00e9pense<\/strong> pour payer leurs factures \u00e9nerg\u00e9tiques.<\/p>\n\n\n\n<p class=\"has-text-align-justify\">S\u2019il s\u2019agit majoritairement de frais li\u00e9s \u00e0 des loisirs (44 %) et \u00e0 des vacances (37 %), certains postes plus sensibles tels que la baisse volontaire des frais d\u2019alimentation (26 %) et de sant\u00e9 (14 %) ont \u00e9galement \u00e9t\u00e9 cit\u00e9s.<\/p>\n\n\n\n<figure class=\"wp-block-image size-full\"><img loading=\"lazy\" width=\"720\" height=\"401\" src=\"https:\/\/i2.wp.com\/batimedianews.com\/live\/wp-content\/uploads\/2026\/01\/image-187.png?resize=720%2C401\" alt=\"\" class=\"wp-image-49082\" srcset=\"https:\/\/i2.wp.com\/batimedianews.com\/live\/wp-content\/uploads\/2026\/01\/image-187.png?w=1080&amp;ssl=1 1080w, https:\/\/i2.wp.com\/batimedianews.com\/live\/wp-content\/uploads\/2026\/01\/image-187.png?resize=768%2C428&amp;ssl=1 768w, https:\/\/i2.wp.com\/batimedianews.com\/live\/wp-content\/uploads\/2026\/01\/image-187.png?resize=432%2C241&amp;ssl=1 432w, https:\/\/i2.wp.com\/batimedianews.com\/live\/wp-content\/uploads\/2026\/01\/image-187.png?resize=396%2C221&amp;ssl=1 396w, https:\/\/i2.wp.com\/batimedianews.com\/live\/wp-content\/uploads\/2026\/01\/image-187.png?resize=660%2C368&amp;ssl=1 660w\" sizes=\"(max-width: 600px) 91vw, (max-width: 900px) 600px, (max-width: 1060px) 50vw, (max-width: 1200px) 520px, (max-width: 1400px) 43vw, 600px\" data-recalc-dims=\"1\" \/><\/figure>\n\n\n\n<p class=\"has-text-color\" style=\"color:#02b0fb;font-size:30px\">Pour 85 % du panel, bien se chauffer constitue un luxe<\/p>\n\n\n\n<p class=\"has-text-align-justify\">Les Fran\u00e7ais estiment que la capacit\u00e9 \u00e0 se chauffer confortablement n\u2019est pas offerte \u00e0 tous. L\u2019augmentation des prix de l\u2019\u00e9nergie est devenue telle qu\u2019elle pr\u00e9sente un impact notable sur le niveau de vie des Fran\u00e7ais. <strong>49 % du panel confirme une augmentation de leur facture de chauffage<\/strong> au cours de l\u2019hiver 2024 comparativement \u00e0 l\u2019hiver 2023 et ils sont 41 % \u00e0 signaler <strong>une facture \u00e9gale ou sup\u00e9rieure \u00e0 150 \u20ac \/ mois<\/strong>.<\/p>\n\n\n\n<p class=\"has-text-align-justify\"><strong>59 % des personnes interrog\u00e9es ressentent m\u00eame de l\u2019inqui\u00e9tude \u00e0 la r\u00e9ception de leurs factures \u00e9nerg\u00e9tiques<\/strong> et <strong>15 %<\/strong> admettent avoir des difficult\u00e9s pour r\u00e9gler leurs factures \u00e9nerg\u00e9tiques.<\/p>\n\n\n\n<p class=\"has-text-align-justify\">Ce constat est surtout partag\u00e9 par des femmes, les jeunes adultes, les personnes locataires d\u2019une habitation et les cat\u00e9gories CSP\u2013.<\/p>\n\n\n\n<figure class=\"wp-block-image size-full\"><img loading=\"lazy\" width=\"720\" height=\"275\" src=\"https:\/\/i2.wp.com\/batimedianews.com\/live\/wp-content\/uploads\/2026\/01\/image-188.png?resize=720%2C275\" alt=\"\" class=\"wp-image-49083\" srcset=\"https:\/\/i2.wp.com\/batimedianews.com\/live\/wp-content\/uploads\/2026\/01\/image-188.png?w=1578&amp;ssl=1 1578w, https:\/\/i2.wp.com\/batimedianews.com\/live\/wp-content\/uploads\/2026\/01\/image-188.png?resize=768%2C292&amp;ssl=1 768w, https:\/\/i2.wp.com\/batimedianews.com\/live\/wp-content\/uploads\/2026\/01\/image-188.png?resize=432%2C165&amp;ssl=1 432w, https:\/\/i2.wp.com\/batimedianews.com\/live\/wp-content\/uploads\/2026\/01\/image-188.png?resize=396%2C151&amp;ssl=1 396w, https:\/\/i2.wp.com\/batimedianews.com\/live\/wp-content\/uploads\/2026\/01\/image-188.png?resize=1120%2C427&amp;ssl=1 1120w, https:\/\/i2.wp.com\/batimedianews.com\/live\/wp-content\/uploads\/2026\/01\/image-188.png?resize=660%2C252&amp;ssl=1 660w, https:\/\/i2.wp.com\/batimedianews.com\/live\/wp-content\/uploads\/2026\/01\/image-188.png?w=1440 1440w\" sizes=\"(max-width: 600px) 91vw, (max-width: 900px) 600px, (max-width: 1060px) 50vw, (max-width: 1200px) 520px, (max-width: 1400px) 43vw, 600px\" data-recalc-dims=\"1\" \/><\/figure>\n\n\n\n<p class=\"has-text-color\" style=\"color:#02aef8;font-size:30px\">Le froid a des cons\u00e9quences n\u00e9gatives sur la sant\u00e9, la vie sociale et le moral des Fran\u00e7ais.<\/p>\n\n\n\n<p><strong>74 %<\/strong> des sond\u00e9s reconnaissent que <strong>le froid impacte la qualit\u00e9 de leur sommeil,<\/strong> avec des difficult\u00e9s d\u2019endormissement notamment, g\u00e9n\u00e9rant de la fatigue voire de l\u2019\u00e9puisement dans la journ\u00e9e (74 %).<\/p>\n\n\n\n<p>Le froid entra\u00eene aussi d\u2019autres d\u00e9sagr\u00e9ments sur leur bien-\u00eatre et leur vie sociale\/professionnelle, notamment :<\/p>\n\n\n\n<ul><li><strong>72 %<\/strong> peuvent se sentir <strong>plus facilement irritables<\/strong>,<\/li><li><strong>70 %<\/strong> sont <strong>plus sensibles aux maladies<\/strong> (rhumes\/bronchites),<\/li><li><strong>65 %<\/strong> \u00e9prouvent <strong>des douleurs musculaires plus fr\u00e9quentes<\/strong> (genoux, dos),<\/li><li><strong>42 % <\/strong>indiquent que <strong>le froid pr\u00e9sente au moins un aspect n\u00e9gatif sur leur vie<\/strong><ul><li><strong>+ 38 % sur leur vie sociale<\/strong> avec les items suivants : j\u2019ai moins d\u2019invit\u00e9s chez moi \u2013 j\u2019ai moins vu mes proches \u2013 mes invit\u00e9s m\u2019ont indiqu\u00e9 avoir froid chez moi.<\/li><li>+ Parmi ceux qui disposent de t\u00e9l\u00e9travail (base de 29 % de personnes interrog\u00e9es), <strong>15 % ont accru leur pr\u00e9sence au travail pour profiter de temp\u00e9ratures plus confortables pendant l\u2019hiver et 11 % ont diminu\u00e9 leur temps de travail \u00e0 domicile pour faire des \u00e9conomies sur leurs d\u00e9penses \u00e9nerg\u00e9tiques.<\/strong><\/li><\/ul><\/li><\/ul>\n\n\n\n<figure class=\"wp-block-image size-full\"><img loading=\"lazy\" width=\"720\" height=\"498\" src=\"https:\/\/i1.wp.com\/batimedianews.com\/live\/wp-content\/uploads\/2026\/01\/image-189.png?resize=720%2C498\" alt=\"\" class=\"wp-image-49084\" srcset=\"https:\/\/i1.wp.com\/batimedianews.com\/live\/wp-content\/uploads\/2026\/01\/image-189.png?w=1644&amp;ssl=1 1644w, https:\/\/i1.wp.com\/batimedianews.com\/live\/wp-content\/uploads\/2026\/01\/image-189.png?resize=768%2C531&amp;ssl=1 768w, https:\/\/i1.wp.com\/batimedianews.com\/live\/wp-content\/uploads\/2026\/01\/image-189.png?resize=432%2C299&amp;ssl=1 432w, https:\/\/i1.wp.com\/batimedianews.com\/live\/wp-content\/uploads\/2026\/01\/image-189.png?resize=396%2C274&amp;ssl=1 396w, https:\/\/i1.wp.com\/batimedianews.com\/live\/wp-content\/uploads\/2026\/01\/image-189.png?resize=1120%2C775&amp;ssl=1 1120w, https:\/\/i1.wp.com\/batimedianews.com\/live\/wp-content\/uploads\/2026\/01\/image-189.png?resize=660%2C457&amp;ssl=1 660w, https:\/\/i1.wp.com\/batimedianews.com\/live\/wp-content\/uploads\/2026\/01\/image-189.png?w=1440 1440w\" sizes=\"(max-width: 600px) 91vw, (max-width: 900px) 600px, (max-width: 1060px) 50vw, (max-width: 1200px) 520px, (max-width: 1400px) 43vw, 600px\" data-recalc-dims=\"1\" \/><\/figure>\n\n\n\n<p class=\"has-text-color\" style=\"color:#02acf4;font-size:30px\">Les travaux \u00e9nerg\u00e9tiques s\u2019inscrivent dans les priorit\u00e9s des Fran\u00e7ais<\/p>\n\n\n\n<p class=\"has-text-align-justify\">A la question concernant la r\u00e9alisation de travaux \u00e9nerg\u00e9tiques, <strong>61 % des personnes sond\u00e9es ont d\u00e9clar\u00e9 avoir lanc\u00e9 au moins une cat\u00e9gorie de travaux<\/strong> destin\u00e9s \u00e0 am\u00e9liorer la performance de leur habitation (majoritairement les 60-75 ans \u00e0 71 %). Dans ce cadre, le remplacement du syst\u00e8me de chauffage et\/ou d\u2019eau chaude sanitaire arrive en seconde place des r\u00e9ponses les plus donn\u00e9es <strong>(30 %)<\/strong>, derri\u00e8re le changement des fen\u00eatres <strong>(34 %)<\/strong>.<\/p>\n\n\n\n<p>Ils sont <strong>35 % \u00e0 envisager des travaux \u00e9nerg\u00e9tiques \u00e0 l\u2019horizon trois ans<\/strong>, concernant au moins un type de travaux : changement du syst\u00e8me de chauffage et\/ou eau chaude sanitaire <strong>(11 %)<\/strong>, isolation des murs <strong>(10 %)<\/strong>, remplacement des fen\u00eatres <strong>(9 %)<\/strong>.<\/p>\n\n\n\n<div class=\"wp-block-image\"><figure class=\"aligncenter size-full is-resized\"><img loading=\"lazy\" src=\"https:\/\/i1.wp.com\/batimedianews.com\/live\/wp-content\/uploads\/2026\/01\/image-190.png?resize=454%2C689\" alt=\"\" class=\"wp-image-49085\" width=\"454\" height=\"689\" srcset=\"https:\/\/i1.wp.com\/batimedianews.com\/live\/wp-content\/uploads\/2026\/01\/image-190.png?w=700&amp;ssl=1 700w, https:\/\/i1.wp.com\/batimedianews.com\/live\/wp-content\/uploads\/2026\/01\/image-190.png?resize=768%2C1165&amp;ssl=1 768w, https:\/\/i1.wp.com\/batimedianews.com\/live\/wp-content\/uploads\/2026\/01\/image-190.png?resize=432%2C655&amp;ssl=1 432w, https:\/\/i1.wp.com\/batimedianews.com\/live\/wp-content\/uploads\/2026\/01\/image-190.png?resize=396%2C601&amp;ssl=1 396w, https:\/\/i1.wp.com\/batimedianews.com\/live\/wp-content\/uploads\/2026\/01\/image-190.png?resize=660%2C1001&amp;ssl=1 660w\" sizes=\"(max-width: 600px) 91vw, (max-width: 900px) 600px, (max-width: 1060px) 50vw, (max-width: 1200px) 520px, (max-width: 1400px) 43vw, 600px\" data-recalc-dims=\"1\" \/><\/figure><\/div>\n\n\n\n<p class=\"has-text-color\" style=\"color:#02aef8;font-size:30px\">La r\u00e9duction des factures mensuelles de chauffage : principal moteur des Fran\u00e7ais dans le remplacement d\u2019un syst\u00e8me de chauffage<\/p>\n\n\n\n<p class=\"has-text-align-justify\">Sans surprise, les Fran\u00e7ais citent en premier lieu le b\u00e9n\u00e9fice des \u00e9conomies budg\u00e9taires dans la liste de leurs exigences <strong>(53 %)<\/strong> concernant un projet de remplacement de leur installation de chauffage. Il faut donc que leur nouvel \u00e9quipement leur permette de r\u00e9aliser des r\u00e9ductions sur leurs factures \u00e9nerg\u00e9tiques.<\/p>\n\n\n\n<p class=\"has-text-align-justify\">Le <strong>confort<\/strong> appara\u00eet en seconde position des attentes des Fran\u00e7ais <strong>(27 %)<\/strong>, devant les <strong>crit\u00e8res \u00e9cologiques (10 %)<\/strong> et de <strong>provenance de la technologie<\/strong> en France ou en Europe <strong>(10 %)<\/strong>.<\/p>\n\n\n\n<figure class=\"wp-block-image size-full\"><img loading=\"lazy\" width=\"720\" height=\"291\" src=\"https:\/\/i0.wp.com\/batimedianews.com\/live\/wp-content\/uploads\/2026\/01\/image-191.png?resize=720%2C291\" alt=\"\" class=\"wp-image-49086\" srcset=\"https:\/\/i0.wp.com\/batimedianews.com\/live\/wp-content\/uploads\/2026\/01\/image-191.png?w=1402&amp;ssl=1 1402w, https:\/\/i0.wp.com\/batimedianews.com\/live\/wp-content\/uploads\/2026\/01\/image-191.png?resize=768%2C310&amp;ssl=1 768w, https:\/\/i0.wp.com\/batimedianews.com\/live\/wp-content\/uploads\/2026\/01\/image-191.png?resize=432%2C174&amp;ssl=1 432w, https:\/\/i0.wp.com\/batimedianews.com\/live\/wp-content\/uploads\/2026\/01\/image-191.png?resize=396%2C160&amp;ssl=1 396w, https:\/\/i0.wp.com\/batimedianews.com\/live\/wp-content\/uploads\/2026\/01\/image-191.png?resize=1120%2C452&amp;ssl=1 1120w, https:\/\/i0.wp.com\/batimedianews.com\/live\/wp-content\/uploads\/2026\/01\/image-191.png?resize=660%2C266&amp;ssl=1 660w\" sizes=\"(max-width: 600px) 91vw, (max-width: 900px) 600px, (max-width: 1060px) 50vw, (max-width: 1200px) 520px, (max-width: 1400px) 43vw, 600px\" data-recalc-dims=\"1\" \/><\/figure>\n\n\n\n<p class=\"has-text-align-justify\">Au sujet des pompes \u00e0 chaleur, sur les 171 possesseurs de cette technologie, ils sont<strong> 88 %<\/strong> \u00e0 trouver que cet \u00e9quipement a contribu\u00e9 \u00e0 l\u2019am\u00e9lioration de leur confort thermique, <strong>85 %<\/strong> \u00e0 se d\u00e9clarer confiants sur le fait que la pompe \u00e0 chaleur contribue \u00e0 la r\u00e9duction de l\u2019impact environnemental de leur habitation et <strong>82 %<\/strong> qu\u2019elle abaisse durablement leurs factures \u00e9nerg\u00e9tiques.<\/p>\n\n\n\n<p class=\"has-text-align-justify\">Il est plut\u00f4t rassurant de constater que ces atouts sont aussi per\u00e7us par une majorit\u00e9 de l\u2019\u00e9chantillon, non concern\u00e9e par l\u2019\u00e9quipement d\u2019une pompe \u00e0 chaleur :<\/p>\n\n\n\n<ul><li><strong>75 %<\/strong> pensent que la pompe \u00e0 chaleur am\u00e9liore le confort thermique d\u2019un logement<\/li><li><strong>66 %<\/strong> que la pompe \u00e0 chaleur r\u00e9duit l\u2019impact environnemental du b\u00e2ti<\/li><li><strong>66 %<\/strong> que la pompe \u00e0 chaleur r\u00e9duit durablement la facture d\u2019\u00e9nergie d\u2019un logement.<\/li><\/ul>\n\n\n\n<figure class=\"wp-block-image size-full\"><img loading=\"lazy\" width=\"720\" height=\"291\" src=\"https:\/\/i0.wp.com\/batimedianews.com\/live\/wp-content\/uploads\/2026\/01\/image-192.png?resize=720%2C291\" alt=\"\" class=\"wp-image-49087\" srcset=\"https:\/\/i0.wp.com\/batimedianews.com\/live\/wp-content\/uploads\/2026\/01\/image-192.png?w=1402&amp;ssl=1 1402w, https:\/\/i0.wp.com\/batimedianews.com\/live\/wp-content\/uploads\/2026\/01\/image-192.png?resize=768%2C310&amp;ssl=1 768w, https:\/\/i0.wp.com\/batimedianews.com\/live\/wp-content\/uploads\/2026\/01\/image-192.png?resize=432%2C174&amp;ssl=1 432w, https:\/\/i0.wp.com\/batimedianews.com\/live\/wp-content\/uploads\/2026\/01\/image-192.png?resize=396%2C160&amp;ssl=1 396w, https:\/\/i0.wp.com\/batimedianews.com\/live\/wp-content\/uploads\/2026\/01\/image-192.png?resize=1120%2C452&amp;ssl=1 1120w, https:\/\/i0.wp.com\/batimedianews.com\/live\/wp-content\/uploads\/2026\/01\/image-192.png?resize=660%2C266&amp;ssl=1 660w\" sizes=\"(max-width: 600px) 91vw, (max-width: 900px) 600px, (max-width: 1060px) 50vw, (max-width: 1200px) 520px, (max-width: 1400px) 43vw, 600px\" data-recalc-dims=\"1\" \/><\/figure>\n\n\n\n<p class=\"has-text-align-justify\">C\u2019est d\u2019ailleurs la r\u00e9duction des factures \u00e9nerg\u00e9tiques qui constitue le principal levier d\u2019acquisition d\u2019une pompe \u00e0 chaleur (<strong>49 %<\/strong> de l\u2019\u00e9chantillon et <strong>54 %<\/strong> des possesseurs de pompes \u00e0 chaleur) devant l\u2019avantage de se doter d\u2019un \u00e9quipement plus moderne et performant pour <strong>35 %<\/strong> de l\u2019\u00e9chantillon et celui de profiter du confort d\u2019une chaleur douce et homog\u00e8ne pour <strong>44 %<\/strong> des possesseurs de pompes \u00e0 chaleur.<\/p>\n\n\n\n<p class=\"has-text-align-justify\"><strong>57 %<\/strong> de l\u2019\u00e9chantillon et <strong>50 %<\/strong> des possesseurs \u00e9voquent \u00ab le co\u00fbt d\u2019une pompe \u00e0 chaleur et de sa pose \u00bb comme premier frein dans le projet d\u2019acquisition de cette technologie.<\/p>\n\n\n\n<div class=\"wp-block-image\"><figure class=\"aligncenter size-full is-resized\"><img loading=\"lazy\" src=\"https:\/\/i0.wp.com\/batimedianews.com\/live\/wp-content\/uploads\/2026\/01\/image-193.png?resize=536%2C680\" alt=\"\" class=\"wp-image-49088\" width=\"536\" height=\"680\" srcset=\"https:\/\/i0.wp.com\/batimedianews.com\/live\/wp-content\/uploads\/2026\/01\/image-193.png?w=870&amp;ssl=1 870w, https:\/\/i0.wp.com\/batimedianews.com\/live\/wp-content\/uploads\/2026\/01\/image-193.png?resize=768%2C974&amp;ssl=1 768w, https:\/\/i0.wp.com\/batimedianews.com\/live\/wp-content\/uploads\/2026\/01\/image-193.png?resize=432%2C548&amp;ssl=1 432w, https:\/\/i0.wp.com\/batimedianews.com\/live\/wp-content\/uploads\/2026\/01\/image-193.png?resize=396%2C503&amp;ssl=1 396w, https:\/\/i0.wp.com\/batimedianews.com\/live\/wp-content\/uploads\/2026\/01\/image-193.png?resize=660%2C838&amp;ssl=1 660w\" sizes=\"(max-width: 600px) 91vw, (max-width: 900px) 600px, (max-width: 1060px) 50vw, (max-width: 1200px) 520px, (max-width: 1400px) 43vw, 600px\" data-recalc-dims=\"1\" \/><\/figure><\/div>\n\n\n\n<p class=\"has-text-color\" style=\"color:#02aff9;font-size:30px\">L\u2019accompagnement financier gouvernemental : principal catalyseur pour impulser des travaux \u00e9nerg\u00e9tiques<\/p>\n\n\n\n<p class=\"has-text-align-justify\">L\u2019enqu\u00eate men\u00e9e pour le compte de Daikin d\u00e9montre que les Fran\u00e7ais ont une plut\u00f4t bonne connaissance des diff\u00e9rents dispositifs d\u2019aides financi\u00e8res existants : <strong>83 % des personnes sond\u00e9es connaissent au moins une des aides pr\u00e9sent\u00e9es<\/strong>, notamment<strong> MaPrimeRenov\u2019 (61 %)<\/strong>.<\/p>\n\n\n\n<figure class=\"wp-block-image size-full is-resized\"><img loading=\"lazy\" src=\"https:\/\/i1.wp.com\/batimedianews.com\/live\/wp-content\/uploads\/2026\/01\/image-194.png?resize=548%2C301\" alt=\"\" class=\"wp-image-49089\" width=\"548\" height=\"301\" srcset=\"https:\/\/i1.wp.com\/batimedianews.com\/live\/wp-content\/uploads\/2026\/01\/image-194.png?w=870&amp;ssl=1 870w, https:\/\/i1.wp.com\/batimedianews.com\/live\/wp-content\/uploads\/2026\/01\/image-194.png?resize=768%2C421&amp;ssl=1 768w, https:\/\/i1.wp.com\/batimedianews.com\/live\/wp-content\/uploads\/2026\/01\/image-194.png?resize=432%2C237&amp;ssl=1 432w, https:\/\/i1.wp.com\/batimedianews.com\/live\/wp-content\/uploads\/2026\/01\/image-194.png?resize=396%2C218&amp;ssl=1 396w, https:\/\/i1.wp.com\/batimedianews.com\/live\/wp-content\/uploads\/2026\/01\/image-194.png?resize=660%2C363&amp;ssl=1 660w\" sizes=\"(max-width: 600px) 91vw, (max-width: 900px) 600px, (max-width: 1060px) 50vw, (max-width: 1200px) 520px, (max-width: 1400px) 43vw, 600px\" data-recalc-dims=\"1\" \/><\/figure>\n\n\n\n<p class=\"has-text-align-justify\"><strong>19 % d\u2019entre eux reconnaissent en avoir d\u00e9j\u00e0 b\u00e9n\u00e9fici\u00e9<\/strong> dans le cadre de travaux d\u2019am\u00e9lioration \u00e9nerg\u00e9tique de leur logement.<\/p>\n\n\n\n<p class=\"has-text-align-justify\"><strong>Les aides financi\u00e8res restent, logiquement, en t\u00eate des leviers des Fran\u00e7ais<\/strong> dans le lancement de travaux \u00e9nerg\u00e9tiques, pour <strong>84 %<\/strong> d\u2019entre ceux int\u00e9ress\u00e9s par au moins un levier. Le pr\u00eat \u00e0 taux z\u00e9ro arrive en seconde position des r\u00e9ponses les plus donn\u00e9es (<strong>55 %<\/strong>). (base = 69 % : sont sensibles \u00e0 au moins un levier incitatif ).<\/p>\n\n\n\n<p class=\"has-text-align-justify\">Il faut \u00e9galement noter<strong> l\u2019importance des garanties propos\u00e9es<\/strong> pour convaincre les Fran\u00e7ais d\u2019engager des travaux \u00e9nerg\u00e9tiques : <strong>50 % <\/strong>attendent des garanties quant aux \u00e9conomies r\u00e9alis\u00e9es et <strong>42 %<\/strong> souhaitent b\u00e9n\u00e9ficier de garanties longue dur\u00e9e sur les \u00e9quipements install\u00e9s et sur la pose.<\/p>\n\n\n\n<figure class=\"wp-block-image size-full\"><img loading=\"lazy\" width=\"720\" height=\"281\" src=\"https:\/\/i1.wp.com\/batimedianews.com\/live\/wp-content\/uploads\/2026\/01\/image-195.png?resize=720%2C281\" alt=\"\" class=\"wp-image-49090\" srcset=\"https:\/\/i1.wp.com\/batimedianews.com\/live\/wp-content\/uploads\/2026\/01\/image-195.png?w=1226&amp;ssl=1 1226w, https:\/\/i1.wp.com\/batimedianews.com\/live\/wp-content\/uploads\/2026\/01\/image-195.png?resize=768%2C299&amp;ssl=1 768w, https:\/\/i1.wp.com\/batimedianews.com\/live\/wp-content\/uploads\/2026\/01\/image-195.png?resize=432%2C168&amp;ssl=1 432w, https:\/\/i1.wp.com\/batimedianews.com\/live\/wp-content\/uploads\/2026\/01\/image-195.png?resize=396%2C154&amp;ssl=1 396w, https:\/\/i1.wp.com\/batimedianews.com\/live\/wp-content\/uploads\/2026\/01\/image-195.png?resize=1120%2C437&amp;ssl=1 1120w, https:\/\/i1.wp.com\/batimedianews.com\/live\/wp-content\/uploads\/2026\/01\/image-195.png?resize=660%2C257&amp;ssl=1 660w\" sizes=\"(max-width: 600px) 91vw, (max-width: 900px) 600px, (max-width: 1060px) 50vw, (max-width: 1200px) 520px, (max-width: 1400px) 43vw, 600px\" data-recalc-dims=\"1\" \/><\/figure>\n\n\n\n<p class=\"has-text-align-justify\">En parall\u00e8le, <strong>le co\u00fbt initial trop \u00e9lev\u00e9 des travaux contraint 72 %<\/strong> des personnes interrog\u00e9es \u00e0 abandonner le projet de travaux \u00e9nerg\u00e9tiques <strong>sur les 82 % ayant identifi\u00e9 qu\u2019au moins un crit\u00e8re peut freiner ce type de travaux<\/strong>. La complexit\u00e9 administrative (<strong>42 %<\/strong>) et le doute sur les \u00e9conomies r\u00e9alis\u00e9es (<strong>41 %<\/strong>) suivent ensuite.<\/p>\n\n\n\n<figure class=\"wp-block-image size-full\"><img loading=\"lazy\" width=\"720\" height=\"281\" src=\"https:\/\/i1.wp.com\/batimedianews.com\/live\/wp-content\/uploads\/2026\/01\/image-196.png?resize=720%2C281\" alt=\"\" class=\"wp-image-49091\" srcset=\"https:\/\/i1.wp.com\/batimedianews.com\/live\/wp-content\/uploads\/2026\/01\/image-196.png?w=1226&amp;ssl=1 1226w, https:\/\/i1.wp.com\/batimedianews.com\/live\/wp-content\/uploads\/2026\/01\/image-196.png?resize=768%2C299&amp;ssl=1 768w, https:\/\/i1.wp.com\/batimedianews.com\/live\/wp-content\/uploads\/2026\/01\/image-196.png?resize=432%2C168&amp;ssl=1 432w, https:\/\/i1.wp.com\/batimedianews.com\/live\/wp-content\/uploads\/2026\/01\/image-196.png?resize=396%2C154&amp;ssl=1 396w, https:\/\/i1.wp.com\/batimedianews.com\/live\/wp-content\/uploads\/2026\/01\/image-196.png?resize=1120%2C437&amp;ssl=1 1120w, https:\/\/i1.wp.com\/batimedianews.com\/live\/wp-content\/uploads\/2026\/01\/image-196.png?resize=660%2C257&amp;ssl=1 660w\" sizes=\"(max-width: 600px) 91vw, (max-width: 900px) 600px, (max-width: 1060px) 50vw, (max-width: 1200px) 520px, (max-width: 1400px) 43vw, 600px\" data-recalc-dims=\"1\" \/><\/figure>\n\n\n\n<div class=\"wp-block-media-text alignwide is-stacked-on-mobile\" style=\"grid-template-columns:16% auto\"><figure class=\"wp-block-media-text__media\"><img loading=\"lazy\" width=\"268\" height=\"302\" src=\"https:\/\/i0.wp.com\/batimedianews.com\/live\/wp-content\/uploads\/2026\/01\/image-197.png?resize=268%2C302\" alt=\"\" class=\"wp-image-49092 size-full\" srcset=\"https:\/\/i0.wp.com\/batimedianews.com\/live\/wp-content\/uploads\/2026\/01\/image-197.png?w=268&amp;ssl=1 268w, https:\/\/i0.wp.com\/batimedianews.com\/live\/wp-content\/uploads\/2026\/01\/image-197.png?resize=768%2C865&amp;ssl=1 768w, https:\/\/i0.wp.com\/batimedianews.com\/live\/wp-content\/uploads\/2026\/01\/image-197.png?resize=10%2C10&amp;ssl=1 10w\" sizes=\"(max-width: 600px) 91vw, (max-width: 900px) 600px, (max-width: 1060px) 50vw, (max-width: 1200px) 520px, (max-width: 1400px) 43vw, 600px\" data-recalc-dims=\"1\" \/><\/figure><div class=\"wp-block-media-text__content\">\n<p class=\"has-text-align-justify has-text-color has-small-font-size\" style=\"color:#02adf6\"><em>\u00ab Daikin s\u2019est fix\u00e9 pour mission de proposer \u00e0 ses clients particuliers des solutions de chauffage performantes et durables, garantes d\u2019\u00e9conomies \u00e9nerg\u00e9tiques significatives, de confort thermique optimis\u00e9 et de r\u00e9duction de l\u2019empreinte carbone du b\u00e2ti.<\/em><\/p>\n\n\n\n<p class=\"has-text-align-justify has-text-color has-small-font-size\" style=\"color:#02adf6\"><em>Daikin a fait de la proximit\u00e9 de ses activit\u00e9s une de ses priorit\u00e9s, en construisant un vaste centre R &amp; D en Belgique, charg\u00e9 de la conception des futures technologies de pompes \u00e0 chaleur pour toute l\u2019Europe. Ses pompes \u00e0 chaleur r\u00e9sidentielles, tertiaires et industrielles sont fabriqu\u00e9es dans diff\u00e9rentes usines implant\u00e9es sur le sol europ\u00e9en : Allemagne, Belgique, Italie, Espagne, Pologne et R\u00e9publique Tch\u00e8que.<\/em><\/p>\n\n\n\n<p class=\"has-text-align-justify has-text-color has-small-font-size\" style=\"color:#02adf6\"><em>Pour s\u2019engager sereinement dans un projet de r\u00e9novation \u00e9nerg\u00e9tique, Daikin conseille aux particuliers de proc\u00e9der \u00e0 une \u00e9tude \u00e9nerg\u00e9tique de leur logement pour identifier les actions prioritaires \u00e0 mener, et de demander au moins trois devis \u00e0 des installateurs b\u00e9n\u00e9ficiant de la labellisation RGE. \u00bb<\/em>, explique Fran\u00e7ois DEROCHE, Directeur Marketing, RSE et Affaires Publiques de Daikin France<\/p>\n<\/div><\/div>\n\n\n\n<div class=\"wp-block-group has-background\" style=\"background-color:#c5c8c9\"><div class=\"wp-block-group__inner-container\">\n<p><strong>A PROPOS DE DAIKIN FRANCE<\/strong><\/p>\n\n\n\n<p class=\"has-text-align-justify has-small-font-size\">Sp\u00e9cialis\u00e9 dans la fabrication de solutions hautes performances de <strong>chauffage<\/strong>, de <strong>rafra\u00eechissement<\/strong>, de <strong>ventilation<\/strong> et de <strong>r\u00e9frig\u00e9ration<\/strong> fonctionnant aux \u00e9nergies renouvelables, le groupe Daikin intervient sur les march\u00e9s du r\u00e9sidentiel, du tertiaire et de l\u2019industrie.<\/p>\n\n\n\n<p class=\"has-small-font-size\">La filiale fran\u00e7aise, <strong>Daikin Airconditioning France<\/strong>, fond\u00e9e en 1993 et bas\u00e9e \u00e0 <strong>Nanterre (92)<\/strong>, est leader depuis 2000 sur le march\u00e9 des solutions de g\u00e9nie climatique en France. Elle couvre l\u2019ensemble du territoire gr\u00e2ce \u00e0 un r\u00e9seau structur\u00e9 :<\/p>\n\n\n\n<ul class=\"has-small-font-size\"><li><strong>13 agences commerciales et 4 antennes,<\/strong><\/li><li><strong>7 centres de formation<\/strong><\/li><li><strong>8 plateformes techniques,<\/strong><\/li><li><strong>1 service apr\u00e8s vente pour les professionnels,<\/strong><\/li><li><strong>3 plateformes logistiques Bordeaux, Lille &amp; Lyon.<\/strong><\/li><li><strong>1 service clients d\u00e9di\u00e9 aux particuliers.<\/strong><\/li><\/ul>\n\n\n\n<p class=\"has-small-font-size\">Daikin France commercialise majoritairement des produits fabriqu\u00e9s au sein de ses <strong>usines europ\u00e9ennes<\/strong>. L\u2019int\u00e9gralit\u00e9 des gammes de pompes \u00e0 chaleur air\/eau Daikin sont fabriqu\u00e9es en Europe.<\/p>\n<\/div><\/div>\n","protected":false},"excerpt":{"rendered":"<p>\u00ab Les Fran\u00e7ais et la pr\u00e9carit\u00e9 \u00e9nerg\u00e9tique. Etat des lieux, arbitrages et leviers \u00bb. Pr\u00e9carit\u00e9 \u00e9nerg\u00e9tique : un \u00e9tat des lieux alarmant qui impose d\u2019agir vite. Des temp\u00e9ratures glaciales ont \u00e9t\u00e9 mesur\u00e9es en France en fin d\u2019ann\u00e9e 2025 jusqu\u2019\u00e0 d\u00e9but janvier. Les Fran\u00e7ais ont ainsi v\u00e9cu le No\u00ebl le plus froid depuis quinze ans selon [&hellip;]<\/p>\n","protected":false},"author":41,"featured_media":49093,"comment_status":"open","ping_status":"open","sticky":true,"template":"","format":"standard","meta":{"spay_email":""},"categories":[4,31,108,895],"tags":[],"jetpack_featured_media_url":"https:\/\/i2.wp.com\/batimedianews.com\/live\/wp-content\/uploads\/2026\/01\/daikin-1.jpg?fit=1513%2C825&ssl=1","jetpack_sharing_enabled":true,"jetpack_likes_enabled":true,"jetpack-related-posts":[{"id":21639,"url":"https:\/\/batimedianews.com\/live\/index.php\/2022\/07\/05\/1-an-du-dpe-nouvelle-formule-etat-des-lieux-du-parc-de-logements-francais\/","url_meta":{"origin":49079,"position":0},"title":"1 an du DPE nouvelle formule : \u00e9tat des lieux du parc de logements fran\u00e7ais","date":"5 juillet 2022","format":false,"excerpt":"\u00c0 ce jour en France des logements sont des passoires \u00e9nerg\u00e9tiques. Autrement dit, des logements\u2002\u00e0 r\u00e9nover en priorit\u00e9 pour minimiser le gaspillage et la pr\u00e9carit\u00e9 \u00e9nerg\u00e9tique. DE FORTES DISPARIT\u00e9S R\u00e9GIONALES LES RAISONS DE CES DISPARIT\u00c9S Donn\u00e9es issues de DPE enregistr\u00e9s entre 2014 et 2021 et compl\u00e9t\u00e9es des algorithmes Heero pour\u2026","rel":"","context":"Dans &quot;Actualit\u00e9 Entreprises&quot;","img":{"alt_text":"","src":"https:\/\/i1.wp.com\/batimedianews.com\/live\/wp-content\/uploads\/2022\/07\/here-Article.jpg?fit=1080%2C1080&ssl=1&resize=350%2C200","width":350,"height":200},"classes":[]},{"id":15411,"url":"https:\/\/batimedianews.com\/live\/index.php\/2022\/02\/01\/des-installations-denergie-renouvelable-pour-lutter-contre-la-precarite-energetique\/","url_meta":{"origin":49079,"position":1},"title":"Des installations d\u2019\u00e9nergie renouvelable pour lutter contre la pr\u00e9carit\u00e9 \u00e9nerg\u00e9tique","date":"1 f\u00e9vrier 2022","format":false,"excerpt":"Paris le 27 janvier 2022 - Gr\u00e2ce \u00e0 la prime fl\u00e9ch\u00e9e d\u2019Enercoop, des producteurs d\u2019\u00e9nergie renouvelable comme la G\u00e9n\u00e9rale du Solaire agissent contre la pr\u00e9carit\u00e9 \u00e9nerg\u00e9tique sur le territoire de leurs installations de production. \u00c9nergie Solidaire, le fonds de dotation de lutte contre la pr\u00e9carit\u00e9 \u00e9nerg\u00e9tique, est charg\u00e9 d\u2019identifier des\u2026","rel":"","context":"Dans &quot;Association&quot;","img":{"alt_text":"","src":"https:\/\/i1.wp.com\/batimedianews.com\/live\/wp-content\/uploads\/2022\/01\/EnercoopGenraldusolaireenergiesolidaire-Article.jpg?fit=512%2C512&ssl=1&resize=350%2C200","width":350,"height":200},"classes":[]},{"id":41507,"url":"https:\/\/batimedianews.com\/live\/index.php\/2024\/11\/13\/12-novembre-2024-journee-contre-la-precarite-energetique\/","url_meta":{"origin":49079,"position":2},"title":"12 novembre 2024 : Journ\u00e9e contre la pr\u00e9carit\u00e9 \u00e9nerg\u00e9tique","date":"13 novembre 2024","format":false,"excerpt":"Pack Zen\u00a0d'Atlantic\u00a0\u00abnouvelle formule\u00bb : la solution sur-mesure de gestion des aides\u00a0MaPrimeR\u00e9nov' et CEE\u00a0pour les installateurs ! Face \u00e0 une transition \u00e9nerg\u00e9tique d\u00e9sormais incontournable, le financement des \u00e9nergies renouvelables reste m\u00e9connu pour de nombreux Fran\u00e7ais. Consciente de l'importance du r\u00f4le des professionnels dans l'accompagnement des clients sur les aides de l'\u00c9tat\u2026","rel":"","context":"Dans &quot;Actualit\u00e9 Entreprises&quot;","img":{"alt_text":"","src":"https:\/\/i1.wp.com\/batimedianews.com\/live\/wp-content\/uploads\/2024\/11\/Atlantic.jpg?fit=825%2C825&ssl=1&resize=350%2C200","width":350,"height":200},"classes":[]},{"id":26730,"url":"https:\/\/batimedianews.com\/live\/index.php\/2023\/03\/07\/livre-blanc-2023-une-nouvelle-edition-parfaitement-en-phase-avec-les-nouveaux-defis-du-batiment-neuf-et-a-renover\/","url_meta":{"origin":49079,"position":3},"title":"Livre Blanc 2023 : une nouvelle \u00e9dition parfaitement en phase avec les nouveaux d\u00e9fis du b\u00e2timent neuf et \u00e0 r\u00e9nover","date":"7 mars 2023","format":false,"excerpt":"Le Groupe de Travail sur la Qualit\u00e9 de l\u2019Enveloppe du b\u00e2timent (GTQE) anim\u00e9 par P\u00f4le de comp\u00e9titivit\u00e9 Fibres-Energivie, avait \u00e9dit\u00e9 en 2018, son Livre Blanc. Un ouvrage de r\u00e9f\u00e9rence exploit\u00e9 comme une v\u00e9ritable boussole tant par la ma\u00eetrise d\u2019ouvrage que les institutionnels qui pr\u00e9sentait notamment toute l\u2019exhaustivit\u00e9 des cons\u00e9quences positives\u2026","rel":"","context":"Dans &quot;Efficacit\u00e9 Energ\u00e9tique&quot;","img":{"alt_text":"","src":"https:\/\/i2.wp.com\/batimedianews.com\/live\/wp-content\/uploads\/2023\/03\/PoleFibreEnergivie-Article.jpg?fit=1080%2C1080&ssl=1&resize=350%2C200","width":350,"height":200},"classes":[]},{"id":10265,"url":"https:\/\/batimedianews.com\/live\/index.php\/2021\/06\/07\/plum-energie-lutte-contre-la-precarite-energetique-et-milite-en-faveur-dun-service-minimum-de-lelectricite\/","url_meta":{"origin":49079,"position":4},"title":"Pl\u00fcm \u00e9nergie lutte contre la pr\u00e9carit\u00e9 \u00e9nerg\u00e9tique et milite en faveur d\u2019un \u00ab service minimum de l\u2019\u00e9lectricit\u00e9 \u00bb","date":"7 juin 2021","format":false,"excerpt":"Le fournisseur d\u2019int\u00e9r\u00eat g\u00e9n\u00e9ral lancera un test grandeur nature aupr\u00e8s de ses clients pr\u00e9caires le 1er juin, \u00e0 la lev\u00e9e de la tr\u00eave hivernale. Paris, le 31 mai 2021 \u2013 Alors que les coupures d\u2019\u00e9lectricit\u00e9 risquent d\u2019\u00eatre massives \u00e0 partir du 1er juin prochain, date marquant la fin de la\u2026","rel":"","context":"Dans &quot;Actualit\u00e9 Entreprises&quot;","img":{"alt_text":"","src":"https:\/\/i2.wp.com\/batimedianews.com\/live\/wp-content\/uploads\/2021\/06\/Plum-Article.jpg?fit=512%2C512&ssl=1&resize=350%2C200","width":350,"height":200},"classes":[]},{"id":44991,"url":"https:\/\/batimedianews.com\/live\/index.php\/2025\/05\/21\/cercle-promodul-et-promotoit-publient-une-fiche-pratique-dediee-a-lisolation-des-toitures-en-pente-et-des-combles-amenages\/","url_meta":{"origin":49079,"position":5},"title":"Cercle Promodul et Promotoit publient une fiche pratique d\u00e9di\u00e9e \u00e0 l\u2019isolation des toitures en pente et des combles am\u00e9nag\u00e9s","date":"21 mai 2025","format":false,"excerpt":"Alors que 95 % des maisons individuelles en France disposent d\u2019une toiture en pente, le potentiel d\u2019am\u00e9nagement et d\u2019optimisation \u00e9nerg\u00e9tique des combles reste encore largement sous-exploit\u00e9. Dans un contexte de transition \u00e9cologique, de sobri\u00e9t\u00e9 et de lutte contre la pr\u00e9carit\u00e9 \u00e9nerg\u00e9tique, le Cercle Promodul \/ INEF4 et Promotoit associent leur\u2026","rel":"","context":"Dans &quot;Actualit\u00e9 Entreprises&quot;","img":{"alt_text":"","src":"https:\/\/i2.wp.com\/batimedianews.com\/live\/wp-content\/uploads\/2025\/05\/Promodul-articles-.jpg?fit=825%2C825&ssl=1&resize=350%2C200","width":350,"height":200},"classes":[]}],"_links":{"self":[{"href":"https:\/\/batimedianews.com\/live\/index.php\/wp-json\/wp\/v2\/posts\/49079"}],"collection":[{"href":"https:\/\/batimedianews.com\/live\/index.php\/wp-json\/wp\/v2\/posts"}],"about":[{"href":"https:\/\/batimedianews.com\/live\/index.php\/wp-json\/wp\/v2\/types\/post"}],"author":[{"embeddable":true,"href":"https:\/\/batimedianews.com\/live\/index.php\/wp-json\/wp\/v2\/users\/41"}],"replies":[{"embeddable":true,"href":"https:\/\/batimedianews.com\/live\/index.php\/wp-json\/wp\/v2\/comments?post=49079"}],"version-history":[{"count":2,"href":"https:\/\/batimedianews.com\/live\/index.php\/wp-json\/wp\/v2\/posts\/49079\/revisions"}],"predecessor-version":[{"id":49133,"href":"https:\/\/batimedianews.com\/live\/index.php\/wp-json\/wp\/v2\/posts\/49079\/revisions\/49133"}],"wp:featuredmedia":[{"embeddable":true,"href":"https:\/\/batimedianews.com\/live\/index.php\/wp-json\/wp\/v2\/media\/49093"}],"wp:attachment":[{"href":"https:\/\/batimedianews.com\/live\/index.php\/wp-json\/wp\/v2\/media?parent=49079"}],"wp:term":[{"taxonomy":"category","embeddable":true,"href":"https:\/\/batimedianews.com\/live\/index.php\/wp-json\/wp\/v2\/categories?post=49079"},{"taxonomy":"post_tag","embeddable":true,"href":"https:\/\/batimedianews.com\/live\/index.php\/wp-json\/wp\/v2\/tags?post=49079"}],"curies":[{"name":"wp","href":"https:\/\/api.w.org\/{rel}","templated":true}]}}