{"id":49095,"date":"2026-01-28T09:12:43","date_gmt":"2026-01-28T08:12:43","guid":{"rendered":"http:\/\/batimedianews.com\/live\/?p=49095"},"modified":"2026-01-28T09:12:46","modified_gmt":"2026-01-28T08:12:46","slug":"le-groupe-elcia-publie-la-3eme-edition-de-son-guide-que-vous-reserve-le-secteur-menuiserie-store-fermeture-en-2026","status":"publish","type":"post","link":"https:\/\/batimedianews.com\/live\/index.php\/2026\/01\/28\/le-groupe-elcia-publie-la-3eme-edition-de-son-guide-que-vous-reserve-le-secteur-menuiserie-store-fermeture-en-2026\/","title":{"rendered":"Le Groupe ELCIA publie la 3\u00e8me \u00e9dition de son guide : \u00ab Que vous r\u00e9serve le secteur Menuiserie, Store, Fermeture en 2026 ? \u00bb"},"content":{"rendered":"\n<p class=\"has-text-align-justify\">Jamais 2 sans 3&nbsp;! Apr\u00e8s des versions 2024 et 2025 r\u00e9ussies, le leader de l\u2019\u00e9dition logicielle Menuiserie, Store, Fermeture publie la 3<sup>\u00e8me<\/sup>&nbsp;\u00e9dition de son guide annuel sur le march\u00e9. Activit\u00e9 et perspectives pour le b\u00e2timent, le neuf et la r\u00e9novation \u00e9nerg\u00e9tique, tendances pour les fen\u00eatres, les portes, volets et protections solaires, r\u00e9glementation, \u00e9v\u00e9nements&nbsp;: tous les indispensables qui vont marquer le secteur en 2026 sont synth\u00e9tis\u00e9s dans ce guide de 24 pages. T\u00e9l\u00e9chargeable gratuitement pour tous les professionnels Menuiserie, Store, Fermeture, ce document est une aide pr\u00e9cieuse pour ne rien rater et se pr\u00e9parer aux grands enjeux de 2026&nbsp;!<\/p>\n\n\n\n<figure class=\"wp-block-image size-full\"><img loading=\"lazy\" width=\"720\" height=\"491\" src=\"https:\/\/i1.wp.com\/batimedianews.com\/live\/wp-content\/uploads\/2026\/01\/image-198.png?resize=720%2C491\" alt=\"\" class=\"wp-image-49096\" srcset=\"https:\/\/i1.wp.com\/batimedianews.com\/live\/wp-content\/uploads\/2026\/01\/image-198.png?w=774&amp;ssl=1 774w, https:\/\/i1.wp.com\/batimedianews.com\/live\/wp-content\/uploads\/2026\/01\/image-198.png?resize=768%2C523&amp;ssl=1 768w, https:\/\/i1.wp.com\/batimedianews.com\/live\/wp-content\/uploads\/2026\/01\/image-198.png?resize=432%2C295&amp;ssl=1 432w, https:\/\/i1.wp.com\/batimedianews.com\/live\/wp-content\/uploads\/2026\/01\/image-198.png?resize=396%2C270&amp;ssl=1 396w, https:\/\/i1.wp.com\/batimedianews.com\/live\/wp-content\/uploads\/2026\/01\/image-198.png?resize=660%2C450&amp;ssl=1 660w\" sizes=\"(max-width: 600px) 91vw, (max-width: 900px) 600px, (max-width: 1060px) 50vw, (max-width: 1200px) 520px, (max-width: 1400px) 43vw, 600px\" data-recalc-dims=\"1\" \/><\/figure>\n\n\n\n<p class=\"has-text-align-center\"><em>\u00ab&nbsp;L\u2019ambition et le r\u00f4le du Groupe ELCIA est de simplifier la vie et d\u2019accompagner les professionnels du secteur Menuiserie, Store, Fermeture. Nous le faisons avec nos solutions logicielles, mais aussi avec des contenus \u00e0 valeur ajout\u00e9e, publi\u00e9s gratuitement pour l\u2019ensemble du march\u00e9. Les menuisiers sont pris dans leur quotidien et n\u2019ont pas le temps de se tenir inform\u00e9s de l\u2019actualit\u00e9 du secteur, des annonces politiques, des \u00e9volutions des r\u00e8glementations\u2026 Pourtant, cela impacte directement leur quotidien. Avec ce guide, ils n\u2019ont pas \u00e0 chercher ces informations, elles viennent \u00e0 eux&nbsp;! \u00bb<\/em><em><\/em><\/p>\n\n\n\n<p class=\"has-text-align-center\">Fabrice GUERIN, Directeur Marketing, Communication et RSE du Groupe ELCIA<\/p>\n\n\n\n<p>r\u00e9novation et notamment de la r\u00e9novation \u00e9nerg\u00e9tique apr\u00e8s les nombreux \u00ab&nbsp;<em>stop &amp; go<\/em>&nbsp;\u00bb de MaPrimeRenov\u2019&nbsp;? A quelles r\u00e9glementations faudra-t-il \u00eatre conforme en 2026, date de l\u2019entr\u00e9e en vigueur progressive de la facturation \u00e9lectronique et des nouvelles annonces sur la REP des PMCB&nbsp;? Quels sont les \u00e9v\u00e9nements de la profession \u00e0 ne pas rater cette ann\u00e9e paire synonyme de salon Batimat&nbsp;\/ Equipbaie&nbsp;?<\/p>\n\n\n\n<p class=\"has-text-align-justify\">Pour r\u00e9pondre \u00e0 ces questions que se posent les professionnels du secteur, ce guide pr\u00e9sente les perspectives 2026 du march\u00e9 Menuiserie, Store, Fermeture autour de 5 grands chapitres&nbsp;:&nbsp;<\/p>\n\n\n\n<ul><li>Le logement neuf, entre chute et espoir d\u2019une reprise<\/li><li>La r\u00e9novation passe dans le rouge<\/li><li>Fen\u00eatres, portes, volets, stores&nbsp;: l\u2019activit\u00e9 du march\u00e9 en d\u00e9tail<\/li><li>Les r\u00e9glementations \u00e0 respecter<\/li><li>Les \u00e9v\u00e9nements \u00e0 ne pas rater en 2026<\/li><\/ul>\n\n\n\n<p><strong>En savoir plus sur le Groupe ELCIA<\/strong><\/p>\n\n\n\n<p>Depuis 1999, le Groupe ELCIA est le <strong>leader fran\u00e7ais des solutions et logiciels sp\u00e9cialis\u00e9s pour le march\u00e9 \u00ab\u00a0Menuiserie, Stores et Fermeture\u00a0\u00bb<\/strong> (45 000 utilisateurs, 260 collaborateurs en France et en Belgique).<\/p>\n\n\n\n<p>Notre ambition : <strong>digitaliser et apporter gain de temps, efficacit\u00e9 et fiabilit\u00e9 <\/strong>\u00e0 l&rsquo;ensemble de la cha\u00eene de valeur, du fabricant de menuiseries jusqu&rsquo;au particulier;<\/p>\n\n\n\n<p>Nous simplifions la vie des Menuisiers sur :<\/p>\n\n\n\n<ul><li>La cr\u00e9ation de devis, le chiffrage et la gestion commerciale avec <strong>ProDevis<\/strong><\/li><li>La gestion de la production et des usines avec <strong>Diapason<\/strong><\/li><li>La fabrication de menuiseries avec <strong>Ramasoft<\/strong><\/li><\/ul>\n\n\n\n<p>Nous contribuons avec ses solutions phares et d&rsquo;autres encore \u00e0 rendre le secteur de la Menuiserie plus <strong>accessible<\/strong>, plus <strong>transparent<\/strong> et plus <strong>vertueux<\/strong> pour renforcer la confiance du client final ! <\/p>\n\n\n\n<p>Et pour apporter toujours plus de valeur \u00e0 nos clients, nous avons construit un v\u00e9ritable<strong> \u00e9cosyst\u00e8me d&rsquo;\u00e9diteurs de logiciels experts<\/strong>, sous la forme de trois prises de participation :<\/p>\n\n\n\n<ul><li><strong>AlloTodds<\/strong> et ses configurateurs 3D web sur-mesure pour les produits menuiserie, fermeture et protection solaire<\/li><li><strong>Revel&rsquo;Home<\/strong>, l&rsquo;application qui simplifie la relation clients entre l&rsquo;installateur et le particulier<\/li><li><strong>Krafteo<\/strong>, logiciel de planification et de gestion de chantiers pour le BTP<\/li><\/ul>\n","protected":false},"excerpt":{"rendered":"<p>Jamais 2 sans 3&nbsp;! Apr\u00e8s des versions 2024 et 2025 r\u00e9ussies, le leader de l\u2019\u00e9dition logicielle Menuiserie, Store, Fermeture publie la 3\u00e8me&nbsp;\u00e9dition de son guide annuel sur le march\u00e9. Activit\u00e9 et perspectives pour le b\u00e2timent, le neuf et la r\u00e9novation \u00e9nerg\u00e9tique, tendances pour les fen\u00eatres, les portes, volets et protections solaires, r\u00e9glementation, \u00e9v\u00e9nements&nbsp;: tous les [&hellip;]<\/p>\n","protected":false},"author":41,"featured_media":49097,"comment_status":"open","ping_status":"open","sticky":true,"template":"","format":"standard","meta":{"spay_email":""},"categories":[4,66,1693,690,123],"tags":[],"jetpack_featured_media_url":"https:\/\/i2.wp.com\/batimedianews.com\/live\/wp-content\/uploads\/2026\/01\/Elcia.jpg?fit=1513%2C825&ssl=1","jetpack_sharing_enabled":true,"jetpack_likes_enabled":true,"jetpack-related-posts":[{"id":47936,"url":"https:\/\/batimedianews.com\/live\/index.php\/2025\/11\/19\/elcia-organise-le-telethon-du-batiment-a-brignais-le-6-decembre\/","url_meta":{"origin":49095,"position":0},"title":"ELCIA organise le T\u00e9l\u00e9thon du B\u00e2timent \u00e0 Brignais le 6 d\u00e9cembre","date":"19 novembre 2025","format":false,"excerpt":"Brignais (69), le 17 novembre 2025 -\u00a0Apr\u00e8s le succ\u00e8s de la premi\u00e8re \u00e9dition, le T\u00e9l\u00e9thon du B\u00e2timent arrive en r\u00e9gion. En partenariat avec Synerciel et la Ville de Brignais, le leader de l'\u00e9dition logicielle sp\u00e9cialis\u00e9e menuiserie, store, fermeture, donne rendez-vous aux entreprises du b\u00e2timent de la r\u00e9gion lyonnaise le samedi\u2026","rel":"","context":"Dans &quot;Actualit\u00e9 Entreprises&quot;","img":{"alt_text":"","src":"https:\/\/i1.wp.com\/batimedianews.com\/live\/wp-content\/uploads\/2025\/11\/Elcia.jpg?fit=825%2C825&ssl=1&resize=350%2C200","width":350,"height":200},"classes":[]},{"id":48349,"url":"https:\/\/batimedianews.com\/live\/index.php\/2025\/12\/11\/a-benodet-une-terrasse-pensee-pour-le-climat-breton-devient-un-atout-architectural\/","url_meta":{"origin":49095,"position":1},"title":"\u00c0 B\u00e9nodet, une terrasse pens\u00e9e pour le climat breton devient un atout architectural","date":"11 d\u00e9cembre 2025","format":false,"excerpt":"Un nouvel art de vivre face \u00e0 l\u2019oc\u00e9an Sur la plage du Trez, \u00e0 B\u00e9nodet, le restaurant Le Sans Souci entame une nouvelle page de son histoire. Longtemps expos\u00e9 aux al\u00e9as du climat breton, son vaste ext\u00e9rieur s\u2019est transform\u00e9 en un espace chaleureux, accueillant et utilisable en toute saison. \u00c0\u2026","rel":"","context":"Dans &quot;Actualit\u00e9 Entreprises&quot;","img":{"alt_text":"","src":"https:\/\/i0.wp.com\/batimedianews.com\/live\/wp-content\/uploads\/2025\/12\/KE.jpg?fit=825%2C825&ssl=1&resize=350%2C200","width":350,"height":200},"classes":[]},{"id":43454,"url":"https:\/\/batimedianews.com\/live\/index.php\/2025\/03\/12\/lufme-publie-son-nouveau-guide-financer-la-renovation-des-fenetres-en-2025-un-outil-complet-et-didactique-qui-decrypte-les-aides-pour-les-proprietaires-de-logements-les-syndi\/","url_meta":{"origin":49095,"position":2},"title":"L\u2019UFME publie son nouveau guide \u00ab Financer la r\u00e9novation des fen\u00eatres en 2025 \u00bb : Un outil complet et didactique qui d\u00e9crypte les aides pour les propri\u00e9taires de logements, les syndics de copropri\u00e9t\u00e9s et les entreprises","date":"12 mars 2025","format":false,"excerpt":"\u00a0L\u2019Union des Fabricants de MEnuiseries (UFME) est un soutien actif pour la fili\u00e8re portes et fen\u00eatres. \u00c0 l\u2019image de ces derniers mois durant lesquels elle s\u2019est mobilis\u00e9e aupr\u00e8s des d\u00e9cideurs publics, notamment \u00e0 travers son Manifeste qui portait des mesures fortes autour du maintien de la TVA \u00e0 5,5 %\u2026","rel":"","context":"Dans &quot;Actualit\u00e9 Entreprises&quot;","img":{"alt_text":"","src":"https:\/\/i0.wp.com\/batimedianews.com\/live\/wp-content\/uploads\/2025\/03\/ufme.jpg?fit=825%2C825&ssl=1&resize=350%2C200","width":350,"height":200},"classes":[]},{"id":11177,"url":"https:\/\/batimedianews.com\/live\/index.php\/2021\/07\/20\/renoval-menuiseries-met-le-feu-au-secteur-de-la-construction\/","url_meta":{"origin":49095,"position":3},"title":"RENOVAL Menuiseries met le feu au secteur de la construction !","date":"20 juillet 2021","format":false,"excerpt":"Cr\u00e9\u00e9e en 1988, l\u2019activit\u00e9 menuiseries RENOVAL s\u2019est d\u00e9velopp\u00e9e avec l\u2019ambition d\u2019apporter des solutions pertinentes et personnalis\u00e9es pour les professionnels du b\u00e2timent. L\u2019offre produits RENOVAL Menuiseries s\u2019est ainsi d\u00e9velopp\u00e9e en s\u2019adaptant aux besoins du march\u00e9 tout en privil\u00e9giant l\u2019am\u00e9lioration continue et l\u2019innovation.\u00a0 Apr\u00e8s avoir conquis le march\u00e9 du modulaire, RENOVAL Menuiseries\u2026","rel":"","context":"Dans &quot;Actualit\u00e9 Entreprises&quot;","img":{"alt_text":"","src":"https:\/\/i0.wp.com\/batimedianews.com\/live\/wp-content\/uploads\/2021\/07\/Renoval-Article.jpg?fit=512%2C512&ssl=1&resize=350%2C200","width":350,"height":200},"classes":[]},{"id":31006,"url":"https:\/\/batimedianews.com\/live\/index.php\/2023\/09\/07\/david-petrovic-nomme-directeur-general-du-groupe-estemi\/","url_meta":{"origin":49095,"position":4},"title":"David PETROVI\u0106 nomm\u00e9 Directeur G\u00e9n\u00e9ral du Groupe EST\u00c9MI","date":"7 septembre 2023","format":false,"excerpt":"David Petrovi\u0107 prend la direction g\u00e9n\u00e9rale du Groupe EST\u00c9MI, acteur national r\u00e9f\u00e9rent de la r\u00e9novation et de la construction de l\u2019habitat individuel, fabricant multi-mat\u00e9riaux de menuiseries (Ouv\u00eao) et de fermetures (Loubat Fermetures \/Prov\u00e9lis) sur-mesure 100% fran\u00e7aise.\u00a0 Pour accompagner la forte dynamique de d\u00e9veloppement du groupe, David Petrovi\u0107, ancien directeur g\u00e9n\u00e9ral\u2026","rel":"","context":"Dans &quot;Actualit\u00e9 Entreprises&quot;","img":{"alt_text":"","src":"https:\/\/i2.wp.com\/batimedianews.com\/live\/wp-content\/uploads\/2023\/09\/Estemi-articles.jpg?fit=825%2C825&ssl=1&resize=350%2C200","width":350,"height":200},"classes":[]},{"id":27692,"url":"https:\/\/batimedianews.com\/live\/index.php\/2023\/04\/13\/schuco-pergolas-bioclimatiques-aluminium\/","url_meta":{"origin":49095,"position":5},"title":"Sch\u00fcco &#8211; Pergolas bioclimatiques Aluminium","date":"13 avril 2023","format":false,"excerpt":"Sch\u00fcco Pergolas Bioclimatiques Aluminium : notre offre pr\u00eat-\u00e0-poser\u00a0 Des espaces ext\u00e9rieurs qui allient design, confort, durabilit\u00e9 et protection toute l\u2019ann\u00e9e Sch\u00fcco, leader europ\u00e9en des menuiseries en aluminium, muscle son offre r\u00e9sidentielle avec sa gamme de pergolas pour habitation neuve ou restaur\u00e9e. Avec leur conception fran\u00e7aise sur mesure et leur quasi-infinit\u00e9\u2026","rel":"","context":"Dans &quot;pergola&quot;","img":{"alt_text":"","src":"https:\/\/i1.wp.com\/batimedianews.com\/live\/wp-content\/uploads\/2023\/04\/Schu\u0308coPhoto8.jpeg?fit=1150%2C764&ssl=1&resize=350%2C200","width":350,"height":200},"classes":[]}],"_links":{"self":[{"href":"https:\/\/batimedianews.com\/live\/index.php\/wp-json\/wp\/v2\/posts\/49095"}],"collection":[{"href":"https:\/\/batimedianews.com\/live\/index.php\/wp-json\/wp\/v2\/posts"}],"about":[{"href":"https:\/\/batimedianews.com\/live\/index.php\/wp-json\/wp\/v2\/types\/post"}],"author":[{"embeddable":true,"href":"https:\/\/batimedianews.com\/live\/index.php\/wp-json\/wp\/v2\/users\/41"}],"replies":[{"embeddable":true,"href":"https:\/\/batimedianews.com\/live\/index.php\/wp-json\/wp\/v2\/comments?post=49095"}],"version-history":[{"count":3,"href":"https:\/\/batimedianews.com\/live\/index.php\/wp-json\/wp\/v2\/posts\/49095\/revisions"}],"predecessor-version":[{"id":49326,"href":"https:\/\/batimedianews.com\/live\/index.php\/wp-json\/wp\/v2\/posts\/49095\/revisions\/49326"}],"wp:featuredmedia":[{"embeddable":true,"href":"https:\/\/batimedianews.com\/live\/index.php\/wp-json\/wp\/v2\/media\/49097"}],"wp:attachment":[{"href":"https:\/\/batimedianews.com\/live\/index.php\/wp-json\/wp\/v2\/media?parent=49095"}],"wp:term":[{"taxonomy":"category","embeddable":true,"href":"https:\/\/batimedianews.com\/live\/index.php\/wp-json\/wp\/v2\/categories?post=49095"},{"taxonomy":"post_tag","embeddable":true,"href":"https:\/\/batimedianews.com\/live\/index.php\/wp-json\/wp\/v2\/tags?post=49095"}],"curies":[{"name":"wp","href":"https:\/\/api.w.org\/{rel}","templated":true}]}}