{"id":49099,"date":"2026-01-28T09:18:20","date_gmt":"2026-01-28T08:18:20","guid":{"rendered":"http:\/\/batimedianews.com\/live\/?p=49099"},"modified":"2026-01-28T09:18:23","modified_gmt":"2026-01-28T08:18:23","slug":"agate-et-grenat-deux-poeles-en-fonte-concus-pour-durer-et-diffuser-une-chaleur-douce","status":"publish","type":"post","link":"https:\/\/batimedianews.com\/live\/index.php\/2026\/01\/28\/agate-et-grenat-deux-poeles-en-fonte-concus-pour-durer-et-diffuser-une-chaleur-douce\/","title":{"rendered":"AGATE ET GRENAT &#8211; Deux po\u00eales en fonte, con\u00e7us pour durer et diffuser une chaleur douce"},"content":{"rendered":"\n<figure class=\"wp-block-image size-full\"><img loading=\"lazy\" width=\"720\" height=\"317\" src=\"https:\/\/i2.wp.com\/batimedianews.com\/live\/wp-content\/uploads\/2026\/01\/image-199.png?resize=720%2C317\" alt=\"\" class=\"wp-image-49100\" srcset=\"https:\/\/i2.wp.com\/batimedianews.com\/live\/wp-content\/uploads\/2026\/01\/image-199.png?w=1712&amp;ssl=1 1712w, https:\/\/i2.wp.com\/batimedianews.com\/live\/wp-content\/uploads\/2026\/01\/image-199.png?resize=768%2C338&amp;ssl=1 768w, https:\/\/i2.wp.com\/batimedianews.com\/live\/wp-content\/uploads\/2026\/01\/image-199.png?resize=432%2C190&amp;ssl=1 432w, https:\/\/i2.wp.com\/batimedianews.com\/live\/wp-content\/uploads\/2026\/01\/image-199.png?resize=396%2C174&amp;ssl=1 396w, https:\/\/i2.wp.com\/batimedianews.com\/live\/wp-content\/uploads\/2026\/01\/image-199.png?resize=1120%2C493&amp;ssl=1 1120w, https:\/\/i2.wp.com\/batimedianews.com\/live\/wp-content\/uploads\/2026\/01\/image-199.png?resize=660%2C291&amp;ssl=1 660w, https:\/\/i2.wp.com\/batimedianews.com\/live\/wp-content\/uploads\/2026\/01\/image-199.png?w=1440 1440w\" sizes=\"(max-width: 600px) 91vw, (max-width: 900px) 600px, (max-width: 1060px) 50vw, (max-width: 1200px) 520px, (max-width: 1400px) 43vw, 600px\" data-recalc-dims=\"1\" \/><\/figure>\n\n\n\n<p class=\"has-text-align-justify\"><strong>Le Groupe SEGUIN (concepteur, fabricant et distributeur fran\u00e7ais de solutions de chauffage ; chemin\u00e9es, foyers \u00e0 bois, inserts, po\u00eales \u00e0 bois, po\u00eales \u00e0 granul\u00e9s), reconnu pour son exigence en mati\u00e8re de confort thermique et de design, enrichit son offre avec AGATE et GRENAT, deux nouveaux po\u00eales \u00e0 bois en fonte.<\/strong><\/p>\n\n\n\n<p class=\"has-text-align-justify\"><strong>Con\u00e7us et assembl\u00e9s dans l\u2019ATELIER SEGUIN \u00e0 Randan (63), avec une fonte coul\u00e9e dans les Ardennes (08), AGATE et GRENAT r\u00e9pondent aux crit\u00e8res du label Industrie du Made in France (IMF). Cette fabrication int\u00e9gr\u00e9e permet \u00e0 SEGUIN d\u2019assurer la qualit\u00e9 et la tra\u00e7abilit\u00e9 des produits dont l\u2019origine fran\u00e7aise est \u00e9tablie au regard des r\u00e8gles douani\u00e8res d\u2019origine non pr\u00e9f\u00e9rentielle.<\/strong><\/p>\n\n\n\n<p class=\"has-text-align-justify\"><strong>Dot\u00e9s d\u2019une puissance nominale de 6 kW, d\u2019un rendement de 80 % et d\u2019une efficacit\u00e9 \u00e9nerg\u00e9tique saisonni\u00e8re de 70 %, AGATE et GRENAT associent l\u2019inertie naturelle de la fonte \u00e0 une combustion propre et performante. Class\u00e9s A en efficacit\u00e9 \u00e9nerg\u00e9tique et labellis\u00e9s Flamme Verte 7 \u00e9toiles, ils assurent une chaleur homog\u00e8ne et durable. Les appareils et leurs \u00e9l\u00e9ments de chauffe b\u00e9n\u00e9ficient d\u2019une garantie de dix ans, v\u00e9ritable gage de confiance et de durabilit\u00e9.<\/strong><\/p>\n\n\n\n<p class=\"has-text-align-justify\"><strong>Si AGATE s\u00e9duit par son format compact et ses lignes sobres adapt\u00e9es aux espaces de vie moyens, GRENAT affirme une pr\u00e9sence plus g\u00e9n\u00e9reuse et une large fa\u00e7ade vitr\u00e9e pens\u00e9e pour les int\u00e9rieurs spacieux. Leur design \u00e9pur\u00e9 s\u2019int\u00e8gre ais\u00e9ment \u00e0 tout type d\u2019architecture int\u00e9rieure, du plus contemporain au plus traditionnel, tout en valorisant la flamme comme \u00e9l\u00e9ment central de convivialit\u00e9.<\/strong><\/p>\n\n\n\n<p style=\"font-size:25px\">FABRICATION FRAN\u00c7AISE, GARANTIE DURABLE<\/p>\n\n\n\n<p class=\"has-text-align-justify\"><strong>AGATE et GRENA<\/strong>T illustrent la volont\u00e9 du Groupe SEGUIN de promouvoir un chauffage \u00e0 la fois performant, responsable et ancr\u00e9 dans les territoires. Con\u00e7us et assembl\u00e9s en Auvergne \u00e0 partir de fonte coul\u00e9e dans les Ardennes, ces po\u00eales t\u00e9moignent d\u2019une ma\u00eetrise industrielle int\u00e9gralement fran\u00e7aise.<\/p>\n\n\n\n<p class=\"has-text-align-justify\"><strong>AGATE et GRENAT<\/strong> s\u2019inscrivent dans la valorisation par le Groupe des emplois et des savoir-faire locaux. La garantie 10 ans sur la fonte illustre la confiance du fabricant dans la fiabilit\u00e9 et la durabilit\u00e9 de ses po\u00eales.<\/p>\n\n\n\n<div class=\"wp-block-media-text alignwide is-stacked-on-mobile\" style=\"grid-template-columns:25% auto\"><figure class=\"wp-block-media-text__media\"><img loading=\"lazy\" width=\"392\" height=\"192\" src=\"https:\/\/i2.wp.com\/batimedianews.com\/live\/wp-content\/uploads\/2026\/01\/image-200.png?resize=392%2C192\" alt=\"\" class=\"wp-image-49101 size-full\" srcset=\"https:\/\/i2.wp.com\/batimedianews.com\/live\/wp-content\/uploads\/2026\/01\/image-200.png?w=392&amp;ssl=1 392w, https:\/\/i2.wp.com\/batimedianews.com\/live\/wp-content\/uploads\/2026\/01\/image-200.png?resize=768%2C376&amp;ssl=1 768w\" sizes=\"(max-width: 600px) 91vw, (max-width: 900px) 600px, (max-width: 1060px) 50vw, (max-width: 1200px) 520px, (max-width: 1400px) 43vw, 600px\" data-recalc-dims=\"1\" \/><\/figure><div class=\"wp-block-media-text__content\">\n<p class=\"has-text-align-justify\">Dans le cadre de la d\u00e9marche IMF \u2013 Information sur le Made in France, la Douane r\u00e9alise une analyse r\u00e9glementaire du processus de fabrication et confirme que la derni\u00e8re transformation substantielle conf\u00e9rant au produit sa \u00ab nationalit\u00e9 \u00bb est effectu\u00e9e en France. Cette validation s\u00e9curise l\u2019utilisation de la mention d\u2019origine et permet \u00e0 SEGUIN d\u2019apposer le picto officiel \u00ab Fabriqu\u00e9 en France \u00bb, gage de transparence et de valorisation du savoir-faire industriel fran\u00e7ais.<\/p>\n<\/div><\/div>\n\n\n\n<p style=\"font-size:25px\">LA FONTE, UN MAT\u00c9RIAU D\u2019AVENIR POUR L\u2019HABITAT<\/p>\n\n\n\n<p class=\"has-text-align-justify\">Choix historique de SEGUIN, la fonte n\u2019est pas seulement un mat\u00e9riau noble et intemporel, elle est aussi l\u2019un des plus adapt\u00e9s aux enjeux de confort et de durabilit\u00e9. Son inertie thermique exceptionnelle lui permet d\u2019emmagasiner la chaleur au cours de la combustion et de la restituer plusieurs heures apr\u00e8s l\u2019extinction du feu, cr\u00e9ant ainsi une chaleur diffuse et homog\u00e8ne dans l\u2019habitat. Sa robustesse la rend insensible aux chocs thermiques et garantit une grande long\u00e9vit\u00e9 des appareils. Enti\u00e8rement recyclable, elle s\u2019inscrit dans une logique d\u2019\u00e9conomie circulaire et offre une r\u00e9ponse concr\u00e8te aux attentes en mati\u00e8re d\u2019habitat durable.<\/p>\n\n\n\n<p class=\"has-text-align-justify\">La fonte ouvre \u00e9galement des possibilit\u00e9s esth\u00e9tiques uniques. Gr\u00e2ce \u00e0 la ma\u00eetrise de ses propres moules et \u00e0 la finesse de ses designs, SEGUIN con\u00e7oit des appareils aux lignes qui valorisent la flamme, conf\u00e9rant aux po\u00eales une v\u00e9ritable signature esth\u00e9tique. Cette ma\u00eetrise de la production, alli\u00e9e \u00e0 une garantie de dix ans, incarne \u00e0 la fois la promesse d\u2019un investissement p\u00e9renne et celle d\u2019un v\u00e9ritable objet de d\u00e9coration.<\/p>\n\n\n\n<p style=\"font-size:25px\">AGATE, UN FORMAT COMPACT POUR UNE CHALEUR CERTIFI\u00c9E<\/p>\n\n\n\n<div class=\"wp-block-media-text alignwide has-media-on-the-right is-stacked-on-mobile\" style=\"grid-template-columns:auto 34%\"><figure class=\"wp-block-media-text__media\"><img loading=\"lazy\" width=\"690\" height=\"880\" src=\"https:\/\/i1.wp.com\/batimedianews.com\/live\/wp-content\/uploads\/2026\/01\/image-201.png?resize=690%2C880\" alt=\"\" class=\"wp-image-49102 size-full\" srcset=\"https:\/\/i1.wp.com\/batimedianews.com\/live\/wp-content\/uploads\/2026\/01\/image-201.png?w=690&amp;ssl=1 690w, https:\/\/i1.wp.com\/batimedianews.com\/live\/wp-content\/uploads\/2026\/01\/image-201.png?resize=768%2C979&amp;ssl=1 768w, https:\/\/i1.wp.com\/batimedianews.com\/live\/wp-content\/uploads\/2026\/01\/image-201.png?resize=432%2C551&amp;ssl=1 432w, https:\/\/i1.wp.com\/batimedianews.com\/live\/wp-content\/uploads\/2026\/01\/image-201.png?resize=396%2C505&amp;ssl=1 396w, https:\/\/i1.wp.com\/batimedianews.com\/live\/wp-content\/uploads\/2026\/01\/image-201.png?resize=660%2C842&amp;ssl=1 660w\" sizes=\"(max-width: 600px) 91vw, (max-width: 900px) 600px, (max-width: 1060px) 50vw, (max-width: 1200px) 520px, (max-width: 1400px) 43vw, 600px\" data-recalc-dims=\"1\" \/><\/figure><div class=\"wp-block-media-text__content\">\n<p class=\"has-text-align-justify\"><strong>AGATE<\/strong> s\u00e9duit par ses lignes sobres et son encombrement contenu (83 x 67 x 53 cm pour un poids de 230 kg). Il s\u2019int\u00e8gre facilement dans les int\u00e9rieurs o\u00f9 \u00e9l\u00e9gance et discr\u00e9tion sont recherch\u00e9es. Derri\u00e8re cette simplicit\u00e9 se cachent des performances certifi\u00e9es selon la norme EN16510. Gr\u00e2ce \u00e0 sa fa\u00e7ade vitr\u00e9e claire et son noir satin\u00e9, <strong>AGATE<\/strong> offre une vision du feu nette et met l\u2019accent sur la sobri\u00e9t\u00e9 d\u00e9corative. Il s\u2019adresse aux pi\u00e8ces de vie de taille moyenne, o\u00f9 la recherche d\u2019\u00e9quilibre entre efficacit\u00e9 \u00e9nerg\u00e9tique et esth\u00e9tique est primordiale.<\/p>\n\n\n\n<p class=\"has-text-align-justify\">Ce po\u00eale d\u00e9veloppe une puissance nominale de 6 kW (r\u00e9duite \u00e0 4,3 kW), avec un rendement de 80 % et une efficacit\u00e9 \u00e9nerg\u00e9tique saisonni\u00e8re de 70%. Son indice d\u2019efficacit\u00e9 \u00e9nerg\u00e9tique atteint 106, et ses \u00e9missions mesur\u00e9es sont largement en-de\u00e7\u00e0 des seuils requis : CO 0,08 %, particules fines 30 mg\/Nm\u00b3, COV 70 mg\/Nm\u00b3, NOx 150 mg\/Nm\u00b3. <strong>AGATE<\/strong> accepte des b\u00fbches de 50 cm.<\/p>\n<\/div><\/div>\n\n\n\n<p style=\"font-size:25px\">GRENAT, UNE PR\u00c9SENCE AFFIRM\u00c9E POUR LES GRANDS VOLUMES<\/p>\n\n\n\n<div class=\"wp-block-media-text alignwide is-stacked-on-mobile\" style=\"grid-template-columns:35% auto\"><figure class=\"wp-block-media-text__media\"><img loading=\"lazy\" width=\"696\" height=\"908\" src=\"https:\/\/i0.wp.com\/batimedianews.com\/live\/wp-content\/uploads\/2026\/01\/image-202.png?resize=696%2C908\" alt=\"\" class=\"wp-image-49103 size-full\" srcset=\"https:\/\/i0.wp.com\/batimedianews.com\/live\/wp-content\/uploads\/2026\/01\/image-202.png?w=696&amp;ssl=1 696w, https:\/\/i0.wp.com\/batimedianews.com\/live\/wp-content\/uploads\/2026\/01\/image-202.png?resize=768%2C1001&amp;ssl=1 768w, https:\/\/i0.wp.com\/batimedianews.com\/live\/wp-content\/uploads\/2026\/01\/image-202.png?resize=432%2C564&amp;ssl=1 432w, https:\/\/i0.wp.com\/batimedianews.com\/live\/wp-content\/uploads\/2026\/01\/image-202.png?resize=396%2C517&amp;ssl=1 396w, https:\/\/i0.wp.com\/batimedianews.com\/live\/wp-content\/uploads\/2026\/01\/image-202.png?resize=660%2C861&amp;ssl=1 660w\" sizes=\"(max-width: 600px) 91vw, (max-width: 900px) 600px, (max-width: 1060px) 50vw, (max-width: 1200px) 520px, (max-width: 1400px) 43vw, 600px\" data-recalc-dims=\"1\" \/><\/figure><div class=\"wp-block-media-text__content\">\n<p class=\"has-text-align-justify\">Plus g\u00e9n\u00e9reux dans ses proportions, <strong>GRENAT<\/strong> offre une fa\u00e7ade vitr\u00e9e large qui sublime la flamme et devient un v\u00e9ritable \u00e9l\u00e9ment de d\u00e9coration int\u00e9rieure. Il d\u00e9veloppe la m\u00eame puissance nominale de 6 kW (r\u00e9duite \u00e0 4,3 kW), avec un rendement de 80 % et une efficacit\u00e9 \u00e9nerg\u00e9tique saisonni\u00e8re de 70 %.<\/p>\n\n\n\n<p>Ses performances environnementales sont identiques \u00e0 celles <strong>d\u2019AGATE<\/strong>, conformes aux crit\u00e8res \u00c9coDesign 2022 et \u00e0 la certification Flamme Verte 7 \u00e9toiles.<\/p>\n\n\n\n<p class=\"has-text-align-justify\">Avec des dimensions de 82 x 73 x 57 cm et un poids de 252 kg, il s\u2019adresse aux int\u00e9rieurs spacieux. Comme AGATE, il accepte des b\u00fbches de 50 cm et respecte des distances de s\u00e9curit\u00e9 de 1000 mm \u00e0 l\u2019avant, 550 mm sur les c\u00f4t\u00e9s et 450 mm \u00e0 l\u2019arri\u00e8re. Sa conception en fonte int\u00e9grale lui conf\u00e8re une inertie thermique remarquable et une diffusion lente de la chaleur, id\u00e9ale pour chauffer durablement de grands volumes.<\/p>\n<\/div><\/div>\n\n\n\n<p style=\"font-size:25px\">Caract\u00e9ristiques techniques<\/p>\n\n\n\n<div class=\"wp-block-media-text alignwide is-stacked-on-mobile\" style=\"grid-template-columns:40% auto\"><figure class=\"wp-block-media-text__media\"><img loading=\"lazy\" width=\"696\" height=\"524\" src=\"https:\/\/i2.wp.com\/batimedianews.com\/live\/wp-content\/uploads\/2026\/01\/SEGUINPhoto4.jpg?resize=696%2C524\" alt=\"\" class=\"wp-image-49105 size-full\" srcset=\"https:\/\/i2.wp.com\/batimedianews.com\/live\/wp-content\/uploads\/2026\/01\/SEGUINPhoto4.jpg?w=696&amp;ssl=1 696w, https:\/\/i2.wp.com\/batimedianews.com\/live\/wp-content\/uploads\/2026\/01\/SEGUINPhoto4.jpg?resize=600%2C452&amp;ssl=1 600w, https:\/\/i2.wp.com\/batimedianews.com\/live\/wp-content\/uploads\/2026\/01\/SEGUINPhoto4.jpg?resize=10%2C8&amp;ssl=1 10w, https:\/\/i2.wp.com\/batimedianews.com\/live\/wp-content\/uploads\/2026\/01\/SEGUINPhoto4.jpg?resize=432%2C325&amp;ssl=1 432w, https:\/\/i2.wp.com\/batimedianews.com\/live\/wp-content\/uploads\/2026\/01\/SEGUINPhoto4.jpg?resize=396%2C298&amp;ssl=1 396w, https:\/\/i2.wp.com\/batimedianews.com\/live\/wp-content\/uploads\/2026\/01\/SEGUINPhoto4.jpg?resize=660%2C497&amp;ssl=1 660w, https:\/\/i2.wp.com\/batimedianews.com\/live\/wp-content\/uploads\/2026\/01\/SEGUINPhoto4.jpg?resize=292%2C220&amp;ssl=1 292w\" sizes=\"(max-width: 600px) 91vw, (max-width: 900px) 600px, (max-width: 1060px) 50vw, (max-width: 1200px) 520px, (max-width: 1400px) 43vw, 600px\" data-recalc-dims=\"1\" \/><\/figure><div class=\"wp-block-media-text__content\">\n<ul><li>Puissance nominale : 6 kW (r\u00e9duite \u00e0 4.3 kW)<\/li><li>Rendement : 80%<\/li><li>Efficacit\u00e9 \u00e9nerg\u00e9tique saisonni\u00e8re (ETAS) : 70%<\/li><li>Indice d\u2019efficacit\u00e9 energ\u00e9tique (IEE) : 106<\/li><li>\u00c9missions \u00e0 13% O\u2082 : CO 0,08 % ; poussi\u00e8res 30 mg\/Nm\u00b3 ; COV 70 mg\/Nm\u00b3 ; NOx 150 mg\/Nm\u00b3<\/li><li>Classe \u00e9nerg\u00e9tique : A &#8211; Label Flamme Verte<\/li><li>Dimensions : 83 x 67 x 53 cm<\/li><li>Poids : 230 kg<\/li><li>Longueur de b\u00fbches : jusqu\u2019\u00e0 50 cm<\/li><li>Distances de s\u00e9curit\u00e9 : 1000 mm \u00e0 l\u2019avant, 550 mm sur les c\u00f4t\u00e9s, 450 mm \u00e0 l\u2019arri\u00e8re<\/li><li>Prix Public Conseill\u00e9 HT : 2 983 \u20ac (appareil seul)<\/li><\/ul>\n<\/div><\/div>\n\n\n\n<div class=\"wp-block-media-text alignwide is-stacked-on-mobile\" style=\"grid-template-columns:41% auto\"><figure class=\"wp-block-media-text__media\"><img loading=\"lazy\" width=\"696\" height=\"550\" src=\"https:\/\/i1.wp.com\/batimedianews.com\/live\/wp-content\/uploads\/2026\/01\/image-204.png?resize=696%2C550\" alt=\"\" class=\"wp-image-49106 size-full\" srcset=\"https:\/\/i1.wp.com\/batimedianews.com\/live\/wp-content\/uploads\/2026\/01\/image-204.png?w=696&amp;ssl=1 696w, https:\/\/i1.wp.com\/batimedianews.com\/live\/wp-content\/uploads\/2026\/01\/image-204.png?resize=768%2C606&amp;ssl=1 768w, https:\/\/i1.wp.com\/batimedianews.com\/live\/wp-content\/uploads\/2026\/01\/image-204.png?resize=432%2C341&amp;ssl=1 432w, https:\/\/i1.wp.com\/batimedianews.com\/live\/wp-content\/uploads\/2026\/01\/image-204.png?resize=396%2C313&amp;ssl=1 396w, https:\/\/i1.wp.com\/batimedianews.com\/live\/wp-content\/uploads\/2026\/01\/image-204.png?resize=660%2C522&amp;ssl=1 660w\" sizes=\"(max-width: 600px) 91vw, (max-width: 900px) 600px, (max-width: 1060px) 50vw, (max-width: 1200px) 520px, (max-width: 1400px) 43vw, 600px\" data-recalc-dims=\"1\" \/><\/figure><div class=\"wp-block-media-text__content\">\n<ul><li>Puissance nominale : 6 kW (r\u00e9duite \u00e0 4.3 kW)<\/li><li>Rendement : 80%<\/li><li>Efficacit\u00e9 \u00e9nerg\u00e9tique saisonni\u00e8re (ETAS) : 70%<\/li><li>Indice d\u2019efficacit\u00e9 energ\u00e9tique (IEE) : 106<\/li><li>\u00c9missions \u00e0 13% O\u2082 : CO 0,08 % ; poussi\u00e8res30 mg\/Nm\u00b3 ; COV 70 mg\/Nm\u00b3 ; NOx 150 mg\/Nm\u00b3<\/li><li>Classe \u00e9nerg\u00e9tique : A &#8211; Label Flamme Verte<\/li><li>Dimensions : 82 x 73 x 57 cm<\/li><li>Poids : 252 kg<\/li><li>Longueur de b\u00fbches : jusqu\u2019\u00e0 50 cm<\/li><li>Distances de s\u00e9curit\u00e9 : 1000 mm \u00e0 l\u2019avant, 550 mm sur les c\u00f4t\u00e9s, 450 mm \u00e0 l\u2019arri\u00e8re<\/li><li>Prix Public Conseill\u00e9 HT : 3 232 \u20ac (appareil seul)<\/li><\/ul>\n<\/div><\/div>\n\n\n\n<p class=\"has-text-align-center\"><strong>Les po\u00eales AGATE et GRENAT sont disponibles depuis septembre 2025 commercialis\u00e9s sous la marque SEGUIN Une histoire de flamme dans les magasins du r\u00e9seau SEGUIN, Depuis 1976<\/strong><\/p>\n\n\n\n<figure class=\"wp-block-image size-full\"><img loading=\"lazy\" width=\"720\" height=\"435\" src=\"https:\/\/i1.wp.com\/batimedianews.com\/live\/wp-content\/uploads\/2026\/01\/image-205.png?resize=720%2C435\" alt=\"\" class=\"wp-image-49107\" srcset=\"https:\/\/i1.wp.com\/batimedianews.com\/live\/wp-content\/uploads\/2026\/01\/image-205.png?w=1632&amp;ssl=1 1632w, https:\/\/i1.wp.com\/batimedianews.com\/live\/wp-content\/uploads\/2026\/01\/image-205.png?resize=768%2C464&amp;ssl=1 768w, https:\/\/i1.wp.com\/batimedianews.com\/live\/wp-content\/uploads\/2026\/01\/image-205.png?resize=432%2C261&amp;ssl=1 432w, https:\/\/i1.wp.com\/batimedianews.com\/live\/wp-content\/uploads\/2026\/01\/image-205.png?resize=396%2C239&amp;ssl=1 396w, https:\/\/i1.wp.com\/batimedianews.com\/live\/wp-content\/uploads\/2026\/01\/image-205.png?resize=1120%2C677&amp;ssl=1 1120w, https:\/\/i1.wp.com\/batimedianews.com\/live\/wp-content\/uploads\/2026\/01\/image-205.png?resize=660%2C399&amp;ssl=1 660w, https:\/\/i1.wp.com\/batimedianews.com\/live\/wp-content\/uploads\/2026\/01\/image-205.png?w=1440 1440w\" sizes=\"(max-width: 600px) 91vw, (max-width: 900px) 600px, (max-width: 1060px) 50vw, (max-width: 1200px) 520px, (max-width: 1400px) 43vw, 600px\" data-recalc-dims=\"1\" \/><\/figure>\n\n\n\n<figure class=\"wp-block-image size-full is-resized\"><img loading=\"lazy\" src=\"https:\/\/i1.wp.com\/batimedianews.com\/live\/wp-content\/uploads\/2026\/01\/image-206.png?resize=203%2C49\" alt=\"\" class=\"wp-image-49108\" width=\"203\" height=\"49\" srcset=\"https:\/\/i1.wp.com\/batimedianews.com\/live\/wp-content\/uploads\/2026\/01\/image-206.png?w=860&amp;ssl=1 860w, https:\/\/i1.wp.com\/batimedianews.com\/live\/wp-content\/uploads\/2026\/01\/image-206.png?resize=768%2C183&amp;ssl=1 768w, https:\/\/i1.wp.com\/batimedianews.com\/live\/wp-content\/uploads\/2026\/01\/image-206.png?resize=432%2C103&amp;ssl=1 432w, https:\/\/i1.wp.com\/batimedianews.com\/live\/wp-content\/uploads\/2026\/01\/image-206.png?resize=396%2C95&amp;ssl=1 396w, https:\/\/i1.wp.com\/batimedianews.com\/live\/wp-content\/uploads\/2026\/01\/image-206.png?resize=660%2C158&amp;ssl=1 660w\" sizes=\"(max-width: 600px) 91vw, (max-width: 900px) 600px, (max-width: 1060px) 50vw, (max-width: 1200px) 520px, (max-width: 1400px) 43vw, 600px\" data-recalc-dims=\"1\" \/><\/figure>\n\n\n\n<p>Depuis 1976, le Groupe SEGUIN con\u00e7oit, fabrique et distribue des appareils de chauffage, pour le confort de tous. Fort de ses acquisitions europ\u00e9ennes, cette entreprise familiale fait aujourd\u2019hui partie des leaders du chauffage au bois en France et propose une large gamme d\u2019appareils performants et esth\u00e9tiques. Le Groupe investit sur l\u2019innovation afin de rendre ses appareils toujours plus fiables, plus ergonomiques, pr\u00e9sentant de meilleures performances \u00e9nerg\u00e9tiques et environnementales pour un rapport qualit\u00e9\/prix comp\u00e9titif<\/p>\n","protected":false},"excerpt":{"rendered":"<p>Le Groupe SEGUIN (concepteur, fabricant et distributeur fran\u00e7ais de solutions de chauffage ; chemin\u00e9es, foyers \u00e0 bois, inserts, po\u00eales \u00e0 bois, po\u00eales \u00e0 granul\u00e9s), reconnu pour son exigence en mati\u00e8re de confort thermique et de design, enrichit son offre avec AGATE et GRENAT, deux nouveaux po\u00eales \u00e0 bois en fonte. Con\u00e7us et assembl\u00e9s dans l\u2019ATELIER [&hellip;]<\/p>\n","protected":false},"author":41,"featured_media":49109,"comment_status":"open","ping_status":"open","sticky":true,"template":"","format":"standard","meta":{"spay_email":""},"categories":[4,868,1404],"tags":[],"jetpack_featured_media_url":"https:\/\/i1.wp.com\/batimedianews.com\/live\/wp-content\/uploads\/2026\/01\/SEGUIN.jpg?fit=1513%2C825&ssl=1","jetpack_sharing_enabled":true,"jetpack_likes_enabled":true,"jetpack-related-posts":[{"id":41080,"url":"https:\/\/batimedianews.com\/live\/index.php\/2024\/11\/04\/ogar-poeles-et-inserts-a-bois-etanches-une-nouvelle-conception-pour-un-rendement-haute-performance\/","url_meta":{"origin":49099,"position":0},"title":"OGAR, po\u00eales et inserts \u00e0 bois \u00e9tanches &#8211; Une nouvelle conception pour un rendement haute performance","date":"4 novembre 2024","format":false,"excerpt":"\u00a0NOUVEAUT\u00c9 COLLECTION AUTOMNE HIVER 2024\/2025 \u00a0Communiqu\u00e9 de presse : octobre 2024 Dans le cadre de sa collection automne hiver 2024\/2025, le Groupe SEGUIN (concepteur, fabricant et distributeur fran\u00e7ais de solutions de chauffage (chemin\u00e9es, foyers \u00e0 bois, inserts, po\u00eales \u00e0 bois, po\u00eales \u00e0 granul\u00e9s) pr\u00e9sente OGAR, sa nouvelle gamme de po\u00eales\u2026","rel":"","context":"Dans &quot;Actualit\u00e9 Entreprises&quot;","img":{"alt_text":"","src":"https:\/\/i1.wp.com\/batimedianews.com\/live\/wp-content\/uploads\/2024\/10\/Seguin-articles-.jpg?fit=825%2C825&ssl=1&resize=350%2C200","width":350,"height":200},"classes":[]},{"id":1393,"url":"https:\/\/batimedianews.com\/live\/index.php\/2019\/07\/09\/seguin-offre-un-confort-thermique-optimal-avec-la-solution-air-confort\/","url_meta":{"origin":49099,"position":1},"title":"SEGUIN offre un confort thermique optimal avec la solution AIR-CONFORT","date":"9 juillet 2019","format":false,"excerpt":"En \u00e9t\u00e9, la chaleur incite \u00e0 employer des syst\u00e8mes de ventilation ou de climatisation pour se rafra\u00eechir. Quelques mois apr\u00e8s, la saison hivernale inverse la tendance : les int\u00e9rieurs ont besoin de se r\u00e9chauffer avec l\u2019utilisation de radiateurs, po\u00eales et chemin\u00e9es. Les foyers sont ainsi amen\u00e9s \u00e0 s\u2019encombrer de diff\u00e9rents\u2026","rel":"","context":"Dans &quot;Actualit\u00e9 Entreprises&quot;","img":{"alt_text":"","src":"https:\/\/i0.wp.com\/batimedianews.com\/live\/wp-content\/uploads\/2019\/08\/seguin_1.jpg?fit=496%2C422&ssl=1&resize=350%2C200","width":350,"height":200},"classes":[]},{"id":32700,"url":"https:\/\/batimedianews.com\/live\/index.php\/2023\/11\/08\/hiver-2023-aasgard-leader-du-poele-a-bois-devoile-les-astuces-dun-chauffage-abordable-et-ecologique\/","url_meta":{"origin":49099,"position":2},"title":"Hiver 2023 A\u00c4SGARD leader du po\u00eale \u00e0 bois d\u00e9voile les astuces d\u2019un chauffage abordable et \u00e9cologique","date":"8 novembre 2023","format":false,"excerpt":"1. **Durabilit\u00e9 et Impact Environnemental : Comment les produits d'A\u00e4sgard int\u00e8grent-ils des pratiques durables et quel est leur impact environnemental compar\u00e9 \u00e0 d'autres m\u00e9thodes de chauffage traditionnelles ?Le po\u00eale \u00e0 bois scandinave permet de r\u00e9duire son empreinte carbone car\u00a0il fonctionne au bois,\u00a0une \u00e9nergie renouvelable, performante et bon march\u00e9\u00a0\u00e0 condition qu'il\u2026","rel":"","context":"Dans &quot;Actualit\u00e9 Entreprises&quot;","img":{"alt_text":"","src":"https:\/\/i2.wp.com\/batimedianews.com\/live\/wp-content\/uploads\/2023\/11\/aasgard.jpeg?fit=550%2C300&ssl=1&resize=350%2C200","width":350,"height":200},"classes":[]},{"id":12722,"url":"https:\/\/batimedianews.com\/live\/index.php\/2021\/10\/08\/avec-inovalp-fabricant-de-poeles-a-granules-bois-lindustrie-francaise-confirme-sa-bonne-sante\/","url_meta":{"origin":49099,"position":3},"title":"AVEC INOVALP, FABRICANT DE POELES A GRANULES BOIS, L\u2019INDUSTRIE FRAN\u00c7AISE CONFIRME SA BONNE SANTE !","date":"8 octobre 2021","format":false,"excerpt":"Pr\u00e9sente au MIF, l\u2019entreprise is\u00e9roise exposera ses produits phares, con\u00e7us pour l\u2019essentiel sur le territoire rh\u00f4nalpin, et valorisera ainsi son savoir-faire au service de la transition \u00e9nerg\u00e9tique Devenu central dans la r\u00e9flexion d\u2019achat des consommateurs, le Made in France est en constante \u00e9volution et conna\u00eet une croissance non d\u00e9mentie *.\u2026","rel":"","context":"Dans &quot;Actualit\u00e9 Entreprises&quot;","img":{"alt_text":"","src":"https:\/\/i0.wp.com\/batimedianews.com\/live\/wp-content\/uploads\/2021\/10\/Inovalp-Article.jpg?fit=512%2C512&ssl=1&resize=350%2C200","width":350,"height":200},"classes":[]},{"id":26709,"url":"https:\/\/batimedianews.com\/live\/index.php\/2023\/03\/06\/la-marque-francaise-hoben-presente-son-dernier-modele-le-poele-rond-osmose\/","url_meta":{"origin":49099,"position":4},"title":"La marque Fran\u00e7aise HOBEN pr\u00e9sente son dernier mod\u00e8le : le po\u00eale  ROND OSMOSE","date":"6 mars 2023","format":false,"excerpt":"H7 OSMOSE, LE PETIT PO\u00caLE ROND AU DESIGN \u00c9PUR\u00c9 OSMOSE est le 1 po\u00eale \u00e0 granul\u00e9s bois du march\u00e9 proposant une sortie concentrique, centr\u00e9e sur le dessus du po\u00eale. Lanc\u00e9 officiellement sur le salon sp\u00e9cialis\u00e9 BePOSITIVE fin mars \u00e0 Lyon, le dernier n\u00e9 de la collection HOBEN Signature est tr\u00e8s\u2026","rel":"","context":"Dans &quot;Actualit\u00e9 Entreprises&quot;","img":{"alt_text":"","src":"https:\/\/i2.wp.com\/batimedianews.com\/live\/wp-content\/uploads\/2023\/03\/Inovalp-Article.jpg?fit=1080%2C1080&ssl=1&resize=350%2C200","width":350,"height":200},"classes":[]},{"id":40592,"url":"https:\/\/batimedianews.com\/live\/index.php\/2024\/10\/15\/aasgard-lalternative-design-et-durable-face-a-linterdiction-des-cheminees-a-foyer-ouvert\/","url_meta":{"origin":49099,"position":5},"title":"A\u00e4sgard : L&rsquo;alternative design et durable face \u00e0 l\u2019interdiction des chemin\u00e9es \u00e0 foyer ouvert","date":"15 octobre 2024","format":false,"excerpt":"Paris, le 8 octobre 2024 \u2013 Face aux r\u00e9glementations sur l'utilisation des chemin\u00e9es \u00e0 foyer ouvert dans le Rh\u00f4ne, l'Is\u00e8re et l'Ain, A\u00e4sgard, leader des po\u00eales \u00e0 bois scandinaves, propose une alternative alliant performance, esth\u00e9tique et \u00e9cologie pour continuer \u00e0 profiter de la chaleur du bois tout en respectant l'environnement.\u2026","rel":"","context":"Dans &quot;Actualit\u00e9 Entreprises&quot;","img":{"alt_text":"","src":"https:\/\/i1.wp.com\/batimedianews.com\/live\/wp-content\/uploads\/2024\/10\/AASGARD-articles-.jpg?fit=825%2C825&ssl=1&resize=350%2C200","width":350,"height":200},"classes":[]}],"_links":{"self":[{"href":"https:\/\/batimedianews.com\/live\/index.php\/wp-json\/wp\/v2\/posts\/49099"}],"collection":[{"href":"https:\/\/batimedianews.com\/live\/index.php\/wp-json\/wp\/v2\/posts"}],"about":[{"href":"https:\/\/batimedianews.com\/live\/index.php\/wp-json\/wp\/v2\/types\/post"}],"author":[{"embeddable":true,"href":"https:\/\/batimedianews.com\/live\/index.php\/wp-json\/wp\/v2\/users\/41"}],"replies":[{"embeddable":true,"href":"https:\/\/batimedianews.com\/live\/index.php\/wp-json\/wp\/v2\/comments?post=49099"}],"version-history":[{"count":2,"href":"https:\/\/batimedianews.com\/live\/index.php\/wp-json\/wp\/v2\/posts\/49099\/revisions"}],"predecessor-version":[{"id":49131,"href":"https:\/\/batimedianews.com\/live\/index.php\/wp-json\/wp\/v2\/posts\/49099\/revisions\/49131"}],"wp:featuredmedia":[{"embeddable":true,"href":"https:\/\/batimedianews.com\/live\/index.php\/wp-json\/wp\/v2\/media\/49109"}],"wp:attachment":[{"href":"https:\/\/batimedianews.com\/live\/index.php\/wp-json\/wp\/v2\/media?parent=49099"}],"wp:term":[{"taxonomy":"category","embeddable":true,"href":"https:\/\/batimedianews.com\/live\/index.php\/wp-json\/wp\/v2\/categories?post=49099"},{"taxonomy":"post_tag","embeddable":true,"href":"https:\/\/batimedianews.com\/live\/index.php\/wp-json\/wp\/v2\/tags?post=49099"}],"curies":[{"name":"wp","href":"https:\/\/api.w.org\/{rel}","templated":true}]}}