{"id":49118,"date":"2026-01-28T08:57:55","date_gmt":"2026-01-28T07:57:55","guid":{"rendered":"http:\/\/batimedianews.com\/live\/?p=49118"},"modified":"2026-01-28T08:57:58","modified_gmt":"2026-01-28T07:57:58","slug":"vaillant-group-academie-intensifie-son-engagement-pour-la-montee-en-competences-des-professionnels-du-genie-climatique","status":"publish","type":"post","link":"https:\/\/batimedianews.com\/live\/index.php\/2026\/01\/28\/vaillant-group-academie-intensifie-son-engagement-pour-la-montee-en-competences-des-professionnels-du-genie-climatique\/","title":{"rendered":"Vaillant Group Acad\u00e9mie intensifie son engagement pour la mont\u00e9e en comp\u00e9tences des professionnels du g\u00e9nie climatique"},"content":{"rendered":"\n<p class=\"has-text-align-justify\"><strong>Fontenay-sous-Bois, le 27 janvier 2026<\/strong>&nbsp;&#8211; Alors que les besoins en comp\u00e9tences qualifi\u00e9es explosent dans le g\u00e9nie climatique, la formation continue s&rsquo;impose comme un levier indispensable pour r\u00e9pondre aux d\u00e9fis de la transition \u00e9nerg\u00e9tique. Dans ce contexte, Vaillant Group Acad\u00e9mie (marques Saunier Duval et Vaillant) a assur\u00e9 plus de&nbsp;<strong>3 500 jours-hommes de formation<\/strong>&nbsp;aupr\u00e8s de<strong>&nbsp;2 370 entreprises en 2024<\/strong>. Les chiffres annonc\u00e9s pour 2025 \u00e9tant d\u00e9j\u00e0 en hausse, Vaillant Group Acad\u00e9mie confirme son r\u00f4le de partenaire incontournable du g\u00e9nie climatique et la mont\u00e9e en puissance de ses&nbsp;<strong>10 centres de formation<\/strong>. Certifi\u00e9e Qualiopi, Vaillant Group Acad\u00e9mie affiche un taux de satisfaction de 96 % et 92 % de r\u00e9ussite.<\/p>\n\n\n\n<p class=\"has-text-align-justify\">\u00ab<em>&nbsp;Les attentes des professionnels \u00e9voluent tr\u00e8s vite et notre mission est d&rsquo;y r\u00e9pondre avec des formations qui apportent une r\u00e9elle valeur d&rsquo;usage sur le terrain. Nous ne transmettons pas uniquement de la th\u00e9orie : nous outillons les techniciens et installateurs pour qu&rsquo;ils gagnent en autonomie, en pr\u00e9cision d&rsquo;intervention et en confiance. C&rsquo;est tout le sens de notre d\u00e9marche : accompagner la mont\u00e9e en comp\u00e9tences de la fili\u00e8re, partout en France, avec des parcours structur\u00e9s, des outils modernes et une p\u00e9dagogie ancr\u00e9e dans la pratique&nbsp;<\/em>\u00bb, souligne Gr\u00e9gory Eletufe, Responsable Formation de Vaillant Group Acad\u00e9mie.<\/p>\n\n\n\n<p><strong>Des contenus align\u00e9s sur les besoins du terrain et la diversit\u00e9 du march\u00e9<\/strong><\/p>\n\n\n\n<p class=\"has-text-align-justify\">Pour r\u00e9pondre aux besoins vari\u00e9s des professionnels du g\u00e9nie climatique, Vaillant Group Acad\u00e9mie propose une large gamme de formations couvrant diff\u00e9rents profils et niveaux de comp\u00e9tences. Parmi les exemples de parcours propos\u00e9s :<\/p>\n\n\n\n<ul><li>des formations pour les assistants et assistantes de SAV afin d&rsquo;optimiser l&rsquo;accueil et la gestion des appels<\/li><li>des modules sur l&rsquo;identification et la mise en conformit\u00e9 des installations de gaz<\/li><li>des habilitations \u00e9lectrique Basse tension BR-B1-B1V-B2-B2V<\/li><\/ul>\n\n\n\n<p class=\"has-text-align-justify\">Vaillant Group Acad\u00e9mie propose une pluralit\u00e9 de formations con\u00e7ues pour r\u00e9pondre directement aux enjeux des professionnels.<\/p>\n\n\n\n<p class=\"has-text-align-justify\">Les parcours PAC, destin\u00e9s aux techniciens et installateurs, pr\u00e9parent aux certifications Manipulation des fluides frigorig\u00e8nes ou QualiPAC. Organis\u00e9s en quatre modules sur 11 jours,&nbsp;<strong>ils atteignent 85 % de r\u00e9ussite au premier semestre 2025<\/strong>&nbsp;et constituent aujourd&rsquo;hui l&rsquo;une des offres les plus demand\u00e9es.<\/p>\n\n\n\n<p>De nouvelles formations PAC seront d\u00e9voil\u00e9es au second semestre 2026 afin de suivre l&rsquo;\u00e9volution du march\u00e9.<\/p>\n\n\n\n<p><strong>Une p\u00e9dagogie modernis\u00e9e pour des apprentissages plus interactifs<\/strong><\/p>\n\n\n\n<p class=\"has-text-align-justify\">Vaillant Group Acad\u00e9mie mise sur des m\u00e9thodes innovantes pour rendre les formations plus immersives et op\u00e9rationnelles. Les sessions utilisent des \u00e9crans interactifs et des quizz en ligne pour favoriser l&rsquo;\u00e9change et permettre aux participants de tester leurs acquis en temps r\u00e9el.<\/p>\n\n\n\n<p class=\"has-text-align-justify\">Gr\u00e2ce \u00e0 cet accompagnement progressif, chaque stagiaire peut consolider ses comp\u00e9tences \u00e0 son rythme et revenir sur le terrain avec plus de confiance et d&rsquo;efficacit\u00e9. Le service presse de Vaillant Group Acad\u00e9mie est \u00e0 disposition pour toute demande d&rsquo;information compl\u00e9mentaire ou demande d&rsquo;\u00e9change avec un repr\u00e9sentant.<\/p>\n\n\n\n<p><strong><em>\u00c0 propos de Vaillant Group<\/em><\/strong><em>\u202f\u202f\u202f<\/em>&nbsp;<\/p>\n\n\n\n<p class=\"has-text-align-justify\"><em>Avec ses deux marques Saunier Duval et Vaillant, Vaillant Group est un acteur incontournable du march\u00e9 du confort thermique en France. N\u00b0 1 sur le march\u00e9 des chaudi\u00e8res murales gaz condensation, le groupe con\u00e7oit, fabrique et commercialise un ensemble de solutions pour le chauffage, le rafra\u00eechissement et l&rsquo;eau chaude sanitaire : pompes \u00e0 chaleur a\u00e9rothermiques et g\u00e9othermiques, chaudi\u00e8res murales et sol gaz, syst\u00e8mes solaires thermiques, chauffe-eau thermodynamiques, r\u00e9gulations connect\u00e9es&#8230;<\/em><\/p>\n","protected":false},"excerpt":{"rendered":"<p>Fontenay-sous-Bois, le 27 janvier 2026&nbsp;&#8211; Alors que les besoins en comp\u00e9tences qualifi\u00e9es explosent dans le g\u00e9nie climatique, la formation continue s&rsquo;impose comme un levier indispensable pour r\u00e9pondre aux d\u00e9fis de la transition \u00e9nerg\u00e9tique. Dans ce contexte, Vaillant Group Acad\u00e9mie (marques Saunier Duval et Vaillant) a assur\u00e9 plus de&nbsp;3 500 jours-hommes de formation&nbsp;aupr\u00e8s de&nbsp;2 370 entreprises [&hellip;]<\/p>\n","protected":false},"author":41,"featured_media":49119,"comment_status":"open","ping_status":"open","sticky":true,"template":"","format":"standard","meta":{"spay_email":""},"categories":[4,67,99],"tags":[],"jetpack_featured_media_url":"https:\/\/i0.wp.com\/batimedianews.com\/live\/wp-content\/uploads\/2026\/01\/Vaillant.jpg?fit=1513%2C825&ssl=1","jetpack_sharing_enabled":true,"jetpack_likes_enabled":true,"jetpack-related-posts":[{"id":47312,"url":"https:\/\/batimedianews.com\/live\/index.php\/2025\/10\/09\/salon-artibat-saunier-duval-et-vaillant-presentent-en-avant-premiere-leurs-gammes-de-pompes-a-chaleur-2026\/","url_meta":{"origin":49118,"position":0},"title":"Salon Artibat : Saunier Duval et Vaillant pr\u00e9sentent en avant-premi\u00e8re leurs gammes de pompes \u00e0 chaleur 2026","date":"9 octobre 2025","format":false,"excerpt":"A l\u2019occasion du salon Artibat, le grand rendez-vous annuel incontournable des acteurs du b\u00e2timent, Saunier Duval et Vaillant vont pr\u00e9senter en exclusivit\u00e9 leurs nouvelles gammes de pompes \u00e0 chaleur au R290. Avec ces nouvelles gammes, Vaillant Group confirme sa volont\u00e9 d\u2019innover avec des solutions performantes et durables, adapt\u00e9es aux d\u00e9fis\u2026","rel":"","context":"Dans &quot;Actualit\u00e9 Entreprises&quot;","img":{"alt_text":"","src":"https:\/\/i1.wp.com\/batimedianews.com\/live\/wp-content\/uploads\/2025\/10\/Vaillant.jpg?fit=825%2C825&ssl=1&resize=350%2C200","width":350,"height":200},"classes":[]},{"id":45982,"url":"https:\/\/batimedianews.com\/live\/index.php\/2025\/07\/28\/etat-des-lieux-du-marche-de-la-pompe-a-chaleur-en-france-un-produit-apprecie-mais-mal-connu\/","url_meta":{"origin":49118,"position":1},"title":"Etat des lieux du march\u00e9 de la pompe \u00e0 chaleur en France : un produit appr\u00e9ci\u00e9 mais mal connu","date":"28 juillet 2025","format":false,"excerpt":"\u00c9tude exclusive BVA Xsight pour Vaillant Group La pompe \u00e0 chaleur est la 3e installation de chauffage en France*Plus de la moiti\u00e9 des Fran\u00e7ais (54 %*) estime que la pompe \u00e0 chaleur permet de r\u00e9duire les factures \u00e9nerg\u00e9tiques93 % des possesseurs de pompes \u00e0 chaleur s\u2019en d\u00e9clarent satisfaits Fontenay-sous-Bois, le\u2026","rel":"","context":"Dans &quot;Actualit\u00e9 Entreprises&quot;","img":{"alt_text":"","src":"https:\/\/i1.wp.com\/batimedianews.com\/live\/wp-content\/uploads\/2025\/07\/VaillantGroup.jpg?fit=825%2C825&ssl=1&resize=350%2C200","width":350,"height":200},"classes":[]},{"id":47962,"url":"https:\/\/batimedianews.com\/live\/index.php\/2025\/11\/28\/etat-des-lieux-du-marche-de-la-pompe-a-chaleur-en-france-un-produit-apprecie-mais-mal-connu-2\/","url_meta":{"origin":49118,"position":2},"title":"Etat des lieux du march\u00e9 de la pompe \u00e0 chaleur en France : un produit appr\u00e9ci\u00e9 mais mal connu","date":"28 novembre 2025","format":false,"excerpt":"\u00c9tude exclusive BVA Xsight pour Vaillant Group La pompe \u00e0 chaleur est la 3e installation de chauffage en France*Plus de la moiti\u00e9 des Fran\u00e7ais (54 %*) estime que la pompe \u00e0 chaleur permet de r\u00e9duire les factures \u00e9nerg\u00e9tiques93 % des possesseurs de pompes \u00e0 chaleur s\u2019en d\u00e9clarent satisfaits Fontenay-sous-Bois, le\u2026","rel":"","context":"Dans &quot;Actualit\u00e9 Entreprises&quot;","img":{"alt_text":"","src":"https:\/\/i2.wp.com\/batimedianews.com\/live\/wp-content\/uploads\/2025\/11\/VaillantGroup.jpg?fit=825%2C825&ssl=1&resize=350%2C200","width":350,"height":200},"classes":[]},{"id":38390,"url":"https:\/\/batimedianews.com\/live\/index.php\/2024\/07\/10\/formation-aux-metiers-du-genie-climatique-et-des-energies-renouvelables-lorganisme-de-formation-airwell-academy-lance-son-site-internet\/","url_meta":{"origin":49118,"position":3},"title":"Formation aux m\u00e9tiers du g\u00e9nie climatique et des \u00e9nergies renouvelables &#8211; L\u2019organisme de formation AIRWELL ACADEMY lance son site internet","date":"10 juillet 2024","format":false,"excerpt":"C\u2019est fait ! airwell-academy.fr - le site Airwell Academy, l\u2019organisme de formation sur-mesure d\u00e9di\u00e9 \u00e0 la fili\u00e8re du g\u00e9nie climatique et des \u00e9nergies renouvelables est en ligne. Entreprises et candidats ont d\u00e9sormais acc\u00e8s \u00e0 toutes les informations utiles aux formations m\u00e9tiers - certifiantes et qualifiantes sur-mesure. Certifi\u00e9e Qualiopi et Veritas\u2026","rel":"","context":"Dans &quot;Actualit\u00e9 Entreprises&quot;","img":{"alt_text":"","src":"https:\/\/i2.wp.com\/batimedianews.com\/live\/wp-content\/uploads\/2024\/06\/Airwell-articles-.jpg?fit=825%2C825&ssl=1&resize=350%2C200","width":350,"height":200},"classes":[]},{"id":23198,"url":"https:\/\/batimedianews.com\/live\/index.php\/2022\/09\/16\/trains-et-bus-pour-interclima-2022-en-route-vers-le-succes\/","url_meta":{"origin":49118,"position":4},"title":"Trains et bus pour INTERCLIMA 2022 : en route vers le succ\u00e8s !","date":"16 septembre 2022","format":false,"excerpt":"Rendez-vous f\u00e9d\u00e9rateur des acteurs du g\u00e9nie climatique, INTERCLIMA 2022 (du 3 au 6 octobre \u00e0 Paris-Porte de Versailles) confirme son dynamisme et son attractivit\u00e9.\u00a0 Pour l\u2019\u00e9dition 2022, RX et Uniclima mettent \u00e0 nouveau des moyens exceptionnels pour contribuer au faire-venir d\u2019environ 3 000 visiteurs en provenance de toute la France.\u00a0\u2026","rel":"","context":"Dans &quot;Fil d'actu Interclima 2022&quot;","img":{"alt_text":"","src":"https:\/\/i0.wp.com\/batimedianews.com\/live\/wp-content\/uploads\/2022\/09\/Interclima-Article-1.jpg?fit=1080%2C1080&ssl=1&resize=350%2C200","width":350,"height":200},"classes":[]},{"id":26865,"url":"https:\/\/batimedianews.com\/live\/index.php\/2023\/03\/11\/le-salon-ish-2023-a-francfort-doit-confirmer-lenorme-developpement-des-pompes-a-chaleur\/","url_meta":{"origin":49118,"position":5},"title":"Le salon ISH 2023 \u00e0 Francfort doit confirmer l\u2019\u00e9norme d\u00e9veloppement des pompes \u00e0 chaleur","date":"11 mars 2023","format":false,"excerpt":"La derni\u00e8re \u00e9dition d\u2019ISH date de 2019. Depuis, sous l\u2019influence de la guerre en Ukraine, du changement climatique et de l\u2019\u00e9volution r\u00e8glementaire, le monde du chauffage a chang\u00e9. Pascal Poggi ISH 2023 sera l\u2019occasion de comprendre comment les industriels europ\u00e9ens ont r\u00e9agi au changement de paradigme \u00e9nerg\u00e9tique depuis l\u2019invasion de\u2026","rel":"","context":"Dans &quot;Articles et analyses&quot;","img":{"alt_text":"","src":"https:\/\/i1.wp.com\/batimedianews.com\/live\/wp-content\/uploads\/2023\/03\/ish-prearticle-1.jpeg?fit=1200%2C1200&ssl=1&resize=350%2C200","width":350,"height":200},"classes":[]}],"_links":{"self":[{"href":"https:\/\/batimedianews.com\/live\/index.php\/wp-json\/wp\/v2\/posts\/49118"}],"collection":[{"href":"https:\/\/batimedianews.com\/live\/index.php\/wp-json\/wp\/v2\/posts"}],"about":[{"href":"https:\/\/batimedianews.com\/live\/index.php\/wp-json\/wp\/v2\/types\/post"}],"author":[{"embeddable":true,"href":"https:\/\/batimedianews.com\/live\/index.php\/wp-json\/wp\/v2\/users\/41"}],"replies":[{"embeddable":true,"href":"https:\/\/batimedianews.com\/live\/index.php\/wp-json\/wp\/v2\/comments?post=49118"}],"version-history":[{"count":2,"href":"https:\/\/batimedianews.com\/live\/index.php\/wp-json\/wp\/v2\/posts\/49118\/revisions"}],"predecessor-version":[{"id":49122,"href":"https:\/\/batimedianews.com\/live\/index.php\/wp-json\/wp\/v2\/posts\/49118\/revisions\/49122"}],"wp:featuredmedia":[{"embeddable":true,"href":"https:\/\/batimedianews.com\/live\/index.php\/wp-json\/wp\/v2\/media\/49119"}],"wp:attachment":[{"href":"https:\/\/batimedianews.com\/live\/index.php\/wp-json\/wp\/v2\/media?parent=49118"}],"wp:term":[{"taxonomy":"category","embeddable":true,"href":"https:\/\/batimedianews.com\/live\/index.php\/wp-json\/wp\/v2\/categories?post=49118"},{"taxonomy":"post_tag","embeddable":true,"href":"https:\/\/batimedianews.com\/live\/index.php\/wp-json\/wp\/v2\/tags?post=49118"}],"curies":[{"name":"wp","href":"https:\/\/api.w.org\/{rel}","templated":true}]}}