{"id":49137,"date":"2026-01-29T09:24:58","date_gmt":"2026-01-29T08:24:58","guid":{"rendered":"http:\/\/batimedianews.com\/live\/?p=49137"},"modified":"2026-01-29T09:25:01","modified_gmt":"2026-01-29T08:25:01","slug":"conjoncture-et-perspectives-des-industries-des-produits-de-construction-les-resultats-de-lenquete-dopinion-de-laimcc","status":"publish","type":"post","link":"https:\/\/batimedianews.com\/live\/index.php\/2026\/01\/29\/conjoncture-et-perspectives-des-industries-des-produits-de-construction-les-resultats-de-lenquete-dopinion-de-laimcc\/","title":{"rendered":"Conjoncture et perspectives des industries des produits de construction : les r\u00e9sultats de l\u2019enqu\u00eate d\u2019opinion de l\u2019AIMCC"},"content":{"rendered":"\n<p class=\"has-text-align-justify\"><strong>L\u2019AIMCC a organis\u00e9 le 28 janvier une conf\u00e9rence pour pr\u00e9senter les r\u00e9sultats de son enqu\u00eate annuelle d\u2019opinion.&nbsp;<\/strong>Les pr\u00e9sidents de l\u2019ensemble des organisations professionnelles, membres de l\u2019AIMCC, fabricants de produits de gros \u0153uvre, second \u0153uvre et \u00e9quipements ont \u00e9t\u00e9 invit\u00e9s \u00e0 y r\u00e9pondre en ligne en d\u00e9cembre 2025.&nbsp;<strong>21 des 36 organisations professionnelles interrog\u00e9es ont r\u00e9pondu, soit un taux global de r\u00e9ponse de 58 %&nbsp;r\u00e9partis&nbsp;entre le gros \u0153uvre (42 %), le second \u0153uvre (48 %) et les \u00e9quipements (10 %).<\/strong><\/p>\n\n\n\n<p class=\"has-sm-dark-primary-color has-text-color\"><strong>Bilan de l\u2019ann\u00e9e 2025&nbsp;:&nbsp;principaux r\u00e9sultats de l\u2019enqu\u00eate<\/strong><\/p>\n\n\n\n<p class=\"has-text-align-justify\">Les r\u00e9sultats font appara\u00eetre que les industriels de l\u2019AIMCC ont connu une nouvelle baisse de leur volume d\u2019activit\u00e9 en 2025.&nbsp;<strong>Aucune industrie ne d\u00e9clare une activit\u00e9 \u00e0 la hausse.&nbsp;<\/strong>Les \u00be des r\u00e9pondants d\u00e9clarent une activit\u00e9 stable ou \u00e0 la baisse par rapport \u00e0 2024.<strong>&nbsp;<\/strong>Il est constat\u00e9 une corr\u00e9lation entre les baisses en volume et en valeur, contrairement \u00e0 l\u2019ann\u00e9e pr\u00e9c\u00e9dente.&nbsp;<\/p>\n\n\n\n<p class=\"has-text-align-justify\">En termes de chiffres d\u2019affaires, pour un 1\/3 des r\u00e9pondants, le CA est rest\u00e9 stable.<strong>&nbsp;<\/strong>Pour le reste des r\u00e9pondants, les \u00e9volutions du CA sont en baisse avec des amplitudes diverses (29 % entre -1 et &#8211; 5 %, 24 % entre -5 et -10 %, et 14 % entre -15 % et -20 %).&nbsp;<strong>Les baisses d\u2019activit\u00e9s concernent tous les secteurs d\u2019activit\u00e9&nbsp;:&nbsp;<\/strong><\/p>\n\n\n\n<p class=\"has-text-align-justify\"><strong>Pour le gros \u0153uvre,<\/strong>&nbsp;les baisses se r\u00e9partissent sur l\u2019ensemble des \u00e9chelles de baisses de CA&nbsp;: \u00e0 noter qu\u2019un peu moins d\u20191\/4 des r\u00e9pondants du gros \u0153uvre&nbsp;conna\u00eet&nbsp;un repli significatif&nbsp;de CA (entre -15 % et -20 %).&nbsp;<strong>Pour le second \u0153uvre<\/strong>, 40 % des r\u00e9pondants connaissent une stagnation de CA, le reste conna\u00eet des baisses variables. \u00c0 noter que 10 % des r\u00e9pondants ont une baisse de CA sup\u00e9rieure \u00e0 15 %.&nbsp;<strong>Pour les \u00e9quipementiers<\/strong>, les baisses se r\u00e9partissent pour moiti\u00e9 dans les deux fourchettes<br>-1 % \u00e0 \u2013 5 % et -5 % \u00e0 -10 %.<\/p>\n\n\n\n<p class=\"has-text-align-justify\"><strong>Cette baisse g\u00e9n\u00e9rale d\u2019activit\u00e9 en 2025 est imput\u00e9e principalement \u00e0 l\u2019instabilit\u00e9 politique et institutionnelle et aux contraintes r\u00e9glementaires&nbsp;<\/strong>(pour&nbsp;60 % de l\u2019ensemble des r\u00e9pondants) ainsi qu\u2019\u00e0 une demande insuffisante.&nbsp;<strong>En termes d\u2019effectifs,<\/strong>&nbsp;malgr\u00e9 la baisse d\u2019activit\u00e9,&nbsp;<strong>plus de 70 % des industriels ont,&nbsp;<em>a minima<\/em>,&nbsp;maintenu le nombre de collaborateurs&nbsp;<\/strong>; le reste a r\u00e9duit&nbsp;<strong>ses<\/strong>&nbsp;effectifs. On ne constate aucune \u00e9volution positive des effectifs en 2025. Malgr\u00e9 la baisse d\u2019activit\u00e9, le second \u0153uvre a tr\u00e8s majoritairement maintenu ses effectifs (plus de 80 %).<strong>&nbsp;<\/strong>Le gros \u0153uvre a maintenu ses effectifs (pr\u00e8s de 60 % des r\u00e9pondants)&nbsp;; le restant a constat\u00e9 une diminution des effectifs<strong>.&nbsp;<\/strong>Les \u00e9quipementiers ont maintenu&nbsp;leurs&nbsp;effectifs.<\/p>\n\n\n\n<p class=\"has-text-color\" style=\"color:#028244\"><strong>Enjeux et perspectives pour 2026&nbsp;:&nbsp;principaux r\u00e9sultats de l\u2019enqu\u00eate<\/strong><\/p>\n\n\n\n<p class=\"has-text-align-justify\">La situation est contrast\u00e9e pour l\u2019ann\u00e9e 2026&nbsp;:&nbsp;<strong>un tiers des industriels s\u2019attend \u00e0 une reprise mod\u00e9r\u00e9e de l\u2019activit\u00e9. La moiti\u00e9 des industriels s\u2019attend \u00e0 une stagnation ou une faible baisse de l\u2019activit\u00e9.&nbsp;<\/strong>Pour 16 % d\u2019entre eux, la baisse pourrait se situer entre -5 % et -15 %. L\u2019industrie anticipe donc une ann\u00e9e contrast\u00e9e et reste prudente sur les niveaux d\u2019\u2019activit\u00e9 en 2026.<\/p>\n\n\n\n<p class=\"has-text-align-justify\"><strong>Pour le gros \u0153uvre, pour&nbsp;<\/strong>plus de 40 % des r\u00e9pondants, l\u2019ann\u00e9e 2026 signe un retour \u00e0 une \u00e9volution positive, aussi modeste soit-elle. Mais, pour la majorit\u00e9 des r\u00e9pondants, l\u2019ann\u00e9e restera n\u00e9gative en termes d\u2019activit\u00e9.&nbsp;&nbsp;<strong>Pour le second \u0153uvre<\/strong>, 60 % des r\u00e9pondants anticipe une stagnation de l\u2019activit\u00e9 ; pr\u00e8s de 10 % anticipent une l\u00e9g\u00e8re hausse d\u2019activit\u00e9, le restant conna\u00eet des \u00e9volutions baissi\u00e8res de diff\u00e9rentes amplitudes.&nbsp;<\/p>\n\n\n\n<p><strong>Pour les \u00e9quipements<\/strong>, les r\u00e9pondants se partagent pour moiti\u00e9 entre une \u00e9volution d\u2019activit\u00e9 faiblement haussi\u00e8re et une baisse comprise entre -5 % et -10 %.&nbsp;&nbsp;<\/p>\n\n\n\n<p class=\"has-text-align-justify\"><strong>Les principaux freins \u00e0 l\u2019activit\u00e9 en 2026&nbsp;: si la demande insuffisante reste le frein principal identifi\u00e9, les contraintes budg\u00e9taires et l&rsquo;impact des \u00e9ch\u00e9ances \u00e9lectorales figurent parmi les contraintes majeures.<\/strong><\/p>\n\n\n\n<p class=\"has-text-align-justify\"><strong>Les perspectives en termes de recrutement&nbsp;:&nbsp;<\/strong>pr\u00e8s des 2\/3 des r\u00e9pondants envisagent le maintien du niveau de leurs effectifs&nbsp;tandis que&nbsp;30 % des r\u00e9pondants envisagent une r\u00e9duction et seulement&nbsp;4 % une progression.&nbsp;<strong>\u00c0 noter que les trois secteurs d\u2019activit\u00e9 anticipent une stagnation de leurs effectifs \u00e0 des niveaux diff\u00e9rents&nbsp;; des baisses d\u2019effectifs pourraient \u00eatre constat\u00e9es dans le gros \u0153uvre et le second \u0153uvre.Les leviers pour d\u00e9velopper l\u2019\u00e9conomie circulaire&nbsp;:&nbsp;<\/strong>le recyclage, les \u00e9conomies de ressources sont les principaux leviers \u00e9voqu\u00e9s pour le d\u00e9veloppement de l\u2019\u00e9conomie circulaire. Ils sont suivis par la valorisation des d\u00e9chets et le r\u00e9emploi.&nbsp;<\/p>\n\n\n\n<p class=\"has-text-align-justify\"><strong>Les priorit\u00e9s des industriels pour 2026\u00a0<\/strong>identifi\u00e9es par ordre d\u00e9croissant\u00a0sont\u00a0:\u00a0<strong>la ma\u00eetrise des co\u00fbts,\u00a0la propri\u00e9t\u00e9 des donn\u00e9es et leur exploitation,\u00a0la d\u00e9carbonation, la transformation num\u00e9rique et la formation des collaborateurs.<\/strong><\/p>\n\n\n\n<p class=\"has-text-color\" style=\"color:#028244\"><strong>Les priorit\u00e9s de l\u2019AIMCC pour 2026<\/strong><\/p>\n\n\n\n<p class=\"has-text-align-justify\">Les industriels sont durement impact\u00e9s par la baisse d\u2019activit\u00e9, et ce \u00e0 un moment charni\u00e8re o\u00f9 ils sont confront\u00e9s \u00e0 des enjeux de transition \u00e9cologique (d\u00e9carbonation, \u00e9conomie circulaire) qui n\u00e9cessitent des transformations majeures pour leur activit\u00e9.&nbsp;<\/p>\n\n\n\n<p class=\"has-text-align-justify\">L\u2019AIMCC reste fortement engag\u00e9e et mobilis\u00e9e pour accompagner les industriels confront\u00e9s \u00e0 ces d\u00e9fis \u00e9conomiques et \u00e9cologiques, en collaboration avec les autres acteurs de la fili\u00e8re, avec un travail r\u00e9gulier avec les pouvoirs publics sur les diff\u00e9rents textes r\u00e8glementaires et l\u00e9gislatifs d\u2019int\u00e9r\u00eat pour la profession. Ces d\u00e9fis ne pourront toutefois \u00eatre efficacement relev\u00e9s le retour \u00e0 une stabilit\u00e9 politique permettant le retour de la confiance des acteurs et un engagement fort des pouvoirs publics pour d\u00e9velopper et soutenir l\u2019activit\u00e9 du secteur de la construction.<\/p>\n\n\n\n<p class=\"has-text-align-justify\"><strong>LOGER&nbsp;:<\/strong><strong>&nbsp;<\/strong>le logement doit \u00eatre une priorit\u00e9 nationale&nbsp;pour r\u00e9pondre aux besoins, en nombre et en qualit\u00e9 (r\u00e9sorption du mal logement, zones en tension\u2026).&nbsp;<\/p>\n\n\n\n<p class=\"has-text-align-justify\"><strong>R\u00c9NOVER&nbsp;:<\/strong><strong>&nbsp;<\/strong>la r\u00e9novation reste le moyen le plus efficace pour r\u00e9duire les \u00e9missions du secteur du b\u00e2timent, redonner du pouvoir d\u2019achat aux citoyens et g\u00e9n\u00e9rer de l\u2019activit\u00e9 non d\u00e9localisable dans les territoires.<\/p>\n\n\n\n<p class=\"has-text-align-justify\"><strong>D\u00c9CARBONER<\/strong><strong>&nbsp;:<\/strong><strong>&nbsp;<\/strong>l\u2019AIMCC appelle au maintien d\u2019un ambition forte sur la d\u00e9carbonation de l\u2019industrie pour l\u2019atteinte des objectifs climatiques.<\/p>\n\n\n\n<p class=\"has-text-align-justify\"><strong>D\u00c9VELOPPER L\u2019\u00c9CONOMIE CIRCULAIRE&nbsp;:&nbsp;<\/strong>le secteur conscient de sa responsabilit\u00e9 en termes de pr\u00e9l\u00e8vements de ressources non renouvelables, d\u00e9veloppe des solutions de recyclages, r\u00e9emploi et \u00e9co-conception.<\/p>\n\n\n\n<p><strong>Ces d\u00e9fis ne pourront \u00eatre relev\u00e9s qu\u2019avec la prise en compte des principes suivants&nbsp;que l\u2019AIMCC appelle de ses v\u0153ux&nbsp;:&nbsp;<\/strong><\/p>\n\n\n\n<p class=\"has-text-align-justify\"><strong>SOUVERAINET\u00c9&nbsp;<\/strong><strong>:&nbsp;&nbsp;<\/strong>les chaines de valeur des fili\u00e8res sont compos\u00e9es d\u2019entreprises de tailles gr\u00e8s diverses, avec un attachement fort des sites \u00e0 leurs r\u00e9gions d\u2019implantation. L\u2019AIMCC appelle \u00e0 faire reconnaitre le r\u00f4le strat\u00e9gique du secteur des mat\u00e9riaux de construction, \u00e0 d\u00e9velopper une v\u00e9ritable politique et des instruments de d\u00e9fense commerciale adapt\u00e9e au secteur (surveillance du march\u00e9), \u00e0 valoriser les produits europ\u00e9ens bas carbone, avec des march\u00e9s pilotes et \u00e0 reconnaitre la qualit\u00e9 et les garanties de performance et de s\u00e9curit\u00e9 qu\u2019offrent les produits et mat\u00e9riaux de la construction.&nbsp;<\/p>\n\n\n\n<p class=\"has-text-align-justify\"><strong>R\u00c9ALISME&nbsp;:&nbsp;<\/strong>l\u2019AIMCC appelle \u00e0 des textes efficaces et sans surcharge administrative pour les entreprises, en adoptant des r\u00e9glementations r\u00e9alistes, issues de concertation avec les acteurs, coh\u00e9rentes entre niveaux fran\u00e7ais et europ\u00e9ens, sans surtransposition, en privil\u00e9giant dans les textes r\u00e9glementaires la performance des ouvrages en laissant les professionnels choisir les bonnes combinaisons de produits pour respecter les exigences.&nbsp;<\/p>\n\n\n\n<p class=\"has-text-align-justify\"><strong>CO-CONSTRUCTION<\/strong><strong>&nbsp;<\/strong><strong>:&nbsp;<\/strong>l\u2019AIMCC appelle \u00e0 intensifier la collaboration en incitant \u00e0 des partenariats entre acteurs et \u00e0 l\u2019utilisation de technologies num\u00e9riques pour plus de productivit\u00e9 et d\u2019efficacit\u00e9, \u00e0 s\u2019assurer que les industriels conservent la responsabilit\u00e9 et l\u2019enti\u00e8re propri\u00e9t\u00e9 de l\u2019ensemble de leurs donn\u00e9es, et \u00e0 engager les \u00e9volutions de la base INIES et de la nouvelle base de donn\u00e9es de produits de construction requise par le nouveau RPC.<\/p>\n\n\n\n<p class=\"has-text-align-justify\"><strong>INNOVATION&nbsp;<\/strong><strong>:<\/strong><strong>&nbsp;<\/strong>les industries pour la construction innovent pour r\u00e9pondre aux forts enjeux soci\u00e9taux, \u00e9cologiques, \u00e9conomiques, \u2026 C\u2019est dans ce cadre que le Comit\u00e9 Strat\u00e9gique de Fili\u00e8re (CSF) a publi\u00e9 sa feuille de route R&amp;D pour soutenir les projets d\u2019innovation des industries pour la construction et appelle l\u2019\u00c9tat \u00e0 les inclure dans les priorit\u00e9s de la politique nationale de soutien \u00e0 la R&amp;D.<\/p>\n\n\n\n<p class=\"has-text-align-justify\"><strong>FORMATION&nbsp;:<\/strong><strong>&nbsp;<\/strong>les transformations de notre secteur, qui offrent des opportunit\u00e9s de carri\u00e8re, imposent de promouvoir les m\u00e9tiers industriels, de d\u00e9velopper des formations adapt\u00e9es aux nouveaux besoins de l\u2019industrie, de la construction et de l\u2019ing\u00e9nierie, couvrant toutes les qualifications, du CAP au doctorat.&nbsp;<\/p>\n\n\n\n<p class=\"has-text-align-justify\" style=\"font-size:15px\"><strong>L\u2019AIMCC, Association des industries des produits de construction, regroupe les organisations professionnelles des fabricants de produits<\/strong>&nbsp;(mat\u00e9riaux, composants et \u00e9quipements et syst\u00e8mes) entrant dans la construction. Elle repr\u00e9sente aujourd\u2019hui plus de 7&nbsp;000 entreprises de plus de 20 salari\u00e9s, regroup\u00e9es dans les 36 organisations professionnelles adh\u00e9rentes, 450&nbsp;000 emplois directs et 60 milliards d\u2019euros de chiffre d\u2019affaires sur le march\u00e9 fran\u00e7ais qui contribuent pour pr\u00e8s de 9 % du PIB national.<\/p>\n\n\n\n<p><\/p>\n","protected":false},"excerpt":{"rendered":"<p>L\u2019AIMCC a organis\u00e9 le 28 janvier une conf\u00e9rence pour pr\u00e9senter les r\u00e9sultats de son enqu\u00eate annuelle d\u2019opinion.&nbsp;Les pr\u00e9sidents de l\u2019ensemble des organisations professionnelles, membres de l\u2019AIMCC, fabricants de produits de gros \u0153uvre, second \u0153uvre et \u00e9quipements ont \u00e9t\u00e9 invit\u00e9s \u00e0 y r\u00e9pondre en ligne en d\u00e9cembre 2025.&nbsp;21 des 36 organisations professionnelles interrog\u00e9es ont r\u00e9pondu, soit [&hellip;]<\/p>\n","protected":false},"author":41,"featured_media":49138,"comment_status":"open","ping_status":"open","sticky":true,"template":"","format":"standard","meta":{"spay_email":""},"categories":[4,39,76,1261,102],"tags":[],"jetpack_featured_media_url":"https:\/\/i0.wp.com\/batimedianews.com\/live\/wp-content\/uploads\/2026\/01\/AIMCC.jpg?fit=1513%2C825&ssl=1","jetpack_sharing_enabled":true,"jetpack_likes_enabled":true,"jetpack-related-posts":[{"id":35079,"url":"https:\/\/batimedianews.com\/live\/index.php\/2024\/02\/13\/conjoncture-et-perspectives-des-industries-des-produits-de-construction-les-resultats-de-lenquete-de-tendances-de-laimcc\/","url_meta":{"origin":49137,"position":0},"title":"Conjoncture et perspectives des industries des produits de construction : les r\u00e9sultats de l\u2019enqu\u00eate de tendances de l\u2019AIMCC","date":"13 f\u00e9vrier 2024","format":false,"excerpt":"L\u2019AIMCC a organis\u00e9 le 31 janvier une conf\u00e9rence pour pr\u00e9senter les r\u00e9sultats de son enqu\u00eate annuelle de tendances. Les pr\u00e9sidents de l\u2019ensemble des organisations professionnelles, membres de l\u2019AIMCC, fabricants de produits de gros \u0153uvre, second \u0153uvre et \u00e9quipements ont \u00e9t\u00e9 invit\u00e9s \u00e0 y r\u00e9pondre en ligne entre d\u00e9cembre et janvier.\u2026","rel":"","context":"Dans &quot;Actualit\u00e9 Entreprises&quot;","img":{"alt_text":"","src":"https:\/\/i0.wp.com\/batimedianews.com\/live\/wp-content\/uploads\/2024\/02\/AIMCC.articlejpg.jpg?fit=825%2C825&ssl=1&resize=350%2C200","width":350,"height":200},"classes":[]},{"id":42601,"url":"https:\/\/batimedianews.com\/live\/index.php\/2025\/02\/04\/conjoncture-et-perspectives-des-industries-des-produits-de-construction-les-resultats-de-lenquete-de-tendances-de-laimcc-2\/","url_meta":{"origin":49137,"position":1},"title":"Conjoncture et perspectives des industries des produits de construction : les r\u00e9sultats de l\u2019enqu\u00eate de tendances de l\u2019AIMCC","date":"4 f\u00e9vrier 2025","format":false,"excerpt":"L\u2019AIMCC a organis\u00e9 le 30 janvier une conf\u00e9rence pour pr\u00e9senter les r\u00e9sultats de son enqu\u00eate annuelle de tendances.\u00a0Les pr\u00e9sidents de l\u2019ensemble des organisations professionnelles, membres de l\u2019AIMCC, fabricants de produits de gros \u0153uvre, second \u0153uvre et \u00e9quipements ont \u00e9t\u00e9 invit\u00e9s \u00e0 y r\u00e9pondre en ligne en d\u00e9cembre 2024.\u00a024 des 39\u2026","rel":"","context":"Dans &quot;Actualit\u00e9 Entreprises&quot;","img":{"alt_text":"","src":"https:\/\/i1.wp.com\/batimedianews.com\/live\/wp-content\/uploads\/2025\/02\/AIMCC-articles-.jpg?fit=825%2C825&ssl=1&resize=350%2C200","width":350,"height":200},"classes":[]},{"id":15297,"url":"https:\/\/batimedianews.com\/live\/index.php\/2022\/01\/27\/bilan-2021-et-perspectives-2022-du-marche-francais-des-produits-de-construction\/","url_meta":{"origin":49137,"position":2},"title":"Bilan 2021 et perspectives 2022 du march\u00e9 fran\u00e7ais des produits de construction","date":"27 janvier 2022","format":false,"excerpt":"Mardi 25 janvier 2022, Philippe GRUAT, Pr\u00e9sident de l\u2019Association fran\u00e7aise des Industries des Mat\u00e9riaux et produits de Construction (AIMCC) a pr\u00e9sent\u00e9 les conclusions de la cinqui\u00e8me \u00e9dition de l\u2019enqu\u00eate d\u2019opinion \u00ab Tendances Conjoncture AIMCC \u00bb. Cette \u00e9tude men\u00e9e aupr\u00e8s des 80 organisations professionnelles membres de l\u2019association permet de dresser un\u2026","rel":"","context":"Dans &quot;Construction&quot;","img":{"alt_text":"","src":"https:\/\/i0.wp.com\/batimedianews.com\/live\/wp-content\/uploads\/2022\/01\/AIMCC-Article.jpg?fit=512%2C512&ssl=1&resize=350%2C200","width":350,"height":200},"classes":[]},{"id":9327,"url":"https:\/\/batimedianews.com\/live\/index.php\/2021\/04\/27\/nomination-philippe-gruat-elu-president-de-laimcc\/","url_meta":{"origin":49137,"position":3},"title":"Nomination Philippe Gruat \u00e9lu Pr\u00e9sident de l&rsquo;AIMCC","date":"27 avril 2021","format":false,"excerpt":"Le vendredi 16 avril 2021, Philippe Gruat a \u00e9t\u00e9 \u00e9lu \u00e0 la pr\u00e9sidence de l'AIMCC (Association fran\u00e7aise des industries des produits de construction). Il succ\u00e8de ainsi \u00e0 Herv\u00e9 De Maistre, \u00e9lu en 2015, qu'il remercie pour ses 6 ann\u00e9es de pr\u00e9sidence. Philippe Gruat a un parcours riche dans le secteur\u2026","rel":"","context":"Dans &quot;Actualit\u00e9 Entreprises&quot;","img":{"alt_text":"","src":"https:\/\/i0.wp.com\/batimedianews.com\/live\/wp-content\/uploads\/2021\/04\/image-174.png?fit=550%2C732&ssl=1&resize=350%2C200","width":350,"height":200},"classes":[]},{"id":8189,"url":"https:\/\/batimedianews.com\/live\/index.php\/2021\/01\/28\/position-de-laimcc-lors-du-vote-du-cscee-du-26-janvier-2021\/","url_meta":{"origin":49137,"position":4},"title":"Position de l\u2019AIMCC lors du vote du CSCEE du 26 janvier 2021","date":"28 janvier 2021","format":false,"excerpt":"L\u2019AIMCC \u00e9met un vote positif pour le texte de l\u2019avis tel que propos\u00e9 en s\u00e9ance.\u00a0Cet avis est le fruit d\u2019un consensus.\u00a0\u00a0 L\u2019AIMCC rappelle\u00a0que de nombreux \u00e9changes ont eu lieu entre les acteurs, et m\u00eame si toutes les r\u00e9serves formul\u00e9es ne donnent pas satisfaction,\u00a0l\u2019Association\u00a0consid\u00e8re\u00a0l\u2019avis comme globalement \u00e9quilibr\u00e9. L\u2019AIMCC\u00a0signale, \u00e9galement,\u00a0qu\u2019il ne s\u2019agit\u2026","rel":"","context":"Dans &quot;RE 2020&quot;","img":{"alt_text":"","src":"","width":0,"height":0},"classes":[]},{"id":1371,"url":"https:\/\/batimedianews.com\/live\/index.php\/2019\/07\/01\/assemblee-generale-du-club-de-lamelioration-de-lhabitat\/","url_meta":{"origin":49137,"position":5},"title":"Assembl\u00e9e G\u00e9n\u00e9rale du Club de l\u2019Am\u00e9lioration de l\u2019Habitat","date":"1 juillet 2019","format":false,"excerpt":"Le Club de l'Am\u00e9lioration de l'Habitat a tenu son assembl\u00e9e g\u00e9n\u00e9rale annuelle ce jeudi 20 juin dans l\u2019auditorium du si\u00e8ge de Saint-Gobain \u00e0 la d\u00e9fense. Le pr\u00e9sident Maurice Manceau a pr\u00e9sent\u00e9 \u00e0 cette occasion le bilan de ses trois ann\u00e9es de mandats, particuli\u00e8rement riches en \u00e9v\u00e9nements et \u00e9tudes diverses. Il\u2026","rel":"","context":"Dans &quot;Actualit\u00e9 Entreprises&quot;","img":{"alt_text":"","src":"https:\/\/batimedialive.files.wordpress.com\/2019\/06\/manceau.jpg?w=350&h=200&crop=1","width":350,"height":200},"classes":[]}],"_links":{"self":[{"href":"https:\/\/batimedianews.com\/live\/index.php\/wp-json\/wp\/v2\/posts\/49137"}],"collection":[{"href":"https:\/\/batimedianews.com\/live\/index.php\/wp-json\/wp\/v2\/posts"}],"about":[{"href":"https:\/\/batimedianews.com\/live\/index.php\/wp-json\/wp\/v2\/types\/post"}],"author":[{"embeddable":true,"href":"https:\/\/batimedianews.com\/live\/index.php\/wp-json\/wp\/v2\/users\/41"}],"replies":[{"embeddable":true,"href":"https:\/\/batimedianews.com\/live\/index.php\/wp-json\/wp\/v2\/comments?post=49137"}],"version-history":[{"count":2,"href":"https:\/\/batimedianews.com\/live\/index.php\/wp-json\/wp\/v2\/posts\/49137\/revisions"}],"predecessor-version":[{"id":49140,"href":"https:\/\/batimedianews.com\/live\/index.php\/wp-json\/wp\/v2\/posts\/49137\/revisions\/49140"}],"wp:featuredmedia":[{"embeddable":true,"href":"https:\/\/batimedianews.com\/live\/index.php\/wp-json\/wp\/v2\/media\/49138"}],"wp:attachment":[{"href":"https:\/\/batimedianews.com\/live\/index.php\/wp-json\/wp\/v2\/media?parent=49137"}],"wp:term":[{"taxonomy":"category","embeddable":true,"href":"https:\/\/batimedianews.com\/live\/index.php\/wp-json\/wp\/v2\/categories?post=49137"},{"taxonomy":"post_tag","embeddable":true,"href":"https:\/\/batimedianews.com\/live\/index.php\/wp-json\/wp\/v2\/tags?post=49137"}],"curies":[{"name":"wp","href":"https:\/\/api.w.org\/{rel}","templated":true}]}}