{"id":49426,"date":"2026-03-09T10:17:36","date_gmt":"2026-03-09T09:17:36","guid":{"rendered":"http:\/\/batimedianews.com\/live\/?p=49426"},"modified":"2026-03-09T10:17:39","modified_gmt":"2026-03-09T09:17:39","slug":"trespa-reinvente-la-facade-a-fixation-invisible-nouveau-systeme-ts208-pour-facade-ventilee-pour-une-fixation-invisible-esthetique-performante-et-economique","status":"publish","type":"post","link":"https:\/\/batimedianews.com\/live\/index.php\/2026\/03\/09\/trespa-reinvente-la-facade-a-fixation-invisible-nouveau-systeme-ts208-pour-facade-ventilee-pour-une-fixation-invisible-esthetique-performante-et-economique\/","title":{"rendered":"Trespa r\u00e9invente la fa\u00e7ade \u00e0 fixation invisible &#8211; Nouveau syst\u00e8me TS208 pour fa\u00e7ade ventil\u00e9e : pour une fixation invisible esth\u00e9tique, performante et \u00e9conomique"},"content":{"rendered":"\n<div class=\"wp-block-media-text alignwide has-media-on-the-right is-stacked-on-mobile\" style=\"grid-template-columns:auto 48%\"><figure class=\"wp-block-media-text__media\"><img loading=\"lazy\" width=\"720\" height=\"720\" src=\"https:\/\/i1.wp.com\/batimedianews.com\/live\/wp-content\/uploads\/2026\/02\/image-89.png?resize=720%2C720\" alt=\"\" class=\"wp-image-49427 size-full\" srcset=\"https:\/\/i1.wp.com\/batimedianews.com\/live\/wp-content\/uploads\/2026\/02\/image-89.png?w=770&amp;ssl=1 770w, https:\/\/i1.wp.com\/batimedianews.com\/live\/wp-content\/uploads\/2026\/02\/image-89.png?resize=600%2C600&amp;ssl=1 600w, https:\/\/i1.wp.com\/batimedianews.com\/live\/wp-content\/uploads\/2026\/02\/image-89.png?resize=1024%2C1024&amp;ssl=1 1024w, https:\/\/i1.wp.com\/batimedianews.com\/live\/wp-content\/uploads\/2026\/02\/image-89.png?resize=300%2C300&amp;ssl=1 300w, https:\/\/i1.wp.com\/batimedianews.com\/live\/wp-content\/uploads\/2026\/02\/image-89.png?resize=768%2C768&amp;ssl=1 768w, https:\/\/i1.wp.com\/batimedianews.com\/live\/wp-content\/uploads\/2026\/02\/image-89.png?resize=1536%2C1536&amp;ssl=1 1536w, https:\/\/i1.wp.com\/batimedianews.com\/live\/wp-content\/uploads\/2026\/02\/image-89.png?resize=2048%2C2048&amp;ssl=1 2048w, https:\/\/i1.wp.com\/batimedianews.com\/live\/wp-content\/uploads\/2026\/02\/image-89.png?resize=10%2C10&amp;ssl=1 10w, https:\/\/i1.wp.com\/batimedianews.com\/live\/wp-content\/uploads\/2026\/02\/image-89.png?resize=432%2C432&amp;ssl=1 432w, https:\/\/i1.wp.com\/batimedianews.com\/live\/wp-content\/uploads\/2026\/02\/image-89.png?resize=396%2C396&amp;ssl=1 396w, https:\/\/i1.wp.com\/batimedianews.com\/live\/wp-content\/uploads\/2026\/02\/image-89.png?resize=660%2C660&amp;ssl=1 660w\" sizes=\"(max-width: 600px) 91vw, (max-width: 900px) 600px, (max-width: 1060px) 50vw, (max-width: 1200px) 520px, (max-width: 1400px) 43vw, 600px\" data-recalc-dims=\"1\" \/><\/figure><div class=\"wp-block-media-text__content\">\n<p class=\"has-text-align-justify\">Les fa\u00e7ades \u00e0 fixation invisible offrent une surface \u00e9pur\u00e9e, sans \u00e9l\u00e9ments apparents. Elles mettent en valeur les lignes, les mat\u00e9riaux et les volumes, tout en sublimant le genre architectural. Pourtant elles sont souvent abandonn\u00e9es au profit d\u2019autres solutions en raison du co\u00fbt \u00e9lev\u00e9 des mat\u00e9riaux et de l\u2019installation. <\/p>\n\n\n\n<p class=\"has-text-align-justify has-text-color\" style=\"color:#d3aa78\">Le syst\u00e8me \u00e0 fixation invisible TS208 de Trespa r\u00e9pond avec pertinence \u00e0 cette probl\u00e9matique gr\u00e2ce \u00e0 une approche performante. Con\u00e7u pour minimiser les besoins en mat\u00e9riaux, r\u00e9duire les co\u00fbts et optimiser les temps d\u2019installation, ce syst\u00e8me innovant garantit \u00e9galement durabilit\u00e9 et esth\u00e9tique.<\/p>\n\n\n\n<p class=\"has-text-color\" style=\"color:#d3aa78\"><strong>Une installation plus rapide et plus \u00e9conomique<\/strong><\/p>\n\n\n\n<p class=\"has-text-align-justify\">Le TS208 est un nouveau syst\u00e8me de fixation invisible par pattes-agrafes, sp\u00e9cialement d\u00e9velopp\u00e9 pour les panneaux Trespa\u00ae Meteon\u00ae en \u00e9paisseur 8 mm. Le nombre de fixations n\u00e9cessaire et la g\u00e9om\u00e9trie repens\u00e9e des agrafes g\u00e9n\u00e8rent des gains significatifs en mati\u00e8re de co\u00fbts et de simplicit\u00e9 de mise en oeuvre.&nbsp;<\/p>\n<\/div><\/div>\n\n\n\n<p class=\"has-text-color\" style=\"color:#d3aa78\">&nbsp;<strong>Innovation Trespa : une entraxe jusqu\u2019\u00e0 900 mm<\/strong><\/p>\n\n\n\n<p>Gr\u00e2ce \u00e0 un entraxe des ossatures verticales (bois, aluminium ou acier) atteignant 900 mm, le TS208 r\u00e9duit notablement les besoins en profils ainsi que le temps de pose. De plus, le TS208 autorise la pose de panneaux jusqu\u2019\u00e0 4270 mm de longueur et 3050 mm de hauteur (hauteur ramen\u00e9e \u00e0 2600 mm dans les zones sismiques). Les grands formats de panneaux sont ainsi pleinement valoris\u00e9s tout en facilitant le calepinage.<\/p>\n\n\n\n<p>Compatible avec les supports b\u00e9ton, ma\u00e7onnerie enduite et constructions \u00e0 ossature bois (COB et CLT), le TS208 se positionne comme une solution comp\u00e9titive parfaitement adapt\u00e9e aux exigences de l\u2019architecturale contemporaine, tout mettant en valeur l\u2019esth\u00e9tique singuli\u00e8re des panneaux Trespa\u00ae Meteon\u00ae.<\/p>\n\n\n\n<p class=\"has-text-color\" style=\"color:#d3aa78\"><strong>Une adaptabilit\u00e9 \u00e0 toutes les configurations<\/strong><\/p>\n\n\n\n<p>Le TS208 est con\u00e7u pour r\u00e9pondre aux exigences les plus strictes en mati\u00e8re de performance m\u00e9caniques et de r\u00e9sistance aux charges climatiques, permettant son utilisation en toute s\u00e9curit\u00e9 sur l\u2019ensemble du territoire fran\u00e7ais. <\/p>\n\n\n\n<p>Il pr\u00e9sente de tr\u00e8s hautes performances :<\/p>\n\n\n\n<ul><li>en zones de vent : jusqu\u2019\u00e0 654Pa\/m2 en zones 1 et 2 en pose mono insert, et jusqu\u2019\u00e0 1014Pa\/m2 en zones 1 \u00e0 4 en pose double inserts) <\/li><li>en zones sismiques : zones 1 \u00e0 4,<\/li><li>une r\u00e9sistance aux chocs class\u00e9e Q4.<\/li><\/ul>\n\n\n\n<div class=\"wp-block-media-text alignwide has-media-on-the-right is-stacked-on-mobile\" style=\"grid-template-columns:auto 30%\"><figure class=\"wp-block-media-text__media\"><img loading=\"lazy\" width=\"720\" height=\"720\" src=\"https:\/\/i1.wp.com\/batimedianews.com\/live\/wp-content\/uploads\/2026\/02\/image-90.png?resize=720%2C720\" alt=\"\" class=\"wp-image-49428 size-full\" srcset=\"https:\/\/i1.wp.com\/batimedianews.com\/live\/wp-content\/uploads\/2026\/02\/image-90.png?resize=1024%2C1024&amp;ssl=1 1024w, https:\/\/i1.wp.com\/batimedianews.com\/live\/wp-content\/uploads\/2026\/02\/image-90.png?resize=600%2C600&amp;ssl=1 600w, https:\/\/i1.wp.com\/batimedianews.com\/live\/wp-content\/uploads\/2026\/02\/image-90.png?resize=300%2C300&amp;ssl=1 300w, https:\/\/i1.wp.com\/batimedianews.com\/live\/wp-content\/uploads\/2026\/02\/image-90.png?resize=1536%2C1536&amp;ssl=1 1536w, https:\/\/i1.wp.com\/batimedianews.com\/live\/wp-content\/uploads\/2026\/02\/image-90.png?resize=2048%2C2048&amp;ssl=1 2048w, https:\/\/i1.wp.com\/batimedianews.com\/live\/wp-content\/uploads\/2026\/02\/image-90.png?resize=10%2C10&amp;ssl=1 10w\" sizes=\"(max-width: 600px) 91vw, (max-width: 900px) 600px, (max-width: 1060px) 50vw, (max-width: 1200px) 520px, (max-width: 1400px) 43vw, 600px\" data-recalc-dims=\"1\" \/><\/figure><div class=\"wp-block-media-text__content\">\n<p class=\"has-text-color has-normal-font-size\" style=\"color:#d3aa78\"><strong>Une polyvalence unique sur le march\u00e9 fran\u00e7ais<\/strong><\/p>\n\n\n\n<p class=\"has-text-align-justify has-normal-font-size\">Au-del\u00e0 des fa\u00e7ades verticales, le TS208 peut \u00e9galement \u00eatre utilis\u00e9 pour des habillages en sous-face sur des structures b\u00e9ton \u00e0 plus de 3 m\u00e8tres du sol. Il devient ainsi <strong>le premier proc\u00e9d\u00e9 \u00e0 fixation invisible Compact HPL permettant ce type d\u2019application, ouvrant de nouvelles perspectives aux architectes et aux installateurs<\/strong>.<\/p>\n<\/div><\/div>\n\n\n\n<p class=\"has-text-color\" style=\"color:#d3aa78\"><strong>Un nouveau syst\u00e8me TS208 valid\u00e9 par une ATEx du CSTB<\/strong><\/p>\n\n\n\n<p class=\"has-text-align-justify\">Depuis le 26 janvier 2026, le nouveau syst\u00e8me TS208 b\u00e9n\u00e9ficie d\u2019une ATEx (Appr\u00e9ciation Technique d\u2019Exp\u00e9rimentation) d\u00e9livr\u00e9e par le CSTB, qui permet son utilisation sans restriction sur le nombre de chantiers.A noter : la fabrication des panneaux Trespa\u00ae Meteon\u00ae 8mm utilis\u00e9s avec le TS208 fait l\u2019objet d\u2019un auto-contr\u00f4le syst\u00e9matique r\u00e9guli\u00e8rement supervis\u00e9 par le CSTB, permettant d\u2019assurer une constance de la qualit\u00e9. Trespa b\u00e9n\u00e9ficie \u00e0 ce titre d\u2019un certificat QB (Qualit\u00e9 pour le B\u00e2timent), d\u00e9livr\u00e9 par le CSTB, pour attester de la qualit\u00e9, de la performance et de la durabilit\u00e9 de ses produits.<\/p>\n\n\n\n<p class=\"has-text-color\" style=\"color:#d3aa78\"><strong>Une approche \u00e9coresponsable et circulaire<\/strong><\/p>\n\n\n\n<p>Le syst\u00e8me \u00e0 fixation invisible TS208 favorise les perspectives de r\u00e9utilisation offertes par le programme Trespa Second Life. L\u2019absence de per\u00e7ages d\u00e9bouchants permet d\u2019allonger la dur\u00e9e de vie des panneaux et de renforcer l\u2019impact positif du syst\u00e8me sur l\u2019environnement.<\/p>\n\n\n\n<div class=\"wp-block-media-text alignwide has-media-on-the-right is-stacked-on-mobile\" style=\"grid-template-columns:auto 34%\"><figure class=\"wp-block-media-text__media\"><img loading=\"lazy\" width=\"650\" height=\"492\" src=\"https:\/\/i2.wp.com\/batimedianews.com\/live\/wp-content\/uploads\/2026\/02\/image-91.png?resize=650%2C492\" alt=\"\" class=\"wp-image-49429 size-full\" srcset=\"https:\/\/i2.wp.com\/batimedianews.com\/live\/wp-content\/uploads\/2026\/02\/image-91.png?w=650&amp;ssl=1 650w, https:\/\/i2.wp.com\/batimedianews.com\/live\/wp-content\/uploads\/2026\/02\/image-91.png?resize=768%2C581&amp;ssl=1 768w, https:\/\/i2.wp.com\/batimedianews.com\/live\/wp-content\/uploads\/2026\/02\/image-91.png?resize=432%2C327&amp;ssl=1 432w, https:\/\/i2.wp.com\/batimedianews.com\/live\/wp-content\/uploads\/2026\/02\/image-91.png?resize=396%2C300&amp;ssl=1 396w\" sizes=\"(max-width: 600px) 91vw, (max-width: 900px) 600px, (max-width: 1060px) 50vw, (max-width: 1200px) 520px, (max-width: 1400px) 43vw, 600px\" data-recalc-dims=\"1\" \/><\/figure><div class=\"wp-block-media-text__content\">\n<div class=\"wp-block-group has-background\" style=\"background-color:#dab681\"><div class=\"wp-block-group__inner-container\">\n<p><strong>QU\u2019EST CE QU\u2019UN PANNEAU HPL ?<\/strong><\/p>\n\n\n\n<p><strong>Fibres de bois et r\u00e9sines v\u00e9g\u00e9tales<\/strong><\/p>\n\n\n\n<p class=\"has-text-align-justify\">Trespa\u00ae Meteon\u00ae est un stratifi\u00e9 compact haute pression (HPL) dont la surface d\u00e9corative est cr\u00e9\u00e9e gr\u00e2ce \u00e0 la polym\u00e9risation par faisceau d\u2019\u00e9lectrons (EBC \u2013 Electron Beam Curing), une technologie exclusive de Trespa. Fabriqu\u00e9s sous haute pression et \u00e0 haute temp\u00e9rature, les panneaux sont compos\u00e9s d\u2019un m\u00e9lange contenant au minimum 58 % de fibres de bois naturel associ\u00e9es \u00e0 des r\u00e9sines v\u00e9g\u00e9tales thermodurcissables.<\/p>\n\n\n\n<p class=\"has-text-align-justify\">L\u2019ensemble de la collection Trespa\u00ae Meteon\u00ae offre une excellente r\u00e9sistance aux intemp\u00e9ries et une remarquable stabilit\u00e9 des couleurs. Les panneaux se distinguent \u00e9galement par leur facilit\u00e9 d\u2019entretien et leur grande r\u00e9sistance aux chocs et aux rayures.&nbsp;<\/p>\n<\/div><\/div>\n<\/div><\/div>\n\n\n\n<p><strong>\u00c0 propos de Trespa<\/strong><\/p>\n\n\n\n<p class=\"has-text-align-justify has-small-font-size\">\u00c0 la pointe de l\u2019innovation dans le domaine des mat\u00e9riaux architecturaux, Trespa\u00ae est internationalement reconnu comme un acteur de premier plan dans le domaine des panneaux stratifi\u00e9s haute durabilit\u00e9 pour rev\u00eatements ext\u00e9rieurs, fa\u00e7ades d\u00e9coratives et applications scientifiques.<\/p>\n\n\n\n<p class=\"has-text-align-justify has-small-font-size\">Depuis sa cr\u00e9ation en 1960, Trespa<sup>\u00ae <\/sup>participe \u00e0 l\u2019am\u00e9lioration des espaces de vie et des paysages urbains, en neuf comme en r\u00e9novation. La soci\u00e9t\u00e9 con\u00e7oit et fabrique, \u00e0 Weert, aux Pays-Bas, des panneaux stratifi\u00e9s HPL \u00e0 base de fibres de bois, esth\u00e9tiques, durables et innovants pour r\u00e9pondre aux besoins architecturaux les plus exigeants. Tous les panneaux sont soumis \u00e0 des contr\u00f4les rigoureux et aux certifications locales afin de r\u00e9pondre aux normes de qualit\u00e9 \u00e9lev\u00e9es en mati\u00e8re de durabilit\u00e9, de nettoyabilit\u00e9, de tenue des coloris et de r\u00e9sistance aux conditions extr\u00eames.<\/p>\n","protected":false},"excerpt":{"rendered":"<p>Les fa\u00e7ades \u00e0 fixation invisible offrent une surface \u00e9pur\u00e9e, sans \u00e9l\u00e9ments apparents. Elles mettent en valeur les lignes, les mat\u00e9riaux et les volumes, tout en sublimant le genre architectural. Pourtant elles sont souvent abandonn\u00e9es au profit d\u2019autres solutions en raison du co\u00fbt \u00e9lev\u00e9 des mat\u00e9riaux et de l\u2019installation. Le syst\u00e8me \u00e0 fixation invisible TS208 de [&hellip;]<\/p>\n","protected":false},"author":41,"featured_media":49431,"comment_status":"open","ping_status":"open","sticky":true,"template":"","format":"standard","meta":{"spay_email":""},"categories":[4,64],"tags":[],"jetpack_featured_media_url":"https:\/\/i2.wp.com\/batimedianews.com\/live\/wp-content\/uploads\/2026\/02\/Trespa.jpg?fit=1513%2C825&ssl=1","jetpack_sharing_enabled":true,"jetpack_likes_enabled":true,"jetpack-related-posts":[{"id":49596,"url":"https:\/\/batimedianews.com\/live\/index.php\/2026\/03\/11\/biosource-facade-invisible-bardage-simplifie-james-hardie-devoile-ses-innovations-pour-le-batiment\/","url_meta":{"origin":49426,"position":0},"title":"Biosourc\u00e9, fa\u00e7ade invisible, bardage simplifi\u00e9 : James Hardie d\u00e9voile ses innovations pour le b\u00e2timent","date":"11 mars 2026","format":false,"excerpt":"Mat\u00e9riaux biosourc\u00e9s, fa\u00e7ades sans fixation apparente, nouveaux syst\u00e8mes de planchers et outils digitaux pour les prescripteurs : lors d\u2019une conf\u00e9rence de presse organis\u00e9e \u00e0 Paris, James Hardie B\u00e2timent France a pr\u00e9sent\u00e9 ses derni\u00e8res innovations destin\u00e9es aux professionnels de la construction et de la r\u00e9novation. L\u2019industriel renforce \u00e9galement ses actions terrain\u2026","rel":"","context":"Dans &quot;Actualit\u00e9 Entreprises&quot;","img":{"alt_text":"","src":"https:\/\/i2.wp.com\/batimedianews.com\/live\/wp-content\/uploads\/2026\/03\/jameshardie-page-de-garde.jpg?fit=1100%2C600&ssl=1&resize=350%2C200","width":350,"height":200},"classes":[]},{"id":48260,"url":"https:\/\/batimedianews.com\/live\/index.php\/2025\/11\/28\/trespa-devoile-une-palette-vibrante-de-tons-ocres-en-facade\/","url_meta":{"origin":49426,"position":1},"title":"TRESPA d\u00e9voile une palette vibrante de tons ocres en fa\u00e7ade","date":"28 novembre 2025","format":false,"excerpt":"Trespa d\u00e9voile une nouvelle planche de tendances con\u00e7ue pour inspirer architectes et ma\u00eetres d\u2019ouvrage. Baptis\u00e9e Terra, cette palette d\u2019ocres rouges et de teintes terre cuite \u00e9voque les \u00e9l\u00e9ments naturels et les nuances automnales, apportant profondeur et expressivit\u00e9 aux projets. L\u2019accord subtil entre rouges bruns et effets bois permet de cr\u00e9er\u2026","rel":"","context":"Dans &quot;Actualit\u00e9 Entreprises&quot;","img":{"alt_text":"","src":"https:\/\/i0.wp.com\/batimedianews.com\/live\/wp-content\/uploads\/2025\/11\/Trespa.jpg?fit=825%2C825&ssl=1&resize=350%2C200","width":350,"height":200},"classes":[]},{"id":47127,"url":"https:\/\/batimedianews.com\/live\/index.php\/2025\/09\/30\/trespa-lance-trespa-izeon-une-collection-de-panneaux-hpl-pour-applications-exterieures-dediee-a-la-maison-individuelle\/","url_meta":{"origin":49426,"position":2},"title":"TRESPA lance TRESPA\u00ae IZEON\u00ae, une collection de panneaux HPL pour applications ext\u00e9rieures d\u00e9di\u00e9e \u00e0 la maison individuelle","date":"30 septembre 2025","format":false,"excerpt":"ET SI CHAQUE D\u00c9TAIL EXT\u00c9RIEUR DE LA MAISON DEVENAIT UN ATOUT ARCHITECTURAL ? En compl\u00e9ment de la fa\u00e7ade, de nombreux \u00e9l\u00e9ments architecturaux m\u00e9ritent eux aussi une protection durable et esth\u00e9tique. Bandes de rives, soubassements, sous-faces de toitures, garde-corps balcons, mais aussi abris de jardin, lucarnes ou petits b\u00e2timents ext\u00e9rieurs :\u2026","rel":"","context":"Dans &quot;Actualit\u00e9 Entreprises&quot;","img":{"alt_text":"","src":"https:\/\/i2.wp.com\/batimedianews.com\/live\/wp-content\/uploads\/2025\/09\/Trespa.jpg?fit=825%2C825&ssl=1&resize=350%2C200","width":350,"height":200},"classes":[]},{"id":49674,"url":"https:\/\/batimedianews.com\/live\/index.php\/2026\/03\/16\/special-outdoor-reinventer-les-exterieurs-avec-des-solutions-esthetiques-durables\/","url_meta":{"origin":49426,"position":3},"title":"SP\u00c9CIAL OUTDOOR &#8211; R\u00e9inventer les ext\u00e9rieurs avec des solutions esth\u00e9tiques durables","date":"16 mars 2026","format":false,"excerpt":"Les clins Trespa\u00ae Pura\u00aeNFC D\u00e9cor Aged Ash Mat habillent les plafonds et les murs de cette grande terrasse couverte pour cr\u00e9er une v\u00e9ritable pi\u00e8ce \u00e0 vivre \u00e0 l\u2019ext\u00e9rieur. \u00c0 l\u2019heure o\u00f9 les espaces ext\u00e9rieurs sont devenus de v\u00e9ritables prolongements de l\u2019habitat, terrasses, poolhouses et fa\u00e7ades ne se contentent plus d\u2019\u00eatre\u2026","rel":"","context":"Dans &quot;Actualit\u00e9 Entreprises&quot;","img":{"alt_text":"","src":"https:\/\/i0.wp.com\/batimedianews.com\/live\/wp-content\/uploads\/2026\/03\/Trespa.jpg?fit=825%2C825&ssl=1&resize=350%2C200","width":350,"height":200},"classes":[]},{"id":34708,"url":"https:\/\/batimedianews.com\/live\/index.php\/2024\/01\/29\/nouveau-bardage-aluminium-murray-serie-414-des-facades-ou-murs-interieurs-esthetiques-durables-et-faciles-dentretien\/","url_meta":{"origin":49426,"position":4},"title":"Nouveau bardage aluminium &#8211; Murray\u00ae s\u00e9rie 414 : Des fa\u00e7ades ou murs int\u00e9rieurs esth\u00e9tiques, durables et faciles d\u2019entretien","date":"29 janvier 2024","format":false,"excerpt":"Sp\u00e9cialis\u00e9 depuis plus de 35 ans dans la menuiserie aluminium, de fabrication fran\u00e7aise, Profils Syst\u00e8mes propose son expertise d\u00e9corative et technique en am\u00e9nagement int\u00e9rieur comme ext\u00e9rieur. Apr\u00e8s avoir lanc\u00e9 en 2019 la gamme de bardage aluminium Murray\u00ae, Profi ls Syst\u00e8mes, veillant \u00e0 actualiser son o. re au plus pr\u00e8s des\u2026","rel":"","context":"Dans &quot;Actualit\u00e9 Entreprises&quot;","img":{"alt_text":"","src":"https:\/\/i2.wp.com\/batimedianews.com\/live\/wp-content\/uploads\/2024\/01\/ProfilsSysteme.jpg?fit=825%2C825&ssl=1&resize=350%2C200","width":350,"height":200},"classes":[]},{"id":97,"url":"https:\/\/batimedianews.com\/live\/index.php\/2018\/09\/25\/deceuninck-le-bardage-a-jonction-invisible\/","url_meta":{"origin":49426,"position":5},"title":"Deceuninck: le bardage \u00e0 jonction invisible","date":"25 septembre 2018","format":false,"excerpt":"LA MISE EN BEAUT\u00c9 ID\u00c9ALE DE LA FA\u00c7ADE Le bardage premium P2730 Deceuninck \u00e0 jonction invisible combine atouts techniques et style. Un must pour sublimer la maison; Elle attire l\u2019oeil au premier coup d\u2019oeil et donne imm\u00e9diatement le ton : la fa\u00e7ade d\u2019une maison refl\u00e8te l\u2019identit\u00e9 de son propri\u00e9taire\u2026 Et\u2026","rel":"","context":"Dans &quot;Artibat 2018&quot;","img":{"alt_text":"","src":"https:\/\/i0.wp.com\/batimedianews.com\/live\/wp-content\/uploads\/2018\/09\/deceuninck_image.jpg?fit=1042%2C665&ssl=1&resize=350%2C200","width":350,"height":200},"classes":[]}],"_links":{"self":[{"href":"https:\/\/batimedianews.com\/live\/index.php\/wp-json\/wp\/v2\/posts\/49426"}],"collection":[{"href":"https:\/\/batimedianews.com\/live\/index.php\/wp-json\/wp\/v2\/posts"}],"about":[{"href":"https:\/\/batimedianews.com\/live\/index.php\/wp-json\/wp\/v2\/types\/post"}],"author":[{"embeddable":true,"href":"https:\/\/batimedianews.com\/live\/index.php\/wp-json\/wp\/v2\/users\/41"}],"replies":[{"embeddable":true,"href":"https:\/\/batimedianews.com\/live\/index.php\/wp-json\/wp\/v2\/comments?post=49426"}],"version-history":[{"count":3,"href":"https:\/\/batimedianews.com\/live\/index.php\/wp-json\/wp\/v2\/posts\/49426\/revisions"}],"predecessor-version":[{"id":49570,"href":"https:\/\/batimedianews.com\/live\/index.php\/wp-json\/wp\/v2\/posts\/49426\/revisions\/49570"}],"wp:featuredmedia":[{"embeddable":true,"href":"https:\/\/batimedianews.com\/live\/index.php\/wp-json\/wp\/v2\/media\/49431"}],"wp:attachment":[{"href":"https:\/\/batimedianews.com\/live\/index.php\/wp-json\/wp\/v2\/media?parent=49426"}],"wp:term":[{"taxonomy":"category","embeddable":true,"href":"https:\/\/batimedianews.com\/live\/index.php\/wp-json\/wp\/v2\/categories?post=49426"},{"taxonomy":"post_tag","embeddable":true,"href":"https:\/\/batimedianews.com\/live\/index.php\/wp-json\/wp\/v2\/tags?post=49426"}],"curies":[{"name":"wp","href":"https:\/\/api.w.org\/{rel}","templated":true}]}}