{"id":49433,"date":"2026-03-09T10:24:26","date_gmt":"2026-03-09T09:24:26","guid":{"rendered":"http:\/\/batimedianews.com\/live\/?p=49433"},"modified":"2026-03-09T10:24:29","modified_gmt":"2026-03-09T09:24:29","slug":"pantone-llc-sinvite-dans-les-cahiers-de-tendance-des-univers-de-la-mode-de-la-creation-graphique-et-bien-sur-de-larchitecture-dinterieur","status":"publish","type":"post","link":"https:\/\/batimedianews.com\/live\/index.php\/2026\/03\/09\/pantone-llc-sinvite-dans-les-cahiers-de-tendance-des-univers-de-la-mode-de-la-creation-graphique-et-bien-sur-de-larchitecture-dinterieur\/","title":{"rendered":"Pantone LLC s\u2019invite dans les cahiers de tendance des univers de la mode, de la cr\u00e9ation graphique et bien s\u00fbr de l\u2019architecture d\u2019int\u00e9rieur"},"content":{"rendered":"\n<p>Comme chaque ann\u00e9e, <strong>Pantone LLC, autorit\u00e9 mondiale dans le domaine de la couleur et fournisseur leader de standards de couleur professionnels s\u2019invite dans les cahiers de tendance des univers de la mode, de la cr\u00e9ation graphique et bien s\u00fbr de l\u2019architecture d\u2019int\u00e9rieur<\/strong>.<\/p>\n\n\n\n<p class=\"has-text-align-justify\">Presque inattendue, \u00ab Color of the year 2026\u201d baptis\u00e9e Cloud Dancer\u00ae, est \u00ab \u2026 un<strong> blanc a\u00e9rien, comme une bouff\u00e9e d\u2019air frais, charg\u00e9 d\u2019une sensation de s\u00e9r\u00e9nit\u00e9<\/strong>. Il incarne notre aspiration \u00e0 un futur lib\u00e9r\u00e9 de la toxicit\u00e9 et de l\u2019exc\u00e8s, pas un blanc froid, mais une nuance naturelle, volontairement douce. \u00bb <strong>Il est m\u00eame sugg\u00e9r\u00e9 d\u2019associer \u00ab ce blanc \u00bb \u00e0 des tonalit\u00e9s neutres ou pastel afin de cr\u00e9er \u00ab \u2026des variations subtiles de teintes, agr\u00e9ables et discr\u00e8tes. \u00bb<\/strong>&nbsp;<\/p>\n\n\n\n<div class=\"wp-block-media-text alignwide is-stacked-on-mobile\"><figure class=\"wp-block-media-text__media\"><img loading=\"lazy\" width=\"720\" height=\"480\" src=\"https:\/\/i0.wp.com\/batimedianews.com\/live\/wp-content\/uploads\/2026\/02\/image-92.png?resize=720%2C480\" alt=\"\" class=\"wp-image-49434 size-full\" srcset=\"https:\/\/i0.wp.com\/batimedianews.com\/live\/wp-content\/uploads\/2026\/02\/image-92.png?w=1014&amp;ssl=1 1014w, https:\/\/i0.wp.com\/batimedianews.com\/live\/wp-content\/uploads\/2026\/02\/image-92.png?resize=768%2C512&amp;ssl=1 768w, https:\/\/i0.wp.com\/batimedianews.com\/live\/wp-content\/uploads\/2026\/02\/image-92.png?resize=432%2C288&amp;ssl=1 432w, https:\/\/i0.wp.com\/batimedianews.com\/live\/wp-content\/uploads\/2026\/02\/image-92.png?resize=396%2C264&amp;ssl=1 396w, https:\/\/i0.wp.com\/batimedianews.com\/live\/wp-content\/uploads\/2026\/02\/image-92.png?resize=660%2C440&amp;ssl=1 660w\" sizes=\"(max-width: 600px) 91vw, (max-width: 900px) 600px, (max-width: 1060px) 50vw, (max-width: 1200px) 520px, (max-width: 1400px) 43vw, 600px\" data-recalc-dims=\"1\" \/><\/figure><div class=\"wp-block-media-text__content\">\n<p class=\"has-text-align-center has-medium-font-size\">&nbsp;Comme une \u00e9vidence,&nbsp;<\/p>\n\n\n\n<p class=\"has-text-align-center\">l\u2019authenticit\u00e9 et la douceur naturelle&nbsp;de la c\u00e9ramique&nbsp;anim\u00e9e par ses reflets lumineux&nbsp;apporte sa r\u00e9ponse \u00e0 cette invitation !&nbsp;<\/p>\n\n\n\n<p class=\"has-text-align-center\"><strong>Espace cocon&nbsp;<\/strong><\/p>\n\n\n\n<p class=\"has-text-align-center\">ou&nbsp;<\/p>\n\n\n\n<p class=\"has-text-align-center\"><strong>mini salle de bains tonique,<\/strong> <strong>le blanc lui va si bien\u2026&nbsp;<\/strong><\/p>\n<\/div><\/div>\n\n\n\n<p><strong>\u00ab \u2026 cr\u00e9er un espace o\u00f9 fonctionnalit\u00e9 et \u00e9motion se m\u00ealent pour cr\u00e9er une atmosph\u00e8re sereine &amp; spacieuse,&nbsp;une puret\u00e9 visuelle \u00e9vocatrice de bien-\u00eatre et de l\u00e9g\u00e8ret\u00e9. \u00bb&nbsp;<\/strong><\/p>\n\n\n\n<figure class=\"wp-block-image size-full\"><img loading=\"lazy\" width=\"720\" height=\"325\" src=\"https:\/\/i2.wp.com\/batimedianews.com\/live\/wp-content\/uploads\/2026\/02\/image-93.png?resize=720%2C325\" alt=\"\" class=\"wp-image-49435\" srcset=\"https:\/\/i2.wp.com\/batimedianews.com\/live\/wp-content\/uploads\/2026\/02\/image-93.png?w=1262&amp;ssl=1 1262w, https:\/\/i2.wp.com\/batimedianews.com\/live\/wp-content\/uploads\/2026\/02\/image-93.png?resize=768%2C346&amp;ssl=1 768w, https:\/\/i2.wp.com\/batimedianews.com\/live\/wp-content\/uploads\/2026\/02\/image-93.png?resize=432%2C195&amp;ssl=1 432w, https:\/\/i2.wp.com\/batimedianews.com\/live\/wp-content\/uploads\/2026\/02\/image-93.png?resize=396%2C179&amp;ssl=1 396w, https:\/\/i2.wp.com\/batimedianews.com\/live\/wp-content\/uploads\/2026\/02\/image-93.png?resize=1120%2C506&amp;ssl=1 1120w, https:\/\/i2.wp.com\/batimedianews.com\/live\/wp-content\/uploads\/2026\/02\/image-93.png?resize=660%2C298&amp;ssl=1 660w\" sizes=\"(max-width: 600px) 91vw, (max-width: 900px) 600px, (max-width: 1060px) 50vw, (max-width: 1200px) 520px, (max-width: 1400px) 43vw, 600px\" data-recalc-dims=\"1\" \/><figcaption>Dans la salle de bains,&nbsp;<br><strong>le blanc &#8211; qu\u2019il soit mat, brillant ou satin\u00e9 &#8211; joue un r\u00f4le fonctionnel autant qu\u2019esth\u00e9tique :&nbsp;<\/strong><br>ici, il refl\u00e8te la lumi\u00e8re avec douceur, agrandit visuellement les petits espaces et accentue la sensation de propret\u00e9.&nbsp;<br>Au sol, au mur ou parmi les \u00e9l\u00e9ments sanitaires : vasque, miroirs, assise\u2026 cette teinte joue avec l\u2019\u00e9clairage et anime la salle de bains&nbsp;<\/figcaption><\/figure>\n\n\n\n<div class=\"wp-block-columns\">\n<div class=\"wp-block-column\" style=\"flex-basis:66.66%\">\n<p><strong>Vasque \u00e0 poser Liquid design Tom Dixon&nbsp;<\/strong><\/p>\n\n\n\n<p>\u00d8 40 x H 14,5 cm &#8211; PPI TTC 457 \u20ac&nbsp;<\/p>\n\n\n\n<p><strong>M\u00e9langeur Lavabo noir brillant &#8211; PPI TTC 739 \u20ac&nbsp;<\/strong><\/p>\n\n\n\n<p><strong>Ensemble de douche encastr\u00e9 Pommeau + douchette 12L\/mn  <\/strong><\/p>\n\n\n\n<p><strong>PPI TTC 2293 \u20ac&nbsp;<\/strong><\/p>\n<\/div>\n\n\n\n<div class=\"wp-block-column\" style=\"flex-basis:33.33%\">\n<p><strong>Lavabo totem Liquid design Tom Dixon&nbsp;<\/strong><\/p>\n\n\n\n<p>\u00d8 40 x H 85 cm &#8211; PPI TTC 1770 \u20ac&nbsp;<\/p>\n\n\n\n<p><strong>M\u00e9langeur Lavabo noir brillant &#8211; PPI TTC 739 \u20ac&nbsp;<\/strong><\/p>\n\n\n\n<p><strong>Assise c\u00e9ramique \u00d8 40 x H 40 cm &#8211; PPI TTC 556 \u20ac&nbsp;<\/strong><\/p>\n<\/div>\n<\/div>\n\n\n\n<p style=\"font-size:18px\">\u00ab \u2026comme une bouff\u00e9e d\u2019air frais, charg\u00e9 d\u2019une sensation de s\u00e9r\u00e9nit\u00e9. \u00bb&nbsp;<\/p>\n\n\n\n<p>Associ\u00e9e \u00e0 des lignes \u00e9pur\u00e9es et \u00e0 un mobilier minimaliste, l\u2019inspiration \u00ab Cloud Dancer\u00ae \u00bb cr\u00e9e un cadre harmonieux, \u00e0 la fois pratique, sain et propice au bien-\u00eatre.&nbsp;<\/p>\n\n\n\n<p><strong>Il accueille comme une sculpture&nbsp;l\u2019ensemble Plural&nbsp;<\/strong><\/p>\n\n\n\n<p>dont le design de la cr\u00e9atrice Terri Pecora&nbsp; exprime une \u00e9l\u00e9gante puret\u00e9&nbsp;et une r\u00e9elle essentialit\u00e9.&nbsp;<\/p>\n\n\n\n<div class=\"wp-block-image\"><figure class=\"aligncenter size-full\"><img loading=\"lazy\" width=\"460\" height=\"548\" src=\"https:\/\/i0.wp.com\/batimedianews.com\/live\/wp-content\/uploads\/2026\/02\/image-94.png?resize=460%2C548\" alt=\"\" class=\"wp-image-49436\" srcset=\"https:\/\/i0.wp.com\/batimedianews.com\/live\/wp-content\/uploads\/2026\/02\/image-94.png?w=460&amp;ssl=1 460w, https:\/\/i0.wp.com\/batimedianews.com\/live\/wp-content\/uploads\/2026\/02\/image-94.png?resize=768%2C914&amp;ssl=1 768w, https:\/\/i0.wp.com\/batimedianews.com\/live\/wp-content\/uploads\/2026\/02\/image-94.png?resize=432%2C515&amp;ssl=1 432w, https:\/\/i0.wp.com\/batimedianews.com\/live\/wp-content\/uploads\/2026\/02\/image-94.png?resize=396%2C472&amp;ssl=1 396w\" sizes=\"(max-width: 600px) 91vw, (max-width: 900px) 600px, (max-width: 1060px) 50vw, (max-width: 1200px) 520px, (max-width: 1400px) 43vw, 600px\" data-recalc-dims=\"1\" \/><figcaption><strong>Console Plural Design Terri Pecora&nbsp;<\/strong><br><strong>Vasque \u00e0 poser sable mat Rect. PPI TTC 594 \u20ac&nbsp;<\/strong><br>Pi\u00e8tement m\u00e9tal noir mat, laqu\u00e9&nbsp;<br>P 49 x L 68,5 x H 66 cm&nbsp;<br>PPI TTC 772 \u20ac&nbsp;<\/figcaption><\/figure><\/div>\n\n\n\n<p><strong>Il amplifie avec douceur&nbsp;<\/strong>l\u2019\u00e9clairage LED du meuble Glora.&nbsp;<\/p>\n\n\n\n<div class=\"wp-block-image\"><figure class=\"aligncenter size-full\"><img loading=\"lazy\" width=\"502\" height=\"426\" src=\"https:\/\/i1.wp.com\/batimedianews.com\/live\/wp-content\/uploads\/2026\/02\/image-95.png?resize=502%2C426\" alt=\"\" class=\"wp-image-49437\" srcset=\"https:\/\/i1.wp.com\/batimedianews.com\/live\/wp-content\/uploads\/2026\/02\/image-95.png?w=502&amp;ssl=1 502w, https:\/\/i1.wp.com\/batimedianews.com\/live\/wp-content\/uploads\/2026\/02\/image-95.png?resize=768%2C651&amp;ssl=1 768w, https:\/\/i1.wp.com\/batimedianews.com\/live\/wp-content\/uploads\/2026\/02\/image-95.png?resize=432%2C367&amp;ssl=1 432w, https:\/\/i1.wp.com\/batimedianews.com\/live\/wp-content\/uploads\/2026\/02\/image-95.png?resize=396%2C336&amp;ssl=1 396w\" sizes=\"(max-width: 600px) 91vw, (max-width: 900px) 600px, (max-width: 1060px) 50vw, (max-width: 1200px) 520px, (max-width: 1400px) 43vw, 600px\" data-recalc-dims=\"1\" \/><figcaption><strong>Meuble Glora avec \u00e9clairage LED&nbsp;<\/strong><br>tiroir XL Taupe mat&nbsp;<br>L 120 x P 52,5 x H 52,5 cm &#8211; PPI TTC 1967 \u20ac&nbsp;<br><strong>Vasque c\u00e9ramique Glora \u00d8 45 x H 8,5 cm&nbsp;<\/strong><br>PPI TTC 258 \u20ac&nbsp;<\/figcaption><\/figure><\/div>\n\n\n\n<p><strong>ll contribue \u00e0 la d\u00e9licate sobri\u00e9t\u00e9 de la vasque Outline 100% recycl\u00e9e.&nbsp;<\/strong><\/p>\n\n\n\n<div class=\"wp-block-image\"><figure class=\"aligncenter size-full\"><img loading=\"lazy\" width=\"488\" height=\"382\" src=\"https:\/\/i2.wp.com\/batimedianews.com\/live\/wp-content\/uploads\/2026\/02\/image-96.png?resize=488%2C382\" alt=\"\" class=\"wp-image-49438\" srcset=\"https:\/\/i2.wp.com\/batimedianews.com\/live\/wp-content\/uploads\/2026\/02\/image-96.png?w=488&amp;ssl=1 488w, https:\/\/i2.wp.com\/batimedianews.com\/live\/wp-content\/uploads\/2026\/02\/image-96.png?resize=768%2C601&amp;ssl=1 768w, https:\/\/i2.wp.com\/batimedianews.com\/live\/wp-content\/uploads\/2026\/02\/image-96.png?resize=432%2C338&amp;ssl=1 432w, https:\/\/i2.wp.com\/batimedianews.com\/live\/wp-content\/uploads\/2026\/02\/image-96.png?resize=396%2C310&amp;ssl=1 396w\" sizes=\"(max-width: 600px) 91vw, (max-width: 900px) 600px, (max-width: 1060px) 50vw, (max-width: 1200px) 520px, (max-width: 1400px) 43vw, 600px\" data-recalc-dims=\"1\" \/><figcaption><strong>Vasque Outline&nbsp;<\/strong><br><strong>c\u00e9ramique 100% recycl\u00e9e&nbsp;<\/strong><br>Rectangle \u00e0 poser L 47,5 x P 42 x H 15 cm&nbsp;<br>Beige mat&nbsp;<br>PPI TTC 432 \u20ac&nbsp;<\/figcaption><\/figure><\/div>\n\n\n\n<p><strong>\u00ab \u2026 cr\u00e9er un espace confortable o\u00f9 fonctionnalit\u00e9 et \u00e9motion s\u2019entrem\u00ealent pour acc\u00e9der \u00e0 une atmosph\u00e8re sereine\u2026 \u00bb&nbsp;<\/strong><\/p>\n\n\n\n<p><strong>Polyvalente, cette tonalit\u00e9 s\u2019adapte aussi bien aux petites qu\u2019aux grandes salles de bains.&nbsp;<\/strong><\/p>\n\n\n\n<p><strong>Elle ouvre visuellement les espaces r\u00e9duits&nbsp;<\/strong>et, telle une base neutre, elle s\u2019invite dans les volumes plus g\u00e9n\u00e9reux, valorise l\u2019architecture sans jamais dominer la pi\u00e8ce.&nbsp;<\/p>\n\n\n\n<p>Les jeux de ton sur ton favorisent ces ambiances reposantes, associ\u00e9s \u00e0 des lignes galb\u00e9es ils accompagnent la fluidit\u00e9 de l\u2019atmosph\u00e8re.&nbsp;<\/p>\n\n\n\n<figure class=\"wp-block-image size-full\"><img loading=\"lazy\" width=\"720\" height=\"352\" src=\"https:\/\/i1.wp.com\/batimedianews.com\/live\/wp-content\/uploads\/2026\/02\/image-97.png?resize=720%2C352\" alt=\"\" class=\"wp-image-49439\" srcset=\"https:\/\/i1.wp.com\/batimedianews.com\/live\/wp-content\/uploads\/2026\/02\/image-97.png?w=1374&amp;ssl=1 1374w, https:\/\/i1.wp.com\/batimedianews.com\/live\/wp-content\/uploads\/2026\/02\/image-97.png?resize=768%2C375&amp;ssl=1 768w, https:\/\/i1.wp.com\/batimedianews.com\/live\/wp-content\/uploads\/2026\/02\/image-97.png?resize=432%2C211&amp;ssl=1 432w, https:\/\/i1.wp.com\/batimedianews.com\/live\/wp-content\/uploads\/2026\/02\/image-97.png?resize=396%2C194&amp;ssl=1 396w, https:\/\/i1.wp.com\/batimedianews.com\/live\/wp-content\/uploads\/2026\/02\/image-97.png?resize=1120%2C548&amp;ssl=1 1120w, https:\/\/i1.wp.com\/batimedianews.com\/live\/wp-content\/uploads\/2026\/02\/image-97.png?resize=660%2C323&amp;ssl=1 660w\" sizes=\"(max-width: 600px) 91vw, (max-width: 900px) 600px, (max-width: 1060px) 50vw, (max-width: 1200px) 520px, (max-width: 1400px) 43vw, 600px\" data-recalc-dims=\"1\" \/><\/figure>\n\n\n\n<figure class=\"wp-block-image size-full\"><img loading=\"lazy\" width=\"720\" height=\"352\" src=\"https:\/\/i0.wp.com\/batimedianews.com\/live\/wp-content\/uploads\/2026\/02\/image-98.png?resize=720%2C352\" alt=\"\" class=\"wp-image-49440\" srcset=\"https:\/\/i0.wp.com\/batimedianews.com\/live\/wp-content\/uploads\/2026\/02\/image-98.png?w=1374&amp;ssl=1 1374w, https:\/\/i0.wp.com\/batimedianews.com\/live\/wp-content\/uploads\/2026\/02\/image-98.png?resize=768%2C375&amp;ssl=1 768w, https:\/\/i0.wp.com\/batimedianews.com\/live\/wp-content\/uploads\/2026\/02\/image-98.png?resize=432%2C211&amp;ssl=1 432w, https:\/\/i0.wp.com\/batimedianews.com\/live\/wp-content\/uploads\/2026\/02\/image-98.png?resize=396%2C194&amp;ssl=1 396w, https:\/\/i0.wp.com\/batimedianews.com\/live\/wp-content\/uploads\/2026\/02\/image-98.png?resize=1120%2C548&amp;ssl=1 1120w, https:\/\/i0.wp.com\/batimedianews.com\/live\/wp-content\/uploads\/2026\/02\/image-98.png?resize=660%2C323&amp;ssl=1 660w\" sizes=\"(max-width: 600px) 91vw, (max-width: 900px) 600px, (max-width: 1060px) 50vw, (max-width: 1200px) 520px, (max-width: 1400px) 43vw, 600px\" data-recalc-dims=\"1\" \/><\/figure>\n\n\n\n<p><\/p>\n","protected":false},"excerpt":{"rendered":"<p>Comme chaque ann\u00e9e, Pantone LLC, autorit\u00e9 mondiale dans le domaine de la couleur et fournisseur leader de standards de couleur professionnels s\u2019invite dans les cahiers de tendance des univers de la mode, de la cr\u00e9ation graphique et bien s\u00fbr de l\u2019architecture d\u2019int\u00e9rieur. Presque inattendue, \u00ab Color of the year 2026\u201d baptis\u00e9e Cloud Dancer\u00ae, est \u00ab [&hellip;]<\/p>\n","protected":false},"author":41,"featured_media":49441,"comment_status":"open","ping_status":"open","sticky":true,"template":"","format":"standard","meta":{"spay_email":""},"categories":[4,868,1171,499,803],"tags":[],"jetpack_featured_media_url":"https:\/\/i1.wp.com\/batimedianews.com\/live\/wp-content\/uploads\/2026\/02\/VitrA.jpg?fit=1513%2C825&ssl=1","jetpack_sharing_enabled":true,"jetpack_likes_enabled":true,"jetpack-related-posts":[{"id":20304,"url":"https:\/\/batimedianews.com\/live\/index.php\/2022\/05\/24\/un-nouveau-nuancier-acova-pour-de-nouvelles-inspirations\/","url_meta":{"origin":49433,"position":0},"title":"Un nouveau nuancier ACOVA pour de nouvelles inspirations.","date":"24 mai 2022","format":false,"excerpt":"Inventeur du radiateur d\u00e9coratif en 1964 et du s\u00e8che-serviettes en 1978 en France, ACOVA a \u00e9t\u00e9 la premi\u00e8re marque \u00e0 proposer ses produits en couleur afin de les harmoniser, avec style, \u00e0 la d\u00e9coration int\u00e9rieure de l\u2019habitat. Aujourd\u2019hui, Acova s\u2019associe \u00e0 Juliette Baumgartner, architecte coloriste renomm\u00e9e, pour renouveler son offre\u2026","rel":"","context":"Dans &quot;Actualit\u00e9 Entreprises&quot;","img":{"alt_text":"","src":"https:\/\/i2.wp.com\/batimedianews.com\/live\/wp-content\/uploads\/2022\/05\/ACOVA-Article.jpg?fit=1080%2C1080&ssl=1&resize=350%2C200","width":350,"height":200},"classes":[]},{"id":49387,"url":"https:\/\/batimedianews.com\/live\/index.php\/2026\/03\/05\/tendance-2026-feel-good-serenite-verticalite\/","url_meta":{"origin":49433,"position":1},"title":"TENDANCE 2026 FEEL GOOD ! S\u00e9r\u00e9nit\u00e9 &amp; Verticalit\u00e9","date":"5 mars 2026","format":false,"excerpt":"S\u00e8che-serviettes, que font-ils ?\u00a0 S\u00e9cher les draps de bain et chauffer la salle de bain c\u2019est leur fonction\u2026\u00a0 Pour s\u00e9cher les draps de bain, plusieurs options sont possibles :\u00a0 Embellir l\u2019espace et envelopper l\u2019utilisateur d\u2019une chaleur douce c\u2019est leur mission !\u00a0 Qui aurait imagin\u00e9 que le radiateur \u00e9lectrique, longtemps baptis\u00e9\u2026","rel":"","context":"Dans &quot;Actualit\u00e9 Entreprises&quot;","img":{"alt_text":"","src":"https:\/\/i2.wp.com\/batimedianews.com\/live\/wp-content\/uploads\/2026\/02\/Finimetal.jpg?fit=825%2C825&ssl=1&resize=350%2C200","width":350,"height":200},"classes":[]},{"id":7670,"url":"https:\/\/batimedianews.com\/live\/index.php\/2021\/01\/06\/lintemporelle-couleur-blanche-est-a-adopter-cet-hiver-pour-un-interieur-chic-et-elegant\/","url_meta":{"origin":49433,"position":2},"title":"L\u2019intemporelle couleur blanche est \u00e0 adopter cet hiver pour un int\u00e9rieur chic et \u00e9l\u00e9gant","date":"6 janvier 2021","format":false,"excerpt":"L\u2019hiver approchant petit \u00e0 petit, le blanc est une valeur s\u00fbre pour une d\u00e9co chic et \u00e9l\u00e9gante. Des luminaires blancs comme neige apportent une touche de douceur et d\u2019originalit\u00e9 \u00e0 votre int\u00e9rieur en cette p\u00e9riode de f\u00eate. Plus g\u00e9n\u00e9ralement, le blanc est une teinte discr\u00e8te mais omnipr\u00e9sente souvent synonyme de\u2026","rel":"","context":"Dans &quot;Actualit\u00e9 Entreprises&quot;","img":{"alt_text":"","src":"https:\/\/i1.wp.com\/batimedianews.com\/live\/wp-content\/uploads\/2021\/01\/image.png?fit=626%2C742&ssl=1&resize=350%2C200","width":350,"height":200},"classes":[]},{"id":3246,"url":"https:\/\/batimedianews.com\/live\/index.php\/2019\/10\/24\/nouvelle-tendance-la-salle-de-bains-technologique-avec-viega\/","url_meta":{"origin":49433,"position":3},"title":"Nouvelle tendance : la salle de bains technologique avec Viega","date":"24 octobre 2019","format":false,"excerpt":"Les salles de bains sont aussi diverses que leurs utilisateurs, tout comme leurs am\u00e9nagements int\u00e9rieurs. La nouvelle tendance est \u00e0 la salle de bains technologique, o\u00f9 l\u2019affinit\u00e9 pour la technique rencontre le confort. Viega pr\u00e9sente un agencement qui allie ces deux aspects. Caract\u00e9ris\u00e9e par l\u2019utilisation technologique des mat\u00e9riaux, des formes\u2026","rel":"","context":"Dans &quot;Equipement&quot;","img":{"alt_text":"","src":"https:\/\/i1.wp.com\/batimedianews.com\/live\/wp-content\/uploads\/2019\/10\/viega_image.jpg?fit=1125%2C1125&ssl=1&resize=350%2C200","width":350,"height":200},"classes":[]},{"id":47380,"url":"https:\/\/batimedianews.com\/live\/index.php\/2025\/10\/14\/nouveautes-color-touch-wirquin-la-touche-finale-qui-change-tout-dans-la-salle-de-bains\/","url_meta":{"origin":49433,"position":4},"title":"NOUVEAUT\u00c9S COLOR TOUCH WIRQUIN &#8211; La touche finale qui change tout dans la salle de bains","date":"14 octobre 2025","format":false,"excerpt":"On passe du temps \u00e0 imaginer une salle de bains qui nous ressemble, \u00e0 choisir les bonnes mati\u00e8res, les bonnes teintes, celles qui cr\u00e9ent un vrai sentiment de bien-\u00eatre. Alors pourquoi s\u2019arr\u00eater en chemin ? Avec sa nouvelle collection Color Touch, Wirquin propose d\u2019aller jusqu\u2019au bout de la d\u00e9coration en\u2026","rel":"","context":"Dans &quot;Actualit\u00e9 Entreprises&quot;","img":{"alt_text":"","src":"https:\/\/i0.wp.com\/batimedianews.com\/live\/wp-content\/uploads\/2025\/10\/Wirquin.jpg?fit=825%2C825&ssl=1&resize=350%2C200","width":350,"height":200},"classes":[]},{"id":16303,"url":"https:\/\/batimedianews.com\/live\/index.php\/2022\/02\/22\/milliken-interprete-la-couleur-pantone-2022-very-peri\/","url_meta":{"origin":49433,"position":5},"title":"Milliken interpr\u00e8te la couleur Pantone 2022 \u00ab Very Peri \u00bb","date":"22 f\u00e9vrier 2022","format":false,"excerpt":"Le Pantone Color Institute a d\u00e9sign\u00e9 la teinte Very Peri comme couleur de l'ann\u00e9e 2022. Le fabricant de rev\u00eatements de sol Milliken reprend cette couleur inspir\u00e9e et inspirante au sein de ses produits, la d\u00e9clinant sous le nom de CMP38 Stipple dans sa collection Colour Compositions. Chaque ann\u00e9e, le Pantone\u2026","rel":"","context":"Dans &quot;Actualit\u00e9 Entreprises&quot;","img":{"alt_text":"","src":"https:\/\/i2.wp.com\/batimedianews.com\/live\/wp-content\/uploads\/2022\/02\/Milliken-Article-1.jpg?fit=512%2C512&ssl=1&resize=350%2C200","width":350,"height":200},"classes":[]}],"_links":{"self":[{"href":"https:\/\/batimedianews.com\/live\/index.php\/wp-json\/wp\/v2\/posts\/49433"}],"collection":[{"href":"https:\/\/batimedianews.com\/live\/index.php\/wp-json\/wp\/v2\/posts"}],"about":[{"href":"https:\/\/batimedianews.com\/live\/index.php\/wp-json\/wp\/v2\/types\/post"}],"author":[{"embeddable":true,"href":"https:\/\/batimedianews.com\/live\/index.php\/wp-json\/wp\/v2\/users\/41"}],"replies":[{"embeddable":true,"href":"https:\/\/batimedianews.com\/live\/index.php\/wp-json\/wp\/v2\/comments?post=49433"}],"version-history":[{"count":2,"href":"https:\/\/batimedianews.com\/live\/index.php\/wp-json\/wp\/v2\/posts\/49433\/revisions"}],"predecessor-version":[{"id":49572,"href":"https:\/\/batimedianews.com\/live\/index.php\/wp-json\/wp\/v2\/posts\/49433\/revisions\/49572"}],"wp:featuredmedia":[{"embeddable":true,"href":"https:\/\/batimedianews.com\/live\/index.php\/wp-json\/wp\/v2\/media\/49441"}],"wp:attachment":[{"href":"https:\/\/batimedianews.com\/live\/index.php\/wp-json\/wp\/v2\/media?parent=49433"}],"wp:term":[{"taxonomy":"category","embeddable":true,"href":"https:\/\/batimedianews.com\/live\/index.php\/wp-json\/wp\/v2\/categories?post=49433"},{"taxonomy":"post_tag","embeddable":true,"href":"https:\/\/batimedianews.com\/live\/index.php\/wp-json\/wp\/v2\/tags?post=49433"}],"curies":[{"name":"wp","href":"https:\/\/api.w.org\/{rel}","templated":true}]}}