{"id":49443,"date":"2026-03-09T10:27:44","date_gmt":"2026-03-09T09:27:44","guid":{"rendered":"http:\/\/batimedianews.com\/live\/?p=49443"},"modified":"2026-03-09T10:27:47","modified_gmt":"2026-03-09T09:27:47","slug":"tuiles-plates-erlus-un-classique-pour-les-batiments-historiques-ou-les-toitures-contemporaines","status":"publish","type":"post","link":"https:\/\/batimedianews.com\/live\/index.php\/2026\/03\/09\/tuiles-plates-erlus-un-classique-pour-les-batiments-historiques-ou-les-toitures-contemporaines\/","title":{"rendered":"Tuiles plates ERLUS &#8211; Un classique pour les b\u00e2timents historiques ou les toitures contemporaines"},"content":{"rendered":"\n<p class=\"has-text-align-justify\"><strong>Neufahrn, f\u00e9vrier 2026. Qualit\u00e9 allemande et savoir-faire artisanal : les tuiles plates ERLUS offrent des avantages attractifs pour les charpentiers et les couvreurs. ERLUS fait partie des rares fabricants capables de produire ces tuiles au sein de sa manufacture.<\/strong><\/p>\n\n\n\n<figure class=\"wp-block-image size-full\"><img loading=\"lazy\" width=\"720\" height=\"253\" src=\"https:\/\/i1.wp.com\/batimedianews.com\/live\/wp-content\/uploads\/2026\/02\/image-99.png?resize=720%2C253\" alt=\"\" class=\"wp-image-49444\" srcset=\"https:\/\/i1.wp.com\/batimedianews.com\/live\/wp-content\/uploads\/2026\/02\/image-99.png?w=1248&amp;ssl=1 1248w, https:\/\/i1.wp.com\/batimedianews.com\/live\/wp-content\/uploads\/2026\/02\/image-99.png?resize=768%2C269&amp;ssl=1 768w, https:\/\/i1.wp.com\/batimedianews.com\/live\/wp-content\/uploads\/2026\/02\/image-99.png?resize=432%2C152&amp;ssl=1 432w, https:\/\/i1.wp.com\/batimedianews.com\/live\/wp-content\/uploads\/2026\/02\/image-99.png?resize=396%2C139&amp;ssl=1 396w, https:\/\/i1.wp.com\/batimedianews.com\/live\/wp-content\/uploads\/2026\/02\/image-99.png?resize=1120%2C393&amp;ssl=1 1120w, https:\/\/i1.wp.com\/batimedianews.com\/live\/wp-content\/uploads\/2026\/02\/image-99.png?resize=660%2C232&amp;ssl=1 660w\" sizes=\"(max-width: 600px) 91vw, (max-width: 900px) 600px, (max-width: 1060px) 50vw, (max-width: 1200px) 520px, (max-width: 1400px) 43vw, 600px\" data-recalc-dims=\"1\" \/><\/figure>\n\n\n\n<p class=\"has-text-align-justify\">Depuis des d\u00e9cennies, les tuiles plates sont pl\u00e9biscit\u00e9es en Allemagne pour les r\u00e9novations exigeantes, les constructions neuves haut de gamme et les monuments \u00e0 caract\u00e8re historique. Elles connaissent aujourd\u2019hui le m\u00eame succ\u00e8s en France gr\u00e2ce \u00e0 leur durabilit\u00e9, leur stabilit\u00e9 et leurs multiples possibilit\u00e9s de rendu. Les clients profitent d\u2019un large choix de formes, de formats, de finitions et d\u2019\u00e9paisseurs.<\/p>\n\n\n\n<p class=\"has-text-align-justify\">Les diff\u00e9rentes coupes cr\u00e9ent des toitures individuelles, parfaitement adapt\u00e9es \u00e0 l\u2019architecture r\u00e9gionale mais \u00e9galement aux projets contemporains.<\/p>\n\n\n\n<p><strong>Une qualit\u00e9 exceptionnelle pour des toitures esth\u00e9tiques et robustes<\/strong><\/p>\n\n\n\n<p class=\"has-text-align-justify\">Lisses, bross\u00e9es, cannel\u00e9es, rainur\u00e9es ou gratt\u00e9es, les tuiles plates ERLUS proposent une esth\u00e9tique haut de gamme et une exceptionnelle durabilit\u00e9. Elles allient r\u00e9sistance m\u00e9canique, qualit\u00e9 d\u2019argile \u00e9prouv\u00e9e et durabilit\u00e9 des couleurs et finitions. Les constructions neuves, extensions ou r\u00e9novations peuvent b\u00e9n\u00e9ficier d\u2019une toiture durable, s\u00fbre et adapt\u00e9e aux sp\u00e9cificit\u00e9s r\u00e9gionales. Pour un rendu esth\u00e9tique unique sur le toit, les tuiles plates de 1,5 cm d\u2019\u00e9paisseur sont id\u00e9ales. Elles sont tr\u00e8s souvent utilis\u00e9es pour les toitures de b\u00e2timents \u00e0 caract\u00e8re patrimonial.<\/p>\n\n\n\n<p class=\"has-text-align-justify\">Gr\u00e2ce \u00e0 leur grande pr\u00e9cision dimensionnelle, ces tuiles garantissent une pose rapide, propre et efficace sur le chantier. Un ensemble complet d\u2019accessoires de marque ERLUS assure \u00e9galement protection et s\u00e9curit\u00e9, tandis que les tuiles de fa\u00eetage et de rives permettent des finitions \u00e9l\u00e9gantes et harmonieuses.<\/p>\n\n\n\n<p><strong>Des tuiles r\u00e9sistantes et test\u00e9es contre la gr\u00eale<\/strong><\/p>\n\n\n\n<p class=\"has-text-align-justify\">L\u2019\u00e9paisseur des tuiles ERLUS leur conf\u00e8re solidit\u00e9 et r\u00e9sistance lors de la pose, mais surtout face aux intemp\u00e9ries et variations de temp\u00e9ratures. Test\u00e9es contre la gr\u00eale par le groupe GBD, elles atteignent les classes de r\u00e9sistance les plus \u00e9lev\u00e9es. La tuile \u00e9caille cannel\u00e9e \u00a0\u00bb Potsdam \u00a0\u00bb de 18 mm d&rsquo;\u00e9paisseur r\u00e9siste par exemple \u00e0 des gr\u00ealons de 5 cm de diam\u00e8tre (r\u00e9sistance niveau 5).<\/p>\n\n\n\n<p class=\"has-text-align-justify\">Les tuiles les plus massives et authentiques d\u2019ERLUS sont les tuiles \u00a0\u00bb Plates moul\u00e9es main \u00a0\u00bb (2,2 cm d\u2019\u00e9paisseur), disponibles en version bross\u00e9e de forme \u00e9caille coupe droite. Ces tuiles atteignent la classe 5+ de r\u00e9sistance \u00e0 la gr\u00eale, garantissant une protection maximale et une longue dur\u00e9e de vie pour toutes les toitures.<\/p>\n\n\n\n<p class=\"has-text-align-justify\">Pl\u00e9biscit\u00e9e par les couvreurs fran\u00e7ais, la tuile plate \u00e0 coupe droite 18 x 38 cm se distingue par son \u00e9paisseur de 1,5 cm et sa r\u00e9sistance \u00e0 la gr\u00eale de niveau RG 4. Elle offre une esth\u00e9tique traditionnelle tout en restant \u00e9conomique, avec seulement 36 pi\u00e8ces par m<sup>2<\/sup> pour un pureau de 16,5 cm. La tuile de petit format 12 x 28 cm \u00a0\u00bb Tourelle \u00ab\u00a0, d\u2019une \u00e9paisseur de 1,4 cm, b\u00e9n\u00e9ficie elle aussi de la classe RG 4.<\/p>\n\n\n\n<p><strong>Des toitures personnalis\u00e9es gr\u00e2ce \u00e0 une grande vari\u00e9t\u00e9 de formes, de formats, d&rsquo;\u00e9paisseurs et de finitions<\/strong><\/p>\n\n\n\n<p class=\"has-text-align-justify\">La grande vari\u00e9t\u00e9 de formats, d\u00e9coupes et finitions des tuiles plates permet une adaptation facile aux toitures existantes, lucarnes, clochers ou autres d\u00e9tails architecturaux complexes. Pour des bulbes de clochers ou des toitures rondes, ERLUS est m\u00eame capable de produire sur demande des tuiles concaves ou convexes.<\/p>\n\n\n\n<p class=\"has-text-align-justify\">La tuile plate lisse de format 18 x 38 cm est d\u00e9clin\u00e9e dans de multiples formes : \u00e9caille, droite, droite \u00e0 coins arrondis, segment\u00e9e, gothique, pointue gothique, pointe de losange, anse de panier &#8211; combinables entre elles pour cr\u00e9er des toitures sur mesure et uniques.<\/p>\n\n\n\n<p><strong>Une fabrication artisanale sur mesure<\/strong><\/p>\n\n\n\n<p class=\"has-text-align-justify\">\u00c0 l\u2019image de ses tuiles plates \u00e9caille, ERLUS propose une large palette de solutions pour la protection du patrimoine et la valorisation de l\u2019artisanat r\u00e9gional sur les toitures. Les \u00e9quipes sp\u00e9cialis\u00e9es connaissent parfaitement les exigences des monuments historiques ou de la construction moderne et accompagnent les clients \u00e0 chaque \u00e9tape du chantier.<\/p>\n\n\n\n<p class=\"has-text-align-justify\">\u00c0 partir des 30 mod\u00e8les d\u00e9j\u00e0 existants, les variations sont toujours possibles pour une fabrication sp\u00e9ciale. La production de ces commandes sp\u00e9ciales prend environ deux mois. Si aucune tuile disponible chez ERLUS ne correspond au projet, ERLUS peut cr\u00e9er un nouvel outil de fabrication sur mesure, apr\u00e8s \u00e9tude de faisabilit\u00e9, garantissant des tuiles fid\u00e8les \u00e0 l\u2019original.<\/p>\n\n\n\n<p class=\"has-text-align-justify\">Ce savoir-faire unique a permis \u00e0 ERLUS de reproduire des tuiles pour de nombreux b\u00e2timents historiques, en s\u2019appuyant sur pr\u00e8s de 1 000 ans de tradition dans la fabrication de tuiles.<\/p>\n\n\n\n<p><strong>Une garantie mat\u00e9riau et rachat de 30 ans<\/strong><\/p>\n\n\n\n<p class=\"has-text-align-justify\">En France, les artisans b\u00e9n\u00e9ficient d\u2019une v\u00e9ritable s\u00e9curit\u00e9 de planification. ERLUS assure en effet une garantie mat\u00e9riau de 30 ans mais \u00e9galement une garantie de disponibilit\u00e9 de 30 ans. Les productions sp\u00e9ciales sont possibles d\u00e8s 150 m<sup>2<\/sup> et sont fabriqu\u00e9es directement \u00e0 l\u2018usine, de mani\u00e8re flexible et adapt\u00e9 \u00e0 chaque projet. Pour les stocks anciens, un \u00e9chantillonnage sp\u00e9cifique permet d\u2019identifier la tuile de remplacement id\u00e9ale.<\/p>\n\n\n\n<p class=\"has-medium-font-size\"><strong><em>Images :<\/em><\/strong><\/p>\n\n\n\n<figure class=\"wp-block-image size-full\"><img loading=\"lazy\" width=\"594\" height=\"526\" src=\"https:\/\/i2.wp.com\/batimedianews.com\/live\/wp-content\/uploads\/2026\/02\/image-100.png?resize=594%2C526\" alt=\"\" class=\"wp-image-49445\" srcset=\"https:\/\/i2.wp.com\/batimedianews.com\/live\/wp-content\/uploads\/2026\/02\/image-100.png?w=594&amp;ssl=1 594w, https:\/\/i2.wp.com\/batimedianews.com\/live\/wp-content\/uploads\/2026\/02\/image-100.png?resize=768%2C680&amp;ssl=1 768w, https:\/\/i2.wp.com\/batimedianews.com\/live\/wp-content\/uploads\/2026\/02\/image-100.png?resize=10%2C10&amp;ssl=1 10w, https:\/\/i2.wp.com\/batimedianews.com\/live\/wp-content\/uploads\/2026\/02\/image-100.png?resize=432%2C383&amp;ssl=1 432w, https:\/\/i2.wp.com\/batimedianews.com\/live\/wp-content\/uploads\/2026\/02\/image-100.png?resize=396%2C351&amp;ssl=1 396w\" sizes=\"(max-width: 600px) 91vw, (max-width: 900px) 600px, (max-width: 1060px) 50vw, (max-width: 1200px) 520px, (max-width: 1400px) 43vw, 600px\" data-recalc-dims=\"1\" \/><\/figure>\n\n\n\n<p><em>Avec les tuiles plates d\u2019ERLUS issues de la manufacture, la cr\u00e9ativit\u00e9 en mati\u00e8re de forme et de couleur n\u2019a pas de limites. L\u2019image montre la fl\u00e8che de l\u2019\u00e9glise Liebfrauenm\u00fcnster \u00e0 Wolfram-Eschenbach, en Allemagne. Photos : ERLUS<\/em><\/p>\n\n\n\n<figure class=\"wp-block-image size-full\"><img loading=\"lazy\" width=\"322\" height=\"430\" src=\"https:\/\/i0.wp.com\/batimedianews.com\/live\/wp-content\/uploads\/2026\/02\/image-101.png?resize=322%2C430\" alt=\"\" class=\"wp-image-49446\" srcset=\"https:\/\/i0.wp.com\/batimedianews.com\/live\/wp-content\/uploads\/2026\/02\/image-101.png?w=322&amp;ssl=1 322w, https:\/\/i0.wp.com\/batimedianews.com\/live\/wp-content\/uploads\/2026\/02\/image-101.png?resize=768%2C1025&amp;ssl=1 768w\" sizes=\"(max-width: 600px) 91vw, (max-width: 900px) 600px, (max-width: 1060px) 50vw, (max-width: 1200px) 520px, (max-width: 1400px) 43vw, 600px\" data-recalc-dims=\"1\" \/><\/figure>\n\n\n\n<p><em>Wappenbiber, forme Beuerberger et gothique (de gauche \u00e0 droite) : chez ERLUS, toutes les formes, d\u00e9coupes et finitions sont possibles, car les tuiles plates \u00e9caille peuvent \u00eatre fabriqu\u00e9es individuellement dans la manufacture.<\/em><\/p>\n\n\n\n<p><em>Photo : ERLUS<\/em><\/p>\n\n\n\n<figure class=\"wp-block-image size-full\"><img loading=\"lazy\" width=\"516\" height=\"350\" src=\"https:\/\/i2.wp.com\/batimedianews.com\/live\/wp-content\/uploads\/2026\/02\/image-102.png?resize=516%2C350\" alt=\"\" class=\"wp-image-49447\" srcset=\"https:\/\/i2.wp.com\/batimedianews.com\/live\/wp-content\/uploads\/2026\/02\/image-102.png?w=516&amp;ssl=1 516w, https:\/\/i2.wp.com\/batimedianews.com\/live\/wp-content\/uploads\/2026\/02\/image-102.png?resize=768%2C520&amp;ssl=1 768w, https:\/\/i2.wp.com\/batimedianews.com\/live\/wp-content\/uploads\/2026\/02\/image-102.png?resize=432%2C293&amp;ssl=1 432w, https:\/\/i2.wp.com\/batimedianews.com\/live\/wp-content\/uploads\/2026\/02\/image-102.png?resize=396%2C269&amp;ssl=1 396w\" sizes=\"(max-width: 600px) 91vw, (max-width: 900px) 600px, (max-width: 1060px) 50vw, (max-width: 1200px) 520px, (max-width: 1400px) 43vw, 600px\" data-recalc-dims=\"1\" \/><\/figure>\n\n\n\n<p><em>Le panachage des teintes, comme ici sur la toiture en coloris Siena permet d\u00b4obtenir des toitures dynamiques et pleines de vie.<\/em><\/p>\n\n\n\n<p><em>Photo : ERLUS<\/em><\/p>\n\n\n\n<figure class=\"wp-block-image size-full\"><img loading=\"lazy\" width=\"456\" height=\"376\" src=\"https:\/\/i0.wp.com\/batimedianews.com\/live\/wp-content\/uploads\/2026\/02\/image-103.png?resize=456%2C376\" alt=\"\" class=\"wp-image-49448\" srcset=\"https:\/\/i0.wp.com\/batimedianews.com\/live\/wp-content\/uploads\/2026\/02\/image-103.png?w=456&amp;ssl=1 456w, https:\/\/i0.wp.com\/batimedianews.com\/live\/wp-content\/uploads\/2026\/02\/image-103.png?resize=768%2C633&amp;ssl=1 768w, https:\/\/i0.wp.com\/batimedianews.com\/live\/wp-content\/uploads\/2026\/02\/image-103.png?resize=432%2C356&amp;ssl=1 432w, https:\/\/i0.wp.com\/batimedianews.com\/live\/wp-content\/uploads\/2026\/02\/image-103.png?resize=396%2C327&amp;ssl=1 396w\" sizes=\"(max-width: 600px) 91vw, (max-width: 900px) 600px, (max-width: 1060px) 50vw, (max-width: 1200px) 520px, (max-width: 1400px) 43vw, 600px\" data-recalc-dims=\"1\" \/><\/figure>\n\n\n\n<p><em>La tuile \u00ab Tourelle \u00bb d\u2019ERLUS est sp\u00e9cialement adapt\u00e9e aux tr\u00e8s petites surfaces de toitures ou aux toitures cintr\u00e9es. La tuile standard est \u00e9galement disponible en couleur Historic. Photos : ERLUS<\/em><\/p>\n\n\n\n<figure class=\"wp-block-image size-full\"><img loading=\"lazy\" width=\"322\" height=\"534\" src=\"https:\/\/i1.wp.com\/batimedianews.com\/live\/wp-content\/uploads\/2026\/02\/image-104.png?resize=322%2C534\" alt=\"\" class=\"wp-image-49449\" srcset=\"https:\/\/i1.wp.com\/batimedianews.com\/live\/wp-content\/uploads\/2026\/02\/image-104.png?w=322&amp;ssl=1 322w, https:\/\/i1.wp.com\/batimedianews.com\/live\/wp-content\/uploads\/2026\/02\/image-104.png?resize=768%2C1273&amp;ssl=1 768w\" sizes=\"(max-width: 600px) 91vw, (max-width: 900px) 600px, (max-width: 1060px) 50vw, (max-width: 1200px) 520px, (max-width: 1400px) 43vw, 600px\" data-recalc-dims=\"1\" \/><\/figure>\n\n\n\n<p><em>La tuile \u00ab plate moul\u00e9e main \u00bb \u00e0 coupe droite d\u2019ERLUS s\u2019int\u00e8gre parfaitement, mais pas seulement, sur les b\u00e2timents historiques. \u00bb Photo : ERLUS<\/em><\/p>\n\n\n\n<figure class=\"wp-block-image size-full\"><img loading=\"lazy\" width=\"720\" height=\"236\" src=\"https:\/\/i0.wp.com\/batimedianews.com\/live\/wp-content\/uploads\/2026\/02\/image-105.png?resize=720%2C236\" alt=\"\" class=\"wp-image-49450\" srcset=\"https:\/\/i0.wp.com\/batimedianews.com\/live\/wp-content\/uploads\/2026\/02\/image-105.png?w=902&amp;ssl=1 902w, https:\/\/i0.wp.com\/batimedianews.com\/live\/wp-content\/uploads\/2026\/02\/image-105.png?resize=768%2C252&amp;ssl=1 768w, https:\/\/i0.wp.com\/batimedianews.com\/live\/wp-content\/uploads\/2026\/02\/image-105.png?resize=432%2C142&amp;ssl=1 432w, https:\/\/i0.wp.com\/batimedianews.com\/live\/wp-content\/uploads\/2026\/02\/image-105.png?resize=396%2C130&amp;ssl=1 396w, https:\/\/i0.wp.com\/batimedianews.com\/live\/wp-content\/uploads\/2026\/02\/image-105.png?resize=660%2C217&amp;ssl=1 660w\" sizes=\"(max-width: 600px) 91vw, (max-width: 900px) 600px, (max-width: 1060px) 50vw, (max-width: 1200px) 520px, (max-width: 1400px) 43vw, 600px\" data-recalc-dims=\"1\" \/><\/figure>\n\n\n\n<p><em>Forme de tuile historique, accessoires modernes et esth\u00e9tique soign\u00e9e : les tuiles plates \u00e9caille d\u2019ERLUS, ici le mod\u00e8le \u00e0 d\u00e9coupe droite en couleur anthracite, sont disponibles avec des accessoires de marque.<\/em><\/p>\n\n\n\n<p><em>Photos : ERLUS, photographe : Bernd Mair, 2022.<\/em><\/p>\n\n\n\n<figure class=\"wp-block-image size-full\"><img loading=\"lazy\" width=\"562\" height=\"372\" src=\"https:\/\/i2.wp.com\/batimedianews.com\/live\/wp-content\/uploads\/2026\/02\/image-106.png?resize=562%2C372\" alt=\"\" class=\"wp-image-49451\" srcset=\"https:\/\/i2.wp.com\/batimedianews.com\/live\/wp-content\/uploads\/2026\/02\/image-106.png?w=562&amp;ssl=1 562w, https:\/\/i2.wp.com\/batimedianews.com\/live\/wp-content\/uploads\/2026\/02\/image-106.png?resize=768%2C508&amp;ssl=1 768w, https:\/\/i2.wp.com\/batimedianews.com\/live\/wp-content\/uploads\/2026\/02\/image-106.png?resize=432%2C286&amp;ssl=1 432w, https:\/\/i2.wp.com\/batimedianews.com\/live\/wp-content\/uploads\/2026\/02\/image-106.png?resize=396%2C262&amp;ssl=1 396w\" sizes=\"(max-width: 600px) 91vw, (max-width: 900px) 600px, (max-width: 1060px) 50vw, (max-width: 1200px) 520px, (max-width: 1400px) 43vw, 600px\" data-recalc-dims=\"1\" \/><\/figure>\n\n\n\n<p><em>La tuile plate \u00e9caille peut \u00e9galement couvrir parfaitement des toitures aux formes complexes, comme ici avec des noues et des lucarnes. Projet de r\u00e9f\u00e9rence avec tuiles Biber \u00e0 d\u00e9coupe ronde en Brazilbraun.<\/em><\/p>\n\n\n\n<p><em>Photo : ERLUS, photographe : Bernd Mair, 2022.<\/em><\/p>\n\n\n\n<figure class=\"wp-block-image size-full\"><img loading=\"lazy\" width=\"720\" height=\"538\" src=\"https:\/\/i0.wp.com\/batimedianews.com\/live\/wp-content\/uploads\/2026\/02\/image-107.png?resize=720%2C538\" alt=\"\" class=\"wp-image-49452\" srcset=\"https:\/\/i0.wp.com\/batimedianews.com\/live\/wp-content\/uploads\/2026\/02\/image-107.png?w=1158&amp;ssl=1 1158w, https:\/\/i0.wp.com\/batimedianews.com\/live\/wp-content\/uploads\/2026\/02\/image-107.png?resize=768%2C574&amp;ssl=1 768w, https:\/\/i0.wp.com\/batimedianews.com\/live\/wp-content\/uploads\/2026\/02\/image-107.png?resize=432%2C323&amp;ssl=1 432w, https:\/\/i0.wp.com\/batimedianews.com\/live\/wp-content\/uploads\/2026\/02\/image-107.png?resize=396%2C296&amp;ssl=1 396w, https:\/\/i0.wp.com\/batimedianews.com\/live\/wp-content\/uploads\/2026\/02\/image-107.png?resize=1120%2C838&amp;ssl=1 1120w, https:\/\/i0.wp.com\/batimedianews.com\/live\/wp-content\/uploads\/2026\/02\/image-107.png?resize=660%2C494&amp;ssl=1 660w\" sizes=\"(max-width: 600px) 91vw, (max-width: 900px) 600px, (max-width: 1060px) 50vw, (max-width: 1200px) 520px, (max-width: 1400px) 43vw, 600px\" data-recalc-dims=\"1\" \/><\/figure>\n\n\n\n<p><em>Les tuiles plates \u00e9caille, coupe segment\u00e9e, dans les couleurs noir mat et anthracite, et coupe ronde en titan silver, donnent \u00e0 ce projet de r\u00e9f\u00e9rence une touche magique.<\/em><\/p>\n\n\n\n<p><em>Photo : ERLUS, photographe : Etienne Hausel, Bildcraftmedia, 2024.<\/em><\/p>\n\n\n\n<figure class=\"wp-block-image size-full\"><img loading=\"lazy\" width=\"720\" height=\"479\" src=\"https:\/\/i2.wp.com\/batimedianews.com\/live\/wp-content\/uploads\/2026\/02\/image-108.png?resize=720%2C479\" alt=\"\" class=\"wp-image-49453\" srcset=\"https:\/\/i2.wp.com\/batimedianews.com\/live\/wp-content\/uploads\/2026\/02\/image-108.png?w=902&amp;ssl=1 902w, https:\/\/i2.wp.com\/batimedianews.com\/live\/wp-content\/uploads\/2026\/02\/image-108.png?resize=768%2C510&amp;ssl=1 768w, https:\/\/i2.wp.com\/batimedianews.com\/live\/wp-content\/uploads\/2026\/02\/image-108.png?resize=432%2C287&amp;ssl=1 432w, https:\/\/i2.wp.com\/batimedianews.com\/live\/wp-content\/uploads\/2026\/02\/image-108.png?resize=396%2C263&amp;ssl=1 396w, https:\/\/i2.wp.com\/batimedianews.com\/live\/wp-content\/uploads\/2026\/02\/image-108.png?resize=660%2C439&amp;ssl=1 660w\" sizes=\"(max-width: 600px) 91vw, (max-width: 900px) 600px, (max-width: 1060px) 50vw, (max-width: 1200px) 520px, (max-width: 1400px) 43vw, 600px\" data-recalc-dims=\"1\" \/><\/figure>\n\n\n\n<p><em>La forme, la coupe, la couleur et la mani\u00e8re dont une tuile plate \u00e9caille est pos\u00e9e, comme sur ce projet en couverture couronn\u00e9e, donnent au toit un aspect particulier. Photo : ERLUS, photographe : Bernd Mair, 2022.<\/em><\/p>\n\n\n\n<p><strong><em>A propos d\u2019ERLUS<\/em><\/strong><\/p>\n\n\n\n<p class=\"has-text-align-justify\"><em>ERLUS est l\u2019un des principaux fabricants allemands de tuiles en terre cuite et de conduits de fum\u00e9e. L\u2019entreprise de taille moyenne poss\u00e8de des sites de production \u00e0 Neufahrn et Ergoldsbach (Basse- Bavi\u00e8re), ainsi qu\u2019\u00e0 Teistungen (Thuringe). Les tuiles en terre cuite ERLUS se distinguent par leur qualit\u00e9 premium et leur design raffin\u00e9. Plusieurs produits de la marque ont d\u00e9j\u00e0 \u00e9t\u00e9 prim\u00e9s, notamment Erlutherm, le po\u00eale de stockage int\u00e9gr\u00e9 dans la chemin\u00e9e, qui a re\u00e7u le German Design Award 2026. La tuile Karat RS a quant \u00e0 elle \u00e9t\u00e9 doublement r\u00e9compens\u00e9e, avec l\u2019iF Design Award et le Red Dot : Best of the Best. La D\u00e9claration Environnementale de Produit (EPD) d\u00e9livr\u00e9e par l\u2019Institut Bauen und Umwelt e. V. atteste de l\u2019engagement durable d\u2019ERLUS dans le d\u00e9veloppement et la production de ses tuiles depuis de nombreuses ann\u00e9es. En plus de ses tuiles de haute qualit\u00e9 et de ses syst\u00e8mes de conduits de fum\u00e9e innovants, ERLUS propose Via Vento S, un r\u00e9seau de ventilation universel pour maisons individuelles, parfaitement adapt\u00e9 aux standards des maisons passives. \u00bb<\/em><\/p>\n","protected":false},"excerpt":{"rendered":"<p>Neufahrn, f\u00e9vrier 2026. Qualit\u00e9 allemande et savoir-faire artisanal : les tuiles plates ERLUS offrent des avantages attractifs pour les charpentiers et les couvreurs. ERLUS fait partie des rares fabricants capables de produire ces tuiles au sein de sa manufacture. Depuis des d\u00e9cennies, les tuiles plates sont pl\u00e9biscit\u00e9es en Allemagne pour les r\u00e9novations exigeantes, les constructions [&hellip;]<\/p>\n","protected":false},"author":41,"featured_media":49454,"comment_status":"open","ping_status":"open","sticky":true,"template":"","format":"standard","meta":{"spay_email":""},"categories":[4,1376,130],"tags":[],"jetpack_featured_media_url":"https:\/\/i1.wp.com\/batimedianews.com\/live\/wp-content\/uploads\/2026\/02\/Erlus.jpg?fit=1513%2C825&ssl=1","jetpack_sharing_enabled":true,"jetpack_likes_enabled":true,"jetpack-related-posts":[{"id":40863,"url":"https:\/\/batimedianews.com\/live\/index.php\/2024\/10\/25\/des-toitures-naturelles-inspirees-par-nos-regions-la-terre-cuite-au-coeur-des-toits-regionaux\/","url_meta":{"origin":49443,"position":0},"title":"Des toitures naturelles inspir\u00e9es par nos r\u00e9gions &#8211; La terre cuite au c\u0153ur des toits r\u00e9gionaux","date":"25 octobre 2024","format":false,"excerpt":"\u00a0Neufahrn, le 22 octobre 2024 - Les toitures en terre cuite, qui couvrent aujourd'hui 80% des maisons en France, refl\u00e8tent la richesse des traditions r\u00e9gionales \u00e0 travers leurs couleurs, leurs textures, et leurs formes distinctives. Chaque r\u00e9gion poss\u00e8de son propre caract\u00e8re, fa\u00e7onn\u00e9 par son histoire et son environnement. Les architectes,\u2026","rel":"","context":"Dans &quot;Actualit\u00e9 Entreprises&quot;","img":{"alt_text":"","src":"https:\/\/i0.wp.com\/batimedianews.com\/live\/wp-content\/uploads\/2024\/10\/Erlus.jpg?fit=825%2C825&ssl=1&resize=350%2C200","width":350,"height":200},"classes":[]},{"id":33245,"url":"https:\/\/batimedianews.com\/live\/index.php\/2023\/11\/22\/renovation-dune-toiture-avec-les-tuiles-en-terre-cuite-derlus\/","url_meta":{"origin":49443,"position":1},"title":"R\u00e9novation d\u2019une toiture avec les tuiles en terre cuite d\u2019Erlus","date":"22 novembre 2023","format":false,"excerpt":"\u00a0Le choix de la durabilit\u00e9 et de l\u2019esth\u00e9tisme pour une maison individuelle pr\u00e8s de Lyon\u00a0 Neufahrn, novembre 2023 - Une r\u00e9novation de toiture remarquable a \u00e9t\u00e9 achev\u00e9e \u00e0 Charly (69) au sud de Lyon. L\u2019entreprise de couverture Antoniali P\u00e8re & Fils, reconnue pour son expertise dans la r\u00e9gion, a parfaitement\u2026","rel":"","context":"Dans &quot;Actualit\u00e9 Entreprises&quot;","img":{"alt_text":"","src":"https:\/\/i0.wp.com\/batimedianews.com\/live\/wp-content\/uploads\/2023\/11\/Erlus-Image-articles-.jpg?fit=825%2C825&ssl=1&resize=350%2C200","width":350,"height":200},"classes":[]},{"id":12981,"url":"https:\/\/batimedianews.com\/live\/index.php\/2021\/10\/20\/des-tuiles-pour-les-generations-futures\/","url_meta":{"origin":49443,"position":2},"title":"Des tuiles pour les g\u00e9n\u00e9rations futures","date":"20 octobre 2021","format":false,"excerpt":"\u00a0ERLUS propose une garantie de disponibilit\u00e9 pendant 20 ans\u00a0 \u00a0Neufahrn, octobre 2021 \u2014 R\u00e9novation, agrandissement, ou extension du toit dans 5, 10 ou 20 ans ? Pas de probl\u00e8me ! ERLUS offre d\u00e9sormais une garantie de disponibilit\u00e9 pendant 20 ans \u00e0 compter de la date d\u2019achat. ERLUS AG, l\u2019un des\u2026","rel":"","context":"Dans &quot;Actualit\u00e9 Entreprises&quot;","img":{"alt_text":"","src":"https:\/\/i1.wp.com\/batimedianews.com\/live\/wp-content\/uploads\/2021\/10\/Erlus-Article.jpg?fit=512%2C512&ssl=1&resize=350%2C200","width":350,"height":200},"classes":[]},{"id":18856,"url":"https:\/\/batimedianews.com\/live\/index.php\/2022\/04\/06\/des-tuiles-en-terre-cuite-resistantes-a-la-pluie-pour-des-toits-durables\/","url_meta":{"origin":49443,"position":3},"title":"Des tuiles en terre cuite r\u00e9sistantes \u00e0 la pluie pour des toits durables","date":"6 avril 2022","format":false,"excerpt":"Trois experts pour les toits \u00e0 tr\u00e8s faible pente Neufahrn, avril 2022 \u2014 Les tuiles en terre cuite r\u00e9sistent aux intemp\u00e9ries, aux rayons UV, au gel et \u00e0 la gr\u00eale. Elles am\u00e9liorent \u00e9galement le bilan \u00e9nerg\u00e9tique d\u2019une maison. Erlus propose des tuiles en terre cuite robustes et r\u00e9sistantes \u00e0 la\u2026","rel":"","context":"Dans &quot;Actualit\u00e9 Entreprises&quot;","img":{"alt_text":"","src":"https:\/\/i1.wp.com\/batimedianews.com\/live\/wp-content\/uploads\/2022\/04\/Erlus-Article.jpg?fit=512%2C512&ssl=1&resize=350%2C200","width":350,"height":200},"classes":[]},{"id":17467,"url":"https:\/\/batimedianews.com\/live\/index.php\/2022\/03\/16\/erlus-renforce-son-equipe-commerciale-en-france\/","url_meta":{"origin":49443,"position":4},"title":"Erlus renforce son \u00e9quipe commerciale en France","date":"16 mars 2022","format":false,"excerpt":"Neufahrn, mars 2022 \u2013 Erlus renforce davantage son \u00e9quipe commerciale en France. Le fabricant allemand de tuiles en terre cuite et de conduits de fum\u00e9e en c\u00e9ramique annonce l\u2019arriv\u00e9e de deux nouveaux collaborateurs. \u00c0 la t\u00eate de l\u2019\u00e9quipe, Dominique Ginez, directeur commercial France depuis 2002 est toujours \u00e9paul\u00e9 par Werner\u2026","rel":"","context":"Dans &quot;Actualit\u00e9 Entreprises&quot;","img":{"alt_text":"","src":"https:\/\/i0.wp.com\/batimedianews.com\/live\/wp-content\/uploads\/2022\/03\/Erlus-Article.jpg?fit=512%2C512&ssl=1&resize=350%2C200","width":350,"height":200},"classes":[]},{"id":48660,"url":"https:\/\/batimedianews.com\/live\/index.php\/2026\/01\/06\/renovation-de-la-salle-des-fetes-de-cuzieu-42-une-toiture-resistante-a-la-grele-pour-un-patrimoine-preserve-et-durable\/","url_meta":{"origin":49443,"position":5},"title":"R\u00e9novation de la salle des f\u00eates de Cuzieu (42) : une toiture r\u00e9sistante \u00e0 la gr\u00eale pour un patrimoine pr\u00e9serv\u00e9 et durable","date":"6 janvier 2026","format":false,"excerpt":"La salle des f\u00eates de Cuzieu (Loire) a b\u00e9n\u00e9fici\u00e9 d\u2019une r\u00e9novation compl\u00e8te de sa toiture. Ce chantier embl\u00e9matique illustre la volont\u00e9 de conjuguer pr\u00e9servation du patrimoine, protection contre les al\u00e9as climatiques et valorisation des savoir-faire traditionnels. La salle des f\u00eates est un b\u00e2timent symbolique pour la commune de Cuzieu. Ce\u2026","rel":"","context":"Dans &quot;Actualit\u00e9 Entreprises&quot;","img":{"alt_text":"","src":"https:\/\/i1.wp.com\/batimedianews.com\/live\/wp-content\/uploads\/2025\/12\/Erlus.jpg?fit=825%2C825&ssl=1&resize=350%2C200","width":350,"height":200},"classes":[]}],"_links":{"self":[{"href":"https:\/\/batimedianews.com\/live\/index.php\/wp-json\/wp\/v2\/posts\/49443"}],"collection":[{"href":"https:\/\/batimedianews.com\/live\/index.php\/wp-json\/wp\/v2\/posts"}],"about":[{"href":"https:\/\/batimedianews.com\/live\/index.php\/wp-json\/wp\/v2\/types\/post"}],"author":[{"embeddable":true,"href":"https:\/\/batimedianews.com\/live\/index.php\/wp-json\/wp\/v2\/users\/41"}],"replies":[{"embeddable":true,"href":"https:\/\/batimedianews.com\/live\/index.php\/wp-json\/wp\/v2\/comments?post=49443"}],"version-history":[{"count":2,"href":"https:\/\/batimedianews.com\/live\/index.php\/wp-json\/wp\/v2\/posts\/49443\/revisions"}],"predecessor-version":[{"id":49574,"href":"https:\/\/batimedianews.com\/live\/index.php\/wp-json\/wp\/v2\/posts\/49443\/revisions\/49574"}],"wp:featuredmedia":[{"embeddable":true,"href":"https:\/\/batimedianews.com\/live\/index.php\/wp-json\/wp\/v2\/media\/49454"}],"wp:attachment":[{"href":"https:\/\/batimedianews.com\/live\/index.php\/wp-json\/wp\/v2\/media?parent=49443"}],"wp:term":[{"taxonomy":"category","embeddable":true,"href":"https:\/\/batimedianews.com\/live\/index.php\/wp-json\/wp\/v2\/categories?post=49443"},{"taxonomy":"post_tag","embeddable":true,"href":"https:\/\/batimedianews.com\/live\/index.php\/wp-json\/wp\/v2\/tags?post=49443"}],"curies":[{"name":"wp","href":"https:\/\/api.w.org\/{rel}","templated":true}]}}