{"id":49471,"date":"2026-03-09T10:07:55","date_gmt":"2026-03-09T09:07:55","guid":{"rendered":"http:\/\/batimedianews.com\/live\/?p=49471"},"modified":"2026-03-09T11:09:34","modified_gmt":"2026-03-09T10:09:34","slug":"relance-logement-lurgence-douvrir-le-dispositif-jeanbrun-a-lindividuel","status":"publish","type":"post","link":"https:\/\/batimedianews.com\/live\/index.php\/2026\/03\/09\/relance-logement-lurgence-douvrir-le-dispositif-jeanbrun-a-lindividuel\/","title":{"rendered":"Relance logement : l\u2019urgence d\u2019ouvrir le dispositif JEANBRUN \u00e0 l\u2019individuel"},"content":{"rendered":"\n<p class=\"has-text-align-justify\">Les chiffres pour l\u2019ann\u00e9e 2025 confirment un double mouvement attendu : l\u2019accession \u00e0 la propri\u00e9t\u00e9 a rebondi, tandis que l\u2019investissement locatif priv\u00e9 continuait de sombrer.&nbsp;<\/p>\n\n\n\n<p class=\"has-text-align-justify\">Port\u00e9es par le r\u00e9tablissement du pr\u00eat \u00e0 taux z\u00e9ro (PTZ) sur tout le territoire et pour toutes les typologies d\u2019habitat, <strong>les ventes de maisons individuelles s\u2019\u00e9tablissent \u00e0 67 800 logements<\/strong>, en progression de 33,5% par rapport \u00e0 2024<strong> mais toujours en retrait de 42,1% par rapport \u00e0 la moyenne annuelle de long terme<\/strong> (117 125 ventes).&nbsp;<\/p>\n\n\n\n<p class=\"has-text-align-justify\">\u00c0 l\u2019inverse, l\u2019investissement locatif enregistre un nouveau d\u00e9crochage significatif. En l\u2019absence de dispositifs incitatifs et attractifs, les<strong> ventes aux investisseurs particuliers s\u2019\u00e9tablissent \u00e0 9 469 logements, en contraction de 51,1% par rapport \u00e0 2024 et en retrait de 77,2% par rapport \u00e0 la moyenne annuelle de long terme<\/strong> (41 613 ventes).&nbsp;<\/p>\n\n\n\n<p class=\"has-text-align-justify\">Dans ce contexte, le P\u00f4le Habitat FFB salue la volont\u00e9 du gouvernement d\u2019agir pour relancer ce segment de march\u00e9. <strong>L\u2019instauration du dispositif Jeanbrun traduit une prise de conscience : l\u2019investissement locatif des particuliers est indispensable \u00e0 la cha\u00eene du logement et aux parcours r\u00e9sidentiels des m\u00e9nages<\/strong>.&nbsp;<\/p>\n\n\n\n<p class=\"has-text-align-justify\">Reste que pour donner tout sa puissance, <strong>l\u2019outil doit \u00eatre am\u00e9lior\u00e9 sur l\u2019ancien et ouvert \u00e0 l\u2019individuel, neuf comme ancien<\/strong>. D\u2019ailleurs, l\u2019objectif du plan \u00ab Relance Logement \u00bb de <strong>construire 2 millions de logements \u00e0 horizon 2030 ne pourra \u00eatre atteint sans un segment de l\u2019individuel neuf dynamique, en accession comme en locatif.<\/strong> Pour preuve, sur les 20 derni\u00e8res ann\u00e9es, le niveau de 400 000 mises en chantier par an n\u2019a \u00e9t\u00e9 atteint ou approch\u00e9 que lorsque l\u2019individuel neuf repr\u00e9sentait <em>a minima <\/em>150 000 ventes annuelles.&nbsp;<\/p>\n\n\n\n<p class=\"has-text-align-justify\">En outre, dans de nombreux territoires, notamment p\u00e9riurbains et semi-urbains o\u00f9 l\u2019offre locative se tend fortement alors m\u00eame que l\u2019emploi et l\u2019activit\u00e9 y progressent, l\u2019individuel constitue une r\u00e9ponse pertinente et pragmatique aux aspirations des m\u00e9nages et aux projets des \u00e9lus locaux.&nbsp;<\/p>\n\n\n\n<p class=\"has-text-align-justify\">Pour Gr\u00e9gory Monod, Pr\u00e9sident du P\u00f4le Habitat FFB \u00ab <em>Le r\u00e9-\u00e9largissement du PTZ montre que lorsque l\u2019on remet un levier lisible, sans opposer individuel et collectif, les m\u00e9nages reviennent et l\u2019activit\u00e9 repart. Il doit en \u00eatre de m\u00eame pour l\u2019\u00e9ligibilit\u00e9 de l\u2019individuel au dispositif Jeanbrun, comme l\u2019a rappel\u00e9 le Premier ministre le 23 janvier. C\u2019est une question d\u2019\u00e9quit\u00e9 sociale et de coh\u00e9sion territoriale, ainsi qu\u2019une condition de r\u00e9ussite indispensable \u00e0 la relance. <\/em>\u00bb&nbsp;<\/p>\n\n\n\n<div class=\"wp-block-group has-sm-light-primary-color has-text-color has-background\" style=\"background-color:#165092\"><div class=\"wp-block-group__inner-container\">\n<p><strong>\u00c0 propos de P\u00f4le Habitat FFB&nbsp;<\/strong><\/p>\n\n\n\n<p class=\"has-text-align-justify has-small-font-size\">Le P\u00f4le Habitat FFB constitue la premi\u00e8re organisation repr\u00e9sentative de la construction immobili\u00e8re priv\u00e9e en France. Au sein de la F\u00e9d\u00e9ration Fran\u00e7aise du B\u00e2timent, il rassemble les grands m\u00e9tiers de la ma\u00eetrise d\u2019ouvrage priv\u00e9e, qui sont au coeur de la politique du logement et de l\u2019habitat : constructeurs de maisons, promoteurs immobiliers, am\u00e9nageurs fonciers et r\u00e9novateurs globaux. Des m\u00e9tiers compl\u00e9mentaires et solidaires r\u00e9unis pour d\u00e9velopper leur intelligence collective et r\u00e9pondre \u00e0 la diversit\u00e9 des besoins en logements qui s\u2019expriment dans tous les territoires. Le P\u00f4le Habitat FFB repr\u00e9sente aupr\u00e8s des pouvoirs publics, des instances nationales et des organismes sp\u00e9cialis\u00e9s, plus de 1 000 entreprises qui agr\u00e8gent pr\u00e8s de 1 600 op\u00e9rateurs exer\u00e7ant dans les diff\u00e9rents march\u00e9s de l\u2019habitat r\u00e9sidentiel.&nbsp;<\/p>\n<\/div><\/div>\n","protected":false},"excerpt":{"rendered":"<p>Les chiffres pour l\u2019ann\u00e9e 2025 confirment un double mouvement attendu : l\u2019accession \u00e0 la propri\u00e9t\u00e9 a rebondi, tandis que l\u2019investissement locatif priv\u00e9 continuait de sombrer.&nbsp; Port\u00e9es par le r\u00e9tablissement du pr\u00eat \u00e0 taux z\u00e9ro (PTZ) sur tout le territoire et pour toutes les typologies d\u2019habitat, les ventes de maisons individuelles s\u2019\u00e9tablissent \u00e0 67 800 logements, [&hellip;]<\/p>\n","protected":false},"author":41,"featured_media":0,"comment_status":"open","ping_status":"open","sticky":true,"template":"","format":"standard","meta":{"spay_email":""},"categories":[4,73],"tags":[],"jetpack_featured_media_url":"","jetpack_sharing_enabled":true,"jetpack_likes_enabled":true,"jetpack-related-posts":[{"id":16791,"url":"https:\/\/batimedianews.com\/live\/index.php\/2022\/03\/04\/logement-neuf-la-derniere-digue-cede\/","url_meta":{"origin":49471,"position":0},"title":"Logement neuf : la derni\u00e8re digue c\u00e8de","date":"4 mars 2022","format":false,"excerpt":"\u00a0S\u2019il a connu un fort rebond en 2021 (ventes \u00e0 +21,5%), le march\u00e9 de la maison neuve en secteur diffus, qui soutient aujourd\u2019hui l\u2019activit\u00e9 en logement neuf, d\u00e9visse fortement depuis trois mois du fait des surco\u00fbts issus tant de la hausse des prix des mat\u00e9riaux et de l\u2019\u00e9nergie que de\u2026","rel":"","context":"Dans &quot;Actualit\u00e9 Entreprises&quot;","img":{"alt_text":"","src":"https:\/\/i2.wp.com\/batimedianews.com\/live\/wp-content\/uploads\/2022\/03\/PoleHabitat-Article.jpg?fit=512%2C512&ssl=1&resize=350%2C200","width":350,"height":200},"classes":[]},{"id":29170,"url":"https:\/\/batimedianews.com\/live\/index.php\/2023\/06\/11\/inauguration-de-lhabitat-inclusif-ty-koad-et-de-la-residence-perce-neige-1-12-rue-anjela-duval-la-bouexiere-35\/","url_meta":{"origin":49471,"position":1},"title":"Inauguration de l&rsquo;habitat inclusif &#8211; \u00ab\u00a0Ty Koad\u00a0\u00bb et de la r\u00e9sidence \u00ab\u00a0Perce-Neige\u00a0\u00bb &#8211; 1 &#8211; 12 rue Anjela DUVAL, La Bou\u00ebxi\u00e8re (35)","date":"11 juin 2023","format":false,"excerpt":"Aiguillon construction et l'association Espoir 35 ont organis\u00e9 l'inauguration des deux nouvelles r\u00e9sidences \u00ab Ty Koad \u00bb et \u00ab Perce-Neige \u00bb, \u00e0 La Bou\u00ebxi\u00e8re, dont les travaux ont d\u00e9but\u00e9 en d\u00e9cembre 2020. Le programme en habitat inclusif \u00ab Ty Koad \u00bb est g\u00e9r\u00e9 par l\u2019association Espoir 35 et permettra \u00e0\u2026","rel":"","context":"Dans &quot;accessibilit\u00e9 Universelle&quot;","img":{"alt_text":"","src":"https:\/\/i0.wp.com\/batimedianews.com\/live\/wp-content\/uploads\/2023\/06\/Aiguillon-Article-1.jpg?fit=1080%2C1080&ssl=1&resize=350%2C200","width":350,"height":200},"classes":[]},{"id":16876,"url":"https:\/\/batimedianews.com\/live\/index.php\/2022\/03\/04\/salon-de-limmobilier-neuf-9-conferences-gratuites-ouvertes-au-grand-public-les-1er-2-et-3-avril-2022-porte-de-versailles\/","url_meta":{"origin":49471,"position":2},"title":"SALON DE l\u2019IMMOBILIER NEUF : 9 conf\u00e9rences gratuites ouvertes au grand public les 1er, 2 et 3 avril 2022 Porte de Versailles","date":"4 mars 2022","format":false,"excerpt":"Les Fran\u00e7ais sont plus nombreux \u00e0 acheter du neuf en raison de ses nombreux avantages. Lumineux, \u00e9cologique, \u00e9conomique, connect\u00e9, tr\u00e8s bien isol\u00e9, sans travaux \u00e0 pr\u00e9voir, il r\u00e9pond\u2002\u00e0 de nombreuses aspirations. Le salon de l\u2019Immobilier Neuf pr\u00e9vu les 1er,2 et 3 avril 2022 Porte de Versailles s\u2019inscrit comme un rendez-vous\u2026","rel":"","context":"Dans &quot;Actualit\u00e9 Entreprises&quot;","img":{"alt_text":"","src":"https:\/\/i0.wp.com\/batimedianews.com\/live\/wp-content\/uploads\/2022\/03\/LeSalonImmoNeuf-Article.jpg?fit=512%2C512&ssl=1&resize=350%2C200","width":350,"height":200},"classes":[]},{"id":26051,"url":"https:\/\/batimedianews.com\/live\/index.php\/2023\/02\/09\/aiguillon-construction-lance-un-projet-dhabitat-participatif-le-contrepoint-en-hyper-centre-de-lorient\/","url_meta":{"origin":49471,"position":3},"title":"Aiguillon construction lance un projet d\u2019habitat participatif \u00ab Le Contrepoint \u00bb, en hyper centre de Lorient","date":"9 f\u00e9vrier 2023","format":false,"excerpt":"Le bailleur social breton Aiguillon construction, par le biais de sa marque imoja, sp\u00e9cialis\u00e9e dans la commercialisation de logements en accession sociale \u00e0 la propri\u00e9t\u00e9, a remport\u00e9 l\u2019appel \u00e0 projet lanc\u00e9 par la ville de Lorient sur l\u2019\u00eelot Mettrie, en plein centre-ville, \u00e0 l\u2019est du cours Chazelles. Au coeur d\u2019un\u2026","rel":"","context":"Dans &quot;Actualit\u00e9 Entreprises&quot;","img":{"alt_text":"","src":"https:\/\/i2.wp.com\/batimedianews.com\/live\/wp-content\/uploads\/2023\/02\/Aiguillon-Article.jpg?fit=1080%2C1080&ssl=1&resize=350%2C200","width":350,"height":200},"classes":[]},{"id":26268,"url":"https:\/\/batimedianews.com\/live\/index.php\/2023\/02\/17\/bruno-le-maire-et-olivier-klein-mettent-en-place-un-bouclier-financier-de-soutien-aux-bailleurs-sociaux-afin-damplifier-leurs-efforts-de-construction-et-de-renovation-du-parc-social\/","url_meta":{"origin":49471,"position":4},"title":"Bruno le maire et Olivier Klein mettent en place un bouclier financier de soutien aux bailleurs sociaux afin d&rsquo;amplifier leurs efforts de construction et de r\u00e9novation du parc social","date":"17 f\u00e9vrier 2023","format":false,"excerpt":"Les bailleurs sociaux sont appel\u00e9s \u00e0 poursuivre leur investissement au cours des prochaines ann\u00e9es, afin de financer la construction de nouveaux logements mais \u00e9galement d'acc\u00e9l\u00e9rer la r\u00e9novation du parc de logements et d'\u00eatre au rendez-vous des objectifs nationaux de transition \u00e9cologique. Les bailleurs sociaux sont toutefois confront\u00e9s \u00e0 une hausse\u2026","rel":"","context":"Dans &quot;R\u00e9novation&quot;","img":{"alt_text":"","src":"https:\/\/i0.wp.com\/batimedianews.com\/live\/wp-content\/uploads\/2023\/02\/MinisteredeTransitionEco-Article.jpg?fit=1080%2C1080&ssl=1&resize=350%2C200","width":350,"height":200},"classes":[]},{"id":49285,"url":"https:\/\/batimedianews.com\/live\/index.php\/2026\/02\/17\/les-deputes-adoptent-des-propositions-pour-faire-face-a-la-crise-du-logement-en-europe\/","url_meta":{"origin":49471,"position":5},"title":"Les d\u00e9put\u00e9s adoptent des propositions pour faire face \u00e0 la crise du logement en Europe","date":"17 f\u00e9vrier 2026","format":false,"excerpt":"Les locations de courte dur\u00e9e ne doivent pas rendre les villes inabordablesDes syst\u00e8mes fiscaux incitatifs pour soutenir les m\u00e9nages \u00e0 revenus faibles ou interm\u00e9diairesRenforcer la souverainet\u00e9 industrielle europ\u00e9enne dans le secteur de la construction et de la r\u00e9novationLimiter le traitement des permis d\u2019urbanisme \u00e0 60 jours Lundi, la commission du\u2026","rel":"","context":"Dans &quot;Actualit\u00e9 Entreprises&quot;","img":{"alt_text":"","src":"https:\/\/i0.wp.com\/batimedianews.com\/live\/wp-content\/uploads\/2026\/02\/ParlementEuropeen.jpg?fit=825%2C825&ssl=1&resize=350%2C200","width":350,"height":200},"classes":[]}],"_links":{"self":[{"href":"https:\/\/batimedianews.com\/live\/index.php\/wp-json\/wp\/v2\/posts\/49471"}],"collection":[{"href":"https:\/\/batimedianews.com\/live\/index.php\/wp-json\/wp\/v2\/posts"}],"about":[{"href":"https:\/\/batimedianews.com\/live\/index.php\/wp-json\/wp\/v2\/types\/post"}],"author":[{"embeddable":true,"href":"https:\/\/batimedianews.com\/live\/index.php\/wp-json\/wp\/v2\/users\/41"}],"replies":[{"embeddable":true,"href":"https:\/\/batimedianews.com\/live\/index.php\/wp-json\/wp\/v2\/comments?post=49471"}],"version-history":[{"count":2,"href":"https:\/\/batimedianews.com\/live\/index.php\/wp-json\/wp\/v2\/posts\/49471\/revisions"}],"predecessor-version":[{"id":49568,"href":"https:\/\/batimedianews.com\/live\/index.php\/wp-json\/wp\/v2\/posts\/49471\/revisions\/49568"}],"wp:attachment":[{"href":"https:\/\/batimedianews.com\/live\/index.php\/wp-json\/wp\/v2\/media?parent=49471"}],"wp:term":[{"taxonomy":"category","embeddable":true,"href":"https:\/\/batimedianews.com\/live\/index.php\/wp-json\/wp\/v2\/categories?post=49471"},{"taxonomy":"post_tag","embeddable":true,"href":"https:\/\/batimedianews.com\/live\/index.php\/wp-json\/wp\/v2\/tags?post=49471"}],"curies":[{"name":"wp","href":"https:\/\/api.w.org\/{rel}","templated":true}]}}