{"id":5312,"date":"2020-07-17T18:02:03","date_gmt":"2020-07-17T16:02:03","guid":{"rendered":"http:\/\/batimedianews.com\/live\/?p=5312"},"modified":"2021-10-20T14:46:30","modified_gmt":"2021-10-20T12:46:30","slug":"elisabeth-charrier-une-nouvelle-deleguee-generale-pour-le-snep","status":"publish","type":"post","link":"https:\/\/batimedianews.com\/live\/index.php\/2020\/07\/17\/elisabeth-charrier-une-nouvelle-deleguee-generale-pour-le-snep\/","title":{"rendered":"ELISABETH CHARRIER: UNE NOUVELLE D\u00c9L\u00c9GU\u00c9E G\u00c9N\u00c9RALE POUR LE SNEP"},"content":{"rendered":"\n<p style=\"text-align:justify\"><em>\u00ab Pour le SNEP, je souhaite d\u00e9velopper des services autour de l&rsquo;enjeu majeur que constitue l&rsquo;\u00e9conomie circulaire et contribuer \u00e0 la performance \u00e9nerg\u00e9tique du b\u00e2timent. Et aussi, m&rsquo;appuyer sur ma connaissance des organisations professionnelles pour cr\u00e9er des synergies avec d&rsquo;autres organisations fran\u00e7aises et europ\u00e9ennes en \u00e9largissant notre r\u00e9seau \u00bb.<\/em><\/p>\n\n\n\n<figure class=\"wp-block-image\"><img loading=\"lazy\" width=\"496\" height=\"664\" src=\"https:\/\/i1.wp.com\/batimedianews.com\/live\/wp-content\/uploads\/2020\/07\/image-14.png?resize=496%2C664\" alt=\"\" class=\"wp-image-5316\" srcset=\"https:\/\/i1.wp.com\/batimedianews.com\/live\/wp-content\/uploads\/2020\/07\/image-14.png?w=496&amp;ssl=1 496w, https:\/\/i1.wp.com\/batimedianews.com\/live\/wp-content\/uploads\/2020\/07\/image-14.png?resize=224%2C300&amp;ssl=1 224w, https:\/\/i1.wp.com\/batimedianews.com\/live\/wp-content\/uploads\/2020\/07\/image-14.png?resize=7%2C10&amp;ssl=1 7w, https:\/\/i1.wp.com\/batimedianews.com\/live\/wp-content\/uploads\/2020\/07\/image-14.png?resize=432%2C578&amp;ssl=1 432w, https:\/\/i1.wp.com\/batimedianews.com\/live\/wp-content\/uploads\/2020\/07\/image-14.png?resize=396%2C530&amp;ssl=1 396w, https:\/\/i1.wp.com\/batimedianews.com\/live\/wp-content\/uploads\/2020\/07\/image-14.png?resize=164%2C220&amp;ssl=1 164w\" sizes=\"(max-width: 600px) 91vw, (max-width: 900px) 600px, (max-width: 1060px) 50vw, (max-width: 1200px) 520px, (max-width: 1400px) 43vw, 600px\" data-recalc-dims=\"1\" \/><\/figure>\n\n\n\n<p style=\"text-align:justify\"><em>&nbsp;<\/em>Elisabeth Charrier a d\u00e9but\u00e9 sa carri\u00e8re en agence de communication, aux \u00e9tudes marketing, avant de rejoindre un incubateur de start-ups, puis une start-up. Elle \u00e9volue ensuite dans des organisations professionnelles, comme la F\u00e9d\u00e9ration nationale du transport routier (FNTR), et c&rsquo;est en 2020 qu&rsquo;elle rejoint le regroupement des syndicats de la plasturgie SYPLAST auquel appartient LE SNEP. Elle succ\u00e8de ainsi \u00e0 \u00c9ric Ch\u00e2telain.<\/p>\n\n\n\n<p style=\"text-align:justify\"><em>Depuis 1964, date de sa cr\u00e9ation, le Syndicat National de l&rsquo;Extrusion Plastique (SNEP) est pass\u00e9 d&rsquo;un m\u00e9tier d&rsquo;extrusion \u00e0 une fili\u00e8re en mouvement f\u00e9d\u00e9rant compounders, extrudeurs, extrudeurs-gammistes, r\u00e9g\u00e9n\u00e9rateurs et professions associ\u00e9es (m\u00e9tiers de la chimie, du film de plaxage).&nbsp;<\/em><\/p>\n\n\n\n<p style=\"text-align:center\"><strong><a rel=\"noreferrer noopener\" href=\"http:\/\/anws.co\/bJvRB\/%7B35400ecd-9dbe-4bd8-943c-a74415f6515f%7D\" target=\"_blank\">www.snep.org<\/a><\/strong><em> <\/em><em>#fiersdenosPVC<\/em><\/p>\n","protected":false},"excerpt":{"rendered":"<p>\u00ab Pour le SNEP, je souhaite d\u00e9velopper des services autour de l&rsquo;enjeu majeur que constitue l&rsquo;\u00e9conomie circulaire et contribuer \u00e0 la performance \u00e9nerg\u00e9tique du b\u00e2timent. Et aussi, m&rsquo;appuyer sur ma connaissance des organisations professionnelles pour cr\u00e9er des synergies avec d&rsquo;autres organisations fran\u00e7aises et europ\u00e9ennes en \u00e9largissant notre r\u00e9seau \u00bb. &nbsp;Elisabeth Charrier a d\u00e9but\u00e9 sa carri\u00e8re [&hellip;]<\/p>\n","protected":false},"author":41,"featured_media":5315,"comment_status":"open","ping_status":"open","sticky":false,"template":"","format":"standard","meta":{"spay_email":""},"categories":[4,88],"tags":[],"jetpack_featured_media_url":"https:\/\/i2.wp.com\/batimedianews.com\/live\/wp-content\/uploads\/2020\/07\/image-13.png?fit=1628%2C876&ssl=1","jetpack_sharing_enabled":true,"jetpack_likes_enabled":true,"jetpack-related-posts":[{"id":28728,"url":"https:\/\/batimedianews.com\/live\/index.php\/2023\/05\/23\/le-snep-accueille-trois-nouveaux-adherents\/","url_meta":{"origin":5312,"position":0},"title":"LE SNEP ACCUEILLE TROIS NOUVEAUX ADH\u00c9RENTS","date":"23 mai 2023","format":false,"excerpt":"\u00a0Le Syndicat National de l\u2019Extrusion Plastique vient d\u2019int\u00e9grer trois nouvelles entreprises. Les entreprises DYKA et NICOLL, deux leaders europ\u00e9ens de la fabrication de syst\u00e8mes de canalisation et de gestion des eaux en PVC, ont rejoint le syndicat de l\u2019extrusion tandis que DOW, multinationale sp\u00e9cialis\u00e9e dans la fabrication et la distribution\u2026","rel":"","context":"Dans &quot;Actualit\u00e9 Entreprises&quot;","img":{"alt_text":"","src":"","width":0,"height":0},"classes":[]},{"id":8069,"url":"https:\/\/batimedianews.com\/live\/index.php\/2021\/01\/27\/cochebat-vigilant-face-aux-interpretations-de-la-re-2020\/","url_meta":{"origin":5312,"position":1},"title":"COCHEBAT VIGILANT FACE AUX INTERPRETATIONS DE LA RE 2020","date":"27 janvier 2021","format":false,"excerpt":"Diminuer l\u2019impact carbone des b\u00e2timents, poursuivre l\u2019am\u00e9lioration de leur performance \u00e9nerg\u00e9tique et en garantir la fra\u00eecheur pendant les \u00e9t\u00e9s caniculaires : tels sont les grands objectifs de la RE2020, qui s\u2019appliquera aux constructions neuves, normalement \u00e0 partir de 2021. \u00ab Il faut aller au bout des choses, sans arbitrer trop\u2026","rel":"","context":"Dans &quot;Actualit\u00e9 Entreprises&quot;","img":{"alt_text":"","src":"https:\/\/i2.wp.com\/batimedianews.com\/live\/wp-content\/uploads\/2021\/01\/image-233.png?fit=548%2C548&ssl=1&resize=350%2C200","width":350,"height":200},"classes":[]},{"id":8125,"url":"https:\/\/batimedianews.com\/live\/index.php\/2021\/01\/28\/economie-circulaire-nouveau-positionnement-du-snep\/","url_meta":{"origin":5312,"position":2},"title":"\u00c9conomie circulaire NOUVEAU POSITIONNEMENT DU SNEP","date":"28 janvier 2021","format":false,"excerpt":"Parmi les priorit\u00e9s du syndicat national de l\u2019extrusion plastique : de nouvelles mati\u00e8res polym\u00e8res, l\u2019\u00e9conomie circulaire, le d\u00e9veloppement d\u2019une R&D collective, le social et la formation et le d\u00e9veloppement de la marque QualiPVC.\u00a0 Le Snep confiant dans l\u2019atteinte des objectifs \u00ab \u00e9conomie circulaire \u00bb en 2025\u00a0 Avec son nouveau positionnement,\u2026","rel":"","context":"Dans &quot;Actualit\u00e9 Entreprises&quot;","img":{"alt_text":"","src":"https:\/\/i0.wp.com\/batimedianews.com\/live\/wp-content\/uploads\/2021\/01\/image-270.png?fit=628%2C280&ssl=1&resize=350%2C200","width":350,"height":200},"classes":[]},{"id":564,"url":"https:\/\/batimedianews.com\/live\/index.php\/2018\/11\/19\/laccelerateur-de-start-up-sante-prevention-dans-le-btp-integre-5-nouvelles-entreprises\/","url_meta":{"origin":5312,"position":3},"title":"L\u2019acc\u00e9l\u00e9rateur de start-up \u00ab Sant\u00e9 \u2013 Pr\u00e9vention dans le BTP \u00bb int\u00e8gre 5 nouvelles entreprises","date":"19 novembre 2018","format":false,"excerpt":"La deuxi\u00e8me session de pitchs de start-up candidates pour int\u00e9grer l\u2019acc\u00e9l\u00e9rateur \u00ab Sant\u00e9 \u2013 Pr\u00e9vention dans le BTP \u00bb s\u2019est d\u00e9roul\u00e9e le 5 novembre dernier \u00e0 la Station F. 5 nouvelles start-up ont \u00e9t\u00e9 s\u00e9lectionn\u00e9es pour rejoindre l\u2019\u00e9cosyst\u00e8me cr\u00e9e par CCCA-BTP, l\u2019OPPBTP, PRO BTP, la Fondation EXCELLENCE SMA et Impulse\u2026","rel":"","context":"Dans &quot;Start-up&quot;","img":{"alt_text":"","src":"https:\/\/i1.wp.com\/batimedianews.com\/live\/wp-content\/uploads\/2019\/08\/oppbtp_cp-2c3a8me-session-de-pitch-start-up-sante-prevention_novembre-2018.jpg?fit=516%2C361&ssl=1&resize=350%2C200","width":350,"height":200},"classes":[]},{"id":23021,"url":"https:\/\/batimedianews.com\/live\/index.php\/2022\/09\/14\/algar-pro-la-start-up-algar-sadresse-aux-professionnels-ayant-besoin-de-simplifier-leurs-procedures-dobtention-dautorisations-durbanisme\/","url_meta":{"origin":5312,"position":4},"title":"Algar PRO : La start-up Algar s\u2019adresse aux professionnels ayant besoin de simplifier leurs proc\u00e9dures d\u2019obtention d\u2019autorisations d\u2019urbanisme","date":"14 septembre 2022","format":false,"excerpt":"Fond\u00e9e en 2016, la start-up Algar est sp\u00e9cialis\u00e9e dans la simplification et la gestion des proc\u00e9dures d\u2019urbanisme aupr\u00e8s des professionnels et des particuliers. Afin de faire gagner en productivit\u00e9 les professionnels du secteur, la proptech fran\u00e7aise vient de lancer Algar PRO, une offre sur-mesure r\u00e9pondant \u00e0 leurs besoins sp\u00e9cifiques. Algar\u2026","rel":"","context":"Dans &quot;Logiciels&quot;","img":{"alt_text":"","src":"https:\/\/i1.wp.com\/batimedianews.com\/live\/wp-content\/uploads\/2022\/09\/algar-Article.jpg?fit=1080%2C1080&ssl=1&resize=350%2C200","width":350,"height":200},"classes":[]},{"id":29908,"url":"https:\/\/batimedianews.com\/live\/index.php\/2023\/07\/04\/la-capeb-sassocie-a-impulse-partners-pour-lancer-le-1er-programme-dopen-innovation-porte-par-et-pour-les-entreprises-artisanales-du-batiment\/","url_meta":{"origin":5312,"position":5},"title":"La CAPEB s\u2019associe \u00e0 IMPULSE PARTNERS pour lancer le 1er programme d\u2019Open Innovation port\u00e9 par et pour les entreprises artisanales du b\u00e2timent","date":"4 juillet 2023","format":false,"excerpt":"Alors que les entreprises artisanales du b\u00e2timent sont en premi\u00e8re ligne pour relever le d\u00e9fi li\u00e9 \u00e0 la r\u00e9novation \u00e9nerg\u00e9tique, la CAPEB (Conf\u00e9d\u00e9ration de l'Artisanat et des Petites Entreprises du B\u00e2timent) s\u2019associe \u00e0 IMPULSE PARTNERS (sp\u00e9cialiste de l\u2019innovation dont la raison d\u2019\u00eatre est d\u2019impulser des transformations durables des territoires et\u2026","rel":"","context":"Dans &quot;Actualit\u00e9 Entreprises&quot;","img":{"alt_text":"","src":"https:\/\/i2.wp.com\/batimedianews.com\/live\/wp-content\/uploads\/2023\/07\/CAPEB-ARTICLE.jpg?fit=550%2C300&ssl=1&resize=350%2C200","width":350,"height":200},"classes":[]}],"_links":{"self":[{"href":"https:\/\/batimedianews.com\/live\/index.php\/wp-json\/wp\/v2\/posts\/5312"}],"collection":[{"href":"https:\/\/batimedianews.com\/live\/index.php\/wp-json\/wp\/v2\/posts"}],"about":[{"href":"https:\/\/batimedianews.com\/live\/index.php\/wp-json\/wp\/v2\/types\/post"}],"author":[{"embeddable":true,"href":"https:\/\/batimedianews.com\/live\/index.php\/wp-json\/wp\/v2\/users\/41"}],"replies":[{"embeddable":true,"href":"https:\/\/batimedianews.com\/live\/index.php\/wp-json\/wp\/v2\/comments?post=5312"}],"version-history":[{"count":3,"href":"https:\/\/batimedianews.com\/live\/index.php\/wp-json\/wp\/v2\/posts\/5312\/revisions"}],"predecessor-version":[{"id":5440,"href":"https:\/\/batimedianews.com\/live\/index.php\/wp-json\/wp\/v2\/posts\/5312\/revisions\/5440"}],"wp:featuredmedia":[{"embeddable":true,"href":"https:\/\/batimedianews.com\/live\/index.php\/wp-json\/wp\/v2\/media\/5315"}],"wp:attachment":[{"href":"https:\/\/batimedianews.com\/live\/index.php\/wp-json\/wp\/v2\/media?parent=5312"}],"wp:term":[{"taxonomy":"category","embeddable":true,"href":"https:\/\/batimedianews.com\/live\/index.php\/wp-json\/wp\/v2\/categories?post=5312"},{"taxonomy":"post_tag","embeddable":true,"href":"https:\/\/batimedianews.com\/live\/index.php\/wp-json\/wp\/v2\/tags?post=5312"}],"curies":[{"name":"wp","href":"https:\/\/api.w.org\/{rel}","templated":true}]}}