{"id":5339,"date":"2020-07-17T13:59:43","date_gmt":"2020-07-17T11:59:43","guid":{"rendered":"http:\/\/batimedianews.com\/live\/?p=5339"},"modified":"2021-10-21T12:46:03","modified_gmt":"2021-10-21T10:46:03","slug":"stuv-6-h-le-petit-poele-premium-et-accessible","status":"publish","type":"post","link":"https:\/\/batimedianews.com\/live\/index.php\/2020\/07\/17\/stuv-6-h-le-petit-poele-premium-et-accessible\/","title":{"rendered":"St\u00fbv 6-H : le petit po\u00eale, premium et accessible"},"content":{"rendered":"\n<p style=\"text-align:justify\"><strong>Dernier-n\u00e9 de la gamme St\u00fbv 6, ce po\u00eale, petit par la taille, la puissance et le prix, se r\u00e9v\u00e8le grand par son confort et ses performances. Qualitatif, esth\u00e9tique et respectueux de l\u2019environnement, il permet \u00e9galement de renouer avec des gestes d\u2019antan.&nbsp;<\/strong><\/p>\n\n\n\n<p style=\"text-align:justify\">LE CONCEPT DU ST\u00dbV 6-H&nbsp;<\/p>\n\n\n\n<p style=\"text-align:justify\">Un po\u00eale St\u00fbv se reconna\u00eet \u00e0 la simplicit\u00e9 de ses formes, au plaisir du feu, \u00e0 son confort d\u2019utilisation. Ses mat\u00e9riaux de choix1 assurentbelles performances etlong\u00e9vit\u00e9 de sesfoyers et le St\u00fbv 6-H n\u2019y d\u00e9roge pas. Rationalis\u00e9 de toute part, pens\u00e9 pour les petits espaces et les maisons basse-\u00e9nergie, il tire parti du meilleur de l\u2019expertise St\u00fbv. Abordable, facile \u00e0 installer, pourvu de nouvelles options, il permettra au plus grand nombre d\u2019acc\u00e9der \u00e0un foyer de premi\u00e8re qualit\u00e9. De plus, sa faible consommation de bois alli\u00e9e \u00e0 sa haute performance le rendra encore plus \u00e9conomique.Plus que jamais St\u00fbv cultive son <em>feu essentiel<\/em>.<\/p>\n\n\n\n<p style=\"text-align:justify\">SES POINTS FORTS&nbsp;<\/p>\n\n\n\n<ul><li><strong>Une ligne contemporaine<\/strong>&nbsp;:&nbsp;  Ins\u00e9r\u00e9 dans une chemin\u00e9e ou librement pos\u00e9, le po\u00eale s\u00e9duit par son design \u00e9pur\u00e9. Sa face vitr\u00e9e offre une <strong>vision \u00e9largie sur le feu<\/strong> tandis que ses jeux de courbes, jusqu\u2019aux pi\u00e9tements en ellipse, participent \u00e0 son <strong>esth\u00e9tique soign\u00e9e<\/strong>. Adapt\u00e9 \u00e0 tous types d\u2019int\u00e9rieurs, le po\u00eale St\u00fbv 6-H se d\u00e9cline en 3 formats, 3 puissances.<\/li><\/ul>\n\n\n\n<ul><li><strong>Une option in\u00e9dite<\/strong> : En r\u00e9f\u00e9rence aux usages d\u2019antan, la partie sup\u00e9rieure du po\u00eale pourra, le cas \u00e9ch\u00e9ant, servir d\u2019\u00e9l\u00e9gante <strong>plaque de cuisson<\/strong>2. Joliment stri\u00e9e, elle permet d\u2019accueillir, bouilloires, marmites, cocottes ou mugs, au c\u0153ur de la maison. Les mets et boissons seront ainsi d\u00e9congel\u00e9s, cuits ou maintenus au chaud en toute convivialit\u00e9. Une <strong>plaque de sol <\/strong>en t\u00f4le d\u2019acier a par ailleurs \u00e9t\u00e9 pens\u00e9e pour prot\u00e9ger le sol des chutes de braises 3.<\/li><\/ul>\n\n\n\n<ul><li><strong>Une solution de faible puissance <\/strong>: Chambre de petit volume, \u00e9tanch\u00e9it\u00e9 \u00e9lev\u00e9e, feu de puissance moindre, combustion \u00e0 haut rendement : \u00e0 ces <strong>performances thermiques <\/strong>s\u2019ajoutent de belles <strong>performances environnementales<\/strong>. Soucieux des enjeux du climat, St\u00fbv travaille \u00e0 la r\u00e9duction des consommation de bois, \u00e9missions de gaz carbonique et de particules fines, devan\u00e7ant les normes en vigueur. Qu\u2019on se le dise, le St\u00fbv 6-H 60&#215;65 \u00e9quivaut \u00e0 un <strong>7 \u00e9toiles Flamme Verte<\/strong>.&nbsp;<\/li><\/ul>\n\n\n\n<p class=\"has-small-font-size\"><sup>1<\/sup>&nbsp;Chambre de combustion en acier.<br><sup>2&nbsp;&nbsp;<\/sup>En option&nbsp;: Plaque de mijotage\/cuisson, en fonte \u00e9maill\u00e9e.&nbsp;<br><sup>3&nbsp;<\/sup>&nbsp;En option&nbsp;: plaque de sol, en t\u00f4le d\u2019acier, assortie \u00e0 la teinte du po\u00eale.<\/p>\n\n\n\n<figure class=\"wp-block-image\"><img loading=\"lazy\" width=\"720\" height=\"381\" src=\"https:\/\/i0.wp.com\/batimedianews.com\/live\/wp-content\/uploads\/2020\/07\/image-30.png?resize=720%2C381\" alt=\"\" class=\"wp-image-5344\" srcset=\"https:\/\/i0.wp.com\/batimedianews.com\/live\/wp-content\/uploads\/2020\/07\/image-30.png?w=922&amp;ssl=1 922w, https:\/\/i0.wp.com\/batimedianews.com\/live\/wp-content\/uploads\/2020\/07\/image-30.png?resize=300%2C159&amp;ssl=1 300w, https:\/\/i0.wp.com\/batimedianews.com\/live\/wp-content\/uploads\/2020\/07\/image-30.png?resize=768%2C406&amp;ssl=1 768w, https:\/\/i0.wp.com\/batimedianews.com\/live\/wp-content\/uploads\/2020\/07\/image-30.png?resize=10%2C5&amp;ssl=1 10w, https:\/\/i0.wp.com\/batimedianews.com\/live\/wp-content\/uploads\/2020\/07\/image-30.png?resize=432%2C229&amp;ssl=1 432w, https:\/\/i0.wp.com\/batimedianews.com\/live\/wp-content\/uploads\/2020\/07\/image-30.png?resize=396%2C210&amp;ssl=1 396w, https:\/\/i0.wp.com\/batimedianews.com\/live\/wp-content\/uploads\/2020\/07\/image-30.png?resize=660%2C349&amp;ssl=1 660w, https:\/\/i0.wp.com\/batimedianews.com\/live\/wp-content\/uploads\/2020\/07\/image-30.png?resize=416%2C220&amp;ssl=1 416w\" sizes=\"(max-width: 600px) 91vw, (max-width: 900px) 600px, (max-width: 1060px) 50vw, (max-width: 1200px) 520px, (max-width: 1400px) 43vw, 600px\" data-recalc-dims=\"1\" \/><\/figure>\n\n\n\n<p style=\"text-align:justify\">DISPONIBILIT\u00c9S&nbsp;<\/p>\n\n\n\n<p>3 FORMATS&nbsp;<\/p>\n\n\n\n<ul><li>Petit St\u00fbv 6-H 60&#215;65 pour b\u00fbches de 33 cm.&nbsp;<\/li><li>Moyen St\u00fbv 6-H 70&#215;73 pour b\u00fbches de 40 cm.&nbsp;<\/li><li>Grand St\u00fbv 6-H 80&#215;80 pour b\u00fbches de 50 cm.&nbsp;<\/li><\/ul>\n\n\n\n<figure class=\"wp-block-image\"><img loading=\"lazy\" width=\"720\" height=\"223\" src=\"https:\/\/i2.wp.com\/batimedianews.com\/live\/wp-content\/uploads\/2020\/07\/image-31.png?resize=720%2C223\" alt=\"\" class=\"wp-image-5345\" srcset=\"https:\/\/i2.wp.com\/batimedianews.com\/live\/wp-content\/uploads\/2020\/07\/image-31.png?w=922&amp;ssl=1 922w, https:\/\/i2.wp.com\/batimedianews.com\/live\/wp-content\/uploads\/2020\/07\/image-31.png?resize=300%2C93&amp;ssl=1 300w, https:\/\/i2.wp.com\/batimedianews.com\/live\/wp-content\/uploads\/2020\/07\/image-31.png?resize=768%2C238&amp;ssl=1 768w, https:\/\/i2.wp.com\/batimedianews.com\/live\/wp-content\/uploads\/2020\/07\/image-31.png?resize=10%2C3&amp;ssl=1 10w, https:\/\/i2.wp.com\/batimedianews.com\/live\/wp-content\/uploads\/2020\/07\/image-31.png?resize=432%2C134&amp;ssl=1 432w, https:\/\/i2.wp.com\/batimedianews.com\/live\/wp-content\/uploads\/2020\/07\/image-31.png?resize=396%2C123&amp;ssl=1 396w, https:\/\/i2.wp.com\/batimedianews.com\/live\/wp-content\/uploads\/2020\/07\/image-31.png?resize=660%2C205&amp;ssl=1 660w, https:\/\/i2.wp.com\/batimedianews.com\/live\/wp-content\/uploads\/2020\/07\/image-31.png?resize=710%2C220&amp;ssl=1 710w\" sizes=\"(max-width: 600px) 91vw, (max-width: 900px) 600px, (max-width: 1060px) 50vw, (max-width: 1200px) 520px, (max-width: 1400px) 43vw, 600px\" data-recalc-dims=\"1\" \/><\/figure>\n\n\n\n<p>CONFORMIT\u00c9&nbsp;<\/p>\n\n\n\n<ul><li>Conforme \u00e0 la norme europ\u00e9enne EcoDesign 2022.&nbsp;<\/li><\/ul>\n\n\n\n<p>PERFORMANCES ST\u00dbV 6-H \u2013 60X65 \/ 70X73 \/ 80X80&nbsp;<\/p>\n\n\n\n<ul><li>Puissance nominale : 5,7 kW \/ 7,2 kW \/ 8,4 kW&nbsp;<\/li><li>Plage d\u2019utilisation : 4-9 kW \/ 4,5-11 kW \/ 5-13 kW&nbsp;<\/li><li>Rendement : 79% \/ 79% \/ 79%&nbsp;<\/li><li>\u00c9missions de CO : 0,07% \/ 0,07% \/ 0,06%&nbsp;<\/li><li>\u00c9missions de particules fines : 24 mg\/Nm3 \/ 24 mg\/Nm3 \/ 21 mg\/Nm3&nbsp;<\/li><li>Plage de consommation de bois : 1,1-2,5 kg\/h \/ 1,3-3,1 kg\/h \/ 1,4-3,6 kg\/h&nbsp;<\/li><li>Temp\u00e9rature moyenne des fum\u00e9es : 253\u00b0 \/ 292\u00b0 \/ 283\u00b0&nbsp;<\/li><li>Longueur des b\u00fbches : 33\/40\/50 cm&nbsp;<\/li><li>Sortie de fum\u00e9e : \u00d8 130\/150\/150 mm&nbsp;<\/li><li>Classe d\u2019efficacit\u00e9 \u00e9nerg\u00e9tique : A \/ A \/ A&nbsp;<\/li><li>\u00c9quivalent Flamme Verte : 7 \u00e9toiles&nbsp;<\/li><\/ul>\n\n\n\n<p class=\"has-medium-font-size\">\u00c0 propos de St\u00fbv&nbsp;<\/p>\n\n\n\n<p style=\"text-align:justify\" class=\"has-small-font-size\">St\u00fbv SA est une entreprise belge qui con\u00e7oit, fabrique et commercialise des solutions de chauffage individuel au bois et aux pellets, visant \u00e0 magnifier le feu, la dimension fonctionnelle (chauffage) qu\u2019\u00e9motionnelle (beaut\u00e9, esth\u00e9tique et convivialit\u00e9 de la flamb\u00e9e). Pour ce faire, St\u00fbv s&rsquo;impose en permanence une ligne de conduite stricte bas\u00e9e sur la cr\u00e9ativit\u00e9, le design, la qualit\u00e9 des produits d\u00e9velopp\u00e9s et leur ad\u00e9quation aux attentes et besoins des consommateurs, tout en accordant une importance majeure \u00e0 la durabilit\u00e9 et aux valeurs humaines. St\u00fbv repr\u00e9sente 100 emplois directs et autant chez ses sous-traitants. L&rsquo;entreprise r\u00e9alise un chiffre d&rsquo;affaires annuel de 20 millions d&rsquo;euros, produit quelque 10.000 foyers par an, dont 75 % sont destin\u00e9s \u00e0 l&rsquo;exportation.&nbsp;<\/p>\n","protected":false},"excerpt":{"rendered":"<p>Dernier-n\u00e9 de la gamme St\u00fbv 6, ce po\u00eale, petit par la taille, la puissance et le prix, se r\u00e9v\u00e8le grand par son confort et ses performances. Qualitatif, esth\u00e9tique et respectueux de l\u2019environnement, il permet \u00e9galement de renouer avec des gestes d\u2019antan.&nbsp; LE CONCEPT DU ST\u00dbV 6-H&nbsp; Un po\u00eale St\u00fbv se reconna\u00eet \u00e0 la simplicit\u00e9 de [&hellip;]<\/p>\n","protected":false},"author":41,"featured_media":5416,"comment_status":"open","ping_status":"open","sticky":false,"template":"","format":"standard","meta":{"spay_email":""},"categories":[4,31],"tags":[],"jetpack_featured_media_url":"https:\/\/i0.wp.com\/batimedianews.com\/live\/wp-content\/uploads\/2020\/07\/stuv_image.jpg?fit=1604%2C922&ssl=1","jetpack_sharing_enabled":true,"jetpack_likes_enabled":true,"jetpack-related-posts":[{"id":41080,"url":"https:\/\/batimedianews.com\/live\/index.php\/2024\/11\/04\/ogar-poeles-et-inserts-a-bois-etanches-une-nouvelle-conception-pour-un-rendement-haute-performance\/","url_meta":{"origin":5339,"position":0},"title":"OGAR, po\u00eales et inserts \u00e0 bois \u00e9tanches &#8211; Une nouvelle conception pour un rendement haute performance","date":"4 novembre 2024","format":false,"excerpt":"\u00a0NOUVEAUT\u00c9 COLLECTION AUTOMNE HIVER 2024\/2025 \u00a0Communiqu\u00e9 de presse : octobre 2024 Dans le cadre de sa collection automne hiver 2024\/2025, le Groupe SEGUIN (concepteur, fabricant et distributeur fran\u00e7ais de solutions de chauffage (chemin\u00e9es, foyers \u00e0 bois, inserts, po\u00eales \u00e0 bois, po\u00eales \u00e0 granul\u00e9s) pr\u00e9sente OGAR, sa nouvelle gamme de po\u00eales\u2026","rel":"","context":"Dans &quot;Actualit\u00e9 Entreprises&quot;","img":{"alt_text":"","src":"https:\/\/i1.wp.com\/batimedianews.com\/live\/wp-content\/uploads\/2024\/10\/Seguin-articles-.jpg?fit=825%2C825&ssl=1&resize=350%2C200","width":350,"height":200},"classes":[]},{"id":14643,"url":"https:\/\/batimedianews.com\/live\/index.php\/2022\/01\/06\/poeles-a-combustible-liquide-qlima-chaleur-homogene-et-budget-maitrise\/","url_meta":{"origin":5339,"position":1},"title":"Po\u00eales \u00e0 combustible liquide Qlima Chaleur homog\u00e8ne et budget ma\u00eetris\u00e9","date":"6 janvier 2022","format":false,"excerpt":"Le chauffage p\u00e8se de plus en plus lourd dans le budget annuel des Fran\u00e7ais. Permettant de se chauffer rapidement, sans faire augmenter de fa\u00e7on drastique la facture \u00e9nerg\u00e9tique, les po\u00eales \u00e0 combustible liquide ont b\u00e9n\u00e9fici\u00e9 ces derni\u00e8res ann\u00e9es de nombreuses avanc\u00e9es techniques. \u00c9conomiques \u00e0 l\u2019achat comme \u00e0 l\u2019utilisation, pouvant fonctionner\u2026","rel":"","context":"Dans &quot;Actualit\u00e9 Entreprises&quot;","img":{"alt_text":"","src":"https:\/\/i1.wp.com\/batimedianews.com\/live\/wp-content\/uploads\/2021\/12\/Qlima-Article.jpg?fit=512%2C512&ssl=1&resize=350%2C200","width":350,"height":200},"classes":[]},{"id":32700,"url":"https:\/\/batimedianews.com\/live\/index.php\/2023\/11\/08\/hiver-2023-aasgard-leader-du-poele-a-bois-devoile-les-astuces-dun-chauffage-abordable-et-ecologique\/","url_meta":{"origin":5339,"position":2},"title":"Hiver 2023 A\u00c4SGARD leader du po\u00eale \u00e0 bois d\u00e9voile les astuces d\u2019un chauffage abordable et \u00e9cologique","date":"8 novembre 2023","format":false,"excerpt":"1. **Durabilit\u00e9 et Impact Environnemental : Comment les produits d'A\u00e4sgard int\u00e8grent-ils des pratiques durables et quel est leur impact environnemental compar\u00e9 \u00e0 d'autres m\u00e9thodes de chauffage traditionnelles ?Le po\u00eale \u00e0 bois scandinave permet de r\u00e9duire son empreinte carbone car\u00a0il fonctionne au bois,\u00a0une \u00e9nergie renouvelable, performante et bon march\u00e9\u00a0\u00e0 condition qu'il\u2026","rel":"","context":"Dans &quot;Actualit\u00e9 Entreprises&quot;","img":{"alt_text":"","src":"https:\/\/i2.wp.com\/batimedianews.com\/live\/wp-content\/uploads\/2023\/11\/aasgard.jpeg?fit=550%2C300&ssl=1&resize=350%2C200","width":350,"height":200},"classes":[]},{"id":49099,"url":"https:\/\/batimedianews.com\/live\/index.php\/2026\/01\/28\/agate-et-grenat-deux-poeles-en-fonte-concus-pour-durer-et-diffuser-une-chaleur-douce\/","url_meta":{"origin":5339,"position":3},"title":"AGATE ET GRENAT &#8211; Deux po\u00eales en fonte, con\u00e7us pour durer et diffuser une chaleur douce","date":"28 janvier 2026","format":false,"excerpt":"Le Groupe SEGUIN (concepteur, fabricant et distributeur fran\u00e7ais de solutions de chauffage ; chemin\u00e9es, foyers \u00e0 bois, inserts, po\u00eales \u00e0 bois, po\u00eales \u00e0 granul\u00e9s), reconnu pour son exigence en mati\u00e8re de confort thermique et de design, enrichit son offre avec AGATE et GRENAT, deux nouveaux po\u00eales \u00e0 bois en fonte.\u2026","rel":"","context":"Dans &quot;Actualit\u00e9 Entreprises&quot;","img":{"alt_text":"","src":"https:\/\/i1.wp.com\/batimedianews.com\/live\/wp-content\/uploads\/2026\/01\/SEGUIN.jpg?fit=825%2C825&ssl=1&resize=350%2C200","width":350,"height":200},"classes":[]},{"id":26709,"url":"https:\/\/batimedianews.com\/live\/index.php\/2023\/03\/06\/la-marque-francaise-hoben-presente-son-dernier-modele-le-poele-rond-osmose\/","url_meta":{"origin":5339,"position":4},"title":"La marque Fran\u00e7aise HOBEN pr\u00e9sente son dernier mod\u00e8le : le po\u00eale  ROND OSMOSE","date":"6 mars 2023","format":false,"excerpt":"H7 OSMOSE, LE PETIT PO\u00caLE ROND AU DESIGN \u00c9PUR\u00c9 OSMOSE est le 1 po\u00eale \u00e0 granul\u00e9s bois du march\u00e9 proposant une sortie concentrique, centr\u00e9e sur le dessus du po\u00eale. Lanc\u00e9 officiellement sur le salon sp\u00e9cialis\u00e9 BePOSITIVE fin mars \u00e0 Lyon, le dernier n\u00e9 de la collection HOBEN Signature est tr\u00e8s\u2026","rel":"","context":"Dans &quot;Actualit\u00e9 Entreprises&quot;","img":{"alt_text":"","src":"https:\/\/i2.wp.com\/batimedianews.com\/live\/wp-content\/uploads\/2023\/03\/Inovalp-Article.jpg?fit=1080%2C1080&ssl=1&resize=350%2C200","width":350,"height":200},"classes":[]},{"id":50036,"url":"https:\/\/batimedianews.com\/live\/index.php\/2026\/04\/03\/nouveautes-2026-entre-heritage-et-modernite\/","url_meta":{"origin":5339,"position":5},"title":"Nouveaut\u00e9s 2026 : entre h\u00e9ritage et modernit\u00e9","date":"3 avril 2026","format":false,"excerpt":"LE FEU R\u00c9INVENT\u00c9 Depuis plus de 170 ans, le Groupe J\u00d8TUL perp\u00e9tue l\u2019art de combattre le froid en alliant h\u00e9ritage scandinave et innovation technologique. Pr\u00e9sent dans plus de 40 pays, le Groupe est aujourd\u2019hui un acteur majeur du chauffage au bois et aux granul\u00e9s, reconnu pour la qualit\u00e9 et la\u2026","rel":"","context":"Dans &quot;Actualit\u00e9 Entreprises&quot;","img":{"alt_text":"","src":"https:\/\/i1.wp.com\/batimedianews.com\/live\/wp-content\/uploads\/2026\/04\/Jotul-.jpg?fit=825%2C825&ssl=1&resize=350%2C200","width":350,"height":200},"classes":[]}],"_links":{"self":[{"href":"https:\/\/batimedianews.com\/live\/index.php\/wp-json\/wp\/v2\/posts\/5339"}],"collection":[{"href":"https:\/\/batimedianews.com\/live\/index.php\/wp-json\/wp\/v2\/posts"}],"about":[{"href":"https:\/\/batimedianews.com\/live\/index.php\/wp-json\/wp\/v2\/types\/post"}],"author":[{"embeddable":true,"href":"https:\/\/batimedianews.com\/live\/index.php\/wp-json\/wp\/v2\/users\/41"}],"replies":[{"embeddable":true,"href":"https:\/\/batimedianews.com\/live\/index.php\/wp-json\/wp\/v2\/comments?post=5339"}],"version-history":[{"count":4,"href":"https:\/\/batimedianews.com\/live\/index.php\/wp-json\/wp\/v2\/posts\/5339\/revisions"}],"predecessor-version":[{"id":5417,"href":"https:\/\/batimedianews.com\/live\/index.php\/wp-json\/wp\/v2\/posts\/5339\/revisions\/5417"}],"wp:featuredmedia":[{"embeddable":true,"href":"https:\/\/batimedianews.com\/live\/index.php\/wp-json\/wp\/v2\/media\/5416"}],"wp:attachment":[{"href":"https:\/\/batimedianews.com\/live\/index.php\/wp-json\/wp\/v2\/media?parent=5339"}],"wp:term":[{"taxonomy":"category","embeddable":true,"href":"https:\/\/batimedianews.com\/live\/index.php\/wp-json\/wp\/v2\/categories?post=5339"},{"taxonomy":"post_tag","embeddable":true,"href":"https:\/\/batimedianews.com\/live\/index.php\/wp-json\/wp\/v2\/tags?post=5339"}],"curies":[{"name":"wp","href":"https:\/\/api.w.org\/{rel}","templated":true}]}}