{"id":5353,"date":"2020-07-17T18:17:52","date_gmt":"2020-07-17T16:17:52","guid":{"rendered":"http:\/\/batimedianews.com\/live\/?p=5353"},"modified":"2021-10-20T14:46:21","modified_gmt":"2021-10-20T12:46:21","slug":"premier-tech-annonce-lacquisition-de-lentreprise-eparco","status":"publish","type":"post","link":"https:\/\/batimedianews.com\/live\/index.php\/2020\/07\/17\/premier-tech-annonce-lacquisition-de-lentreprise-eparco\/","title":{"rendered":"Premier Tech annonce l\u2019acquisition de l\u2019entreprise EPARCO"},"content":{"rendered":"\n<p style=\"text-align:center\" class=\"has-medium-font-size\"><strong>Eparco est sp\u00e9cialis\u00e9e dans l\u2019assainissement individuel compact, cette acquisition a \u00e9t\u00e9 r\u00e9alis\u00e9e par son groupe d\u2019affaires Eau et Environnement. <\/strong><\/p>\n\n\n\n<p style=\"text-align:justify\">Fabricant enti\u00e8rement d\u00e9di\u00e9 \u00e0 l\u2019assainissement autonome des eaux us\u00e9es pour maisons individuelles, EPARCO oeuvre depuis pr\u00e8s de 50 ans \u00e0 d\u00e9velopper des solutions d\u2019assainissement innovantes, performantes et plus s\u00e9curitaires pour les familles et l\u2019environnement. Alliant savoir-faire et fiabilit\u00e9, leurs solutions d\u2019assainissements offrent un traitement naturel des eaux us\u00e9es, sans consommation d\u2019\u00e9nergie. Tout comme Premier Tech, l\u2019entreprise est anim\u00e9e par une soif d\u2019innovation qui se traduit par une implication active en recherche et d\u00e9veloppement et par la cr\u00e9ation de produits et services in\u00e9dits.<\/p>\n\n\n\n<p style=\"text-align:justify\">Cette nouvelle acquisition permettra \u00e0 Premier Tech de diversifier son offre commerciale et d\u2019intensifier le d\u00e9veloppement de son r\u00e9seau de commercialisation en France. Par le fait m\u00eame, Premier Tech<strong> int\u00e8gre le savoir-faire de quelque quarante experts<\/strong> dans le domaine des technologies environnementales \u00e0 son \u00e9quipe de renomm\u00e9e mondiale. Gr\u00e2ce \u00e0 cette acquisition, la pr\u00e9sence de Premier Tech en France se traduit maintenant par deux si\u00e8ges europ\u00e9ens \u2013 soit ceux de ses groupes d\u2019affaires Producteurs et Consommateurs ainsi qu\u2019Eau et Environnement \u2013 deux centres d\u2019innovation, huit usines de production et plus de 350 \u00e9quipiers.<\/p>\n\n\n\n<p style=\"text-align:justify\">\u00ab En plus de renforcer notre pr\u00e9sence commerciale et manufacturi\u00e8re en France, l\u2019acquisition de la soci\u00e9t\u00e9 fran\u00e7aise EPARCO s\u2019inscrit dans notre volont\u00e9 de longue date \u00e0 miser sur l\u2019innovation pour donner vie \u00e0 des produits et services sans pr\u00e9c\u00e9dent. Le Centre de Recherches EPARCO, situ\u00e9 \u00e0 M\u00e8ze, est un pas de plus en ce sens \u00bb, explique Henri Ouellet, Pr\u00e9sident de Premier Tech Eau et Environnement.<\/p>\n\n\n\n<p style=\"text-align:justify\"><strong>Informations compl\u00e9mentaires au communiqu\u00e9 de presse<\/strong><\/p>\n\n\n\n<p style=\"text-align:justify\"><strong><span style=\"text-decoration: underline\">PREMIER TECH en quelques mots<\/span><\/strong> :<\/p>\n\n\n\n<ul><li><span style=\"text-decoration: underline\">Entreprise mondiale<\/span> depuis 97 ans de 4 600 \u00e9quipiers r\u00e9partis dans 27 pays \u00e0 ce jour.<\/li><li><span style=\"text-decoration: underline\">Chiffre d\u2019affaire<\/span> : 600 millions \u20ac<\/li><li><span style=\"text-decoration: underline\">Secteurs Activit\u00e9s<\/span> : Horticulture et Agriculture, syst\u00e8mes automatis\u00e9s, domaine digital, Eau et Environnement<\/li><li><span style=\"text-decoration: underline\">Premier Tech Eau et Environnement<\/span> : leader mondial en solutions de traitement et stockage de l\u2019eau<\/li><\/ul>\n\n\n\n<p style=\"text-align:justify\"><strong>Premier Tech Eau et Environnement France<\/strong> (<span style=\"text-decoration: underline\">Unit\u00e9 d\u2019Affaires du groupe Premier Tech)<\/span><\/p>\n\n\n\n<ul><li><span style=\"text-decoration: underline\">Secteur activit\u00e9s <\/span>: 37 ans de savoir-faire pluridisciplinaire et d\u2019innovation<\/li><li>Solutions \u00e9coresponsables pour le traitement des eaux us\u00e9es (ECOFLO, filtre naturel et v\u00e9g\u00e9tal \u00e0 fragments de coco)<\/li><li>Solutions de Stockage, R\u00e9cup\u00e9ration et R\u00e9utilisation de l\u2019eau de pluie R<\/li><li><span style=\"text-decoration: underline\">Effectifs<\/span> : 200 \u00e9quipiers, 3 sites de fabrication : Ch\u00e2teauneuf-d\u2019Ille-et-Vilaine (35), Chalonnes-sur-Loire (49) et Andr\u00e9zieux-Bouth\u00e9on (42)<\/li><\/ul>\n\n\n\n<p style=\"text-align:justify\"><strong>EPARCO en quelques mots :<\/strong><\/p>\n\n\n\n<ul><li><span style=\"text-decoration: underline\">Secteur activit\u00e9s<\/span> : 50 ans d\u2019expertise dans le traitement des eaux us\u00e9es. Pionnier fran\u00e7ais des filtres compacts<\/li><li>Traitement des eaux us\u00e9es par filtre compact : Z\u00e9oliteparco et Boxeparco<\/li><li>\u00b7<span style=\"text-decoration: underline\">Effectifs<\/span> : 40 \u00e9quipiers, 1 site de fabrication : Senan (89) et 1 centre de R&amp; : M\u00e8ze (34)<\/li><\/ul>\n\n\n\n<figure class=\"wp-block-image\"><img loading=\"lazy\" width=\"640\" height=\"636\" src=\"https:\/\/i1.wp.com\/batimedianews.com\/live\/wp-content\/uploads\/2020\/07\/image-36.png?resize=640%2C636\" alt=\"\" class=\"wp-image-5356\" srcset=\"https:\/\/i1.wp.com\/batimedianews.com\/live\/wp-content\/uploads\/2020\/07\/image-36.png?w=640&amp;ssl=1 640w, https:\/\/i1.wp.com\/batimedianews.com\/live\/wp-content\/uploads\/2020\/07\/image-36.png?resize=150%2C150&amp;ssl=1 150w, https:\/\/i1.wp.com\/batimedianews.com\/live\/wp-content\/uploads\/2020\/07\/image-36.png?resize=300%2C298&amp;ssl=1 300w, https:\/\/i1.wp.com\/batimedianews.com\/live\/wp-content\/uploads\/2020\/07\/image-36.png?resize=10%2C10&amp;ssl=1 10w, https:\/\/i1.wp.com\/batimedianews.com\/live\/wp-content\/uploads\/2020\/07\/image-36.png?resize=432%2C429&amp;ssl=1 432w, https:\/\/i1.wp.com\/batimedianews.com\/live\/wp-content\/uploads\/2020\/07\/image-36.png?resize=396%2C394&amp;ssl=1 396w, https:\/\/i1.wp.com\/batimedianews.com\/live\/wp-content\/uploads\/2020\/07\/image-36.png?resize=221%2C220&amp;ssl=1 221w\" sizes=\"(max-width: 600px) 91vw, (max-width: 900px) 600px, (max-width: 1060px) 50vw, (max-width: 1200px) 520px, (max-width: 1400px) 43vw, 600px\" data-recalc-dims=\"1\" \/><\/figure>\n\n\n\n<p style=\"color:#03507d;text-align:justify\" class=\"has-text-color\"><strong>1. PREMIER TECH renforce sa position de leader et affirme sa volont\u00e9 d\u2019innovation \u00ab fabriqu\u00e9 en France \u00bb :<\/strong><\/p>\n\n\n\n<p style=\"text-align:justify\"><strong><span style=\"text-decoration: underline\">Avec cette acquisition,<\/span><\/strong> le groupe <span style=\"text-decoration: underline\">Premier Tech<\/span> s\u2019adjoint l\u2019un des plus grands sp\u00e9cialistes fran\u00e7ais de l\u2019assainissement autonome avec :<\/p>\n\n\n\n<ul><li>De nouvelles technologies (filtres EPARCO)<\/li><li>1 centre de R&amp; au coeur de l\u2019Occitanie, M\u00e8ze (34) et unique en Europe<\/li><li>1 site de fabrication en Bourgogne, Senan (89)<\/li><li>1 r\u00e9seau de 2 000 installateurs r\u00e9partis sur tout le territoire<\/li><li>Le savoir-faire de 40 experts<\/li><\/ul>\n\n\n\n<p style=\"color:#034064;text-align:justify\" class=\"has-text-color\"><strong>2. Les Objectifs de cette union : Une croissance \u00e9coresponsable, le maintien de l\u2019emploi local et un accompagnement commercial in\u00e9galable :<\/strong><\/p>\n\n\n\n<ul><li><strong>4 implantations industrielles<\/strong>, 3 usines Premier Tech et 1 usine Eparco, favoriseront la sp\u00e9cialisation des sites et l\u2019optimisation du transport pour une empreinte carbone am\u00e9lior\u00e9e.<\/li><li><strong>240 \u00e9quipiers engag\u00e9s<\/strong> qui partagent la m\u00eame envie de b\u00e2tir un monde plus \u00e9coresponsable<\/li><\/ul>\n\n\n\n<p style=\"text-align:justify\">Renforcement des expertises techniques et scientifiques : Plus de 50 \u00e9quipiers techniques et commerciaux constitueront d\u00e9sormais le premier service d\u2019accompagnement commercial et de proximit\u00e9 vers ses clients en France.<\/p>\n\n\n\n<ul><li>Les \u00e9quipes scientifiques et techniques de Premier Tech Eau et Environnement compl\u00e9t\u00e9es par les \u00e9quipes du centre de R&amp; de M\u00e8ze (34), constituant un <strong><span style=\"text-decoration: underline\">champion europ\u00e9en de l\u2019innovation<\/span><\/strong> , susceptible d\u2019exporter un savoir-faire fran\u00e7ais sur le continent.<\/li><li>Les filtres Eparco viennent compl\u00e9ter la <strong><span style=\"text-decoration: underline\">gamme Premier Tech et devient la plus importante offre produit du march\u00e9 <\/span><\/strong>: assainissement autonome, eau de pluie, stockage, relevage et assainissement regroup\u00e9<\/li><\/ul>\n\n\n\n<p style=\"color:#033d5f\" class=\"has-text-color\"><strong>3. La technologie au service de valeurs \u00e9coresponsables communes :<\/strong><\/p>\n\n\n\n<figure class=\"wp-block-image\"><img loading=\"lazy\" width=\"320\" height=\"240\" src=\"https:\/\/i0.wp.com\/batimedianews.com\/live\/wp-content\/uploads\/2020\/07\/image-37.png?resize=320%2C240\" alt=\"\" class=\"wp-image-5357\" srcset=\"https:\/\/i0.wp.com\/batimedianews.com\/live\/wp-content\/uploads\/2020\/07\/image-37.png?w=320&amp;ssl=1 320w, https:\/\/i0.wp.com\/batimedianews.com\/live\/wp-content\/uploads\/2020\/07\/image-37.png?resize=300%2C225&amp;ssl=1 300w, https:\/\/i0.wp.com\/batimedianews.com\/live\/wp-content\/uploads\/2020\/07\/image-37.png?resize=10%2C8&amp;ssl=1 10w, https:\/\/i0.wp.com\/batimedianews.com\/live\/wp-content\/uploads\/2020\/07\/image-37.png?resize=293%2C220&amp;ssl=1 293w\" sizes=\"(max-width: 600px) 91vw, (max-width: 900px) 600px, (max-width: 1060px) 50vw, (max-width: 1200px) 520px, (max-width: 1400px) 43vw, 600px\" data-recalc-dims=\"1\" \/><\/figure>\n\n\n\n<p style=\"text-align:justify\">Depuis l\u2019origine, Premier Tech et Eparco ont d\u00e9velopp\u00e9 leurs solutions en vue de <strong>contribuer durablement \u00e0 la protection de l\u2019eau et de l\u2019environnement<\/strong>. Leurs valeurs \u00e9coresponsables se rejoignent aujourd\u2019hui pour promouvoir et commercialiser des syst\u00e8mes de filtration naturels et performants, fiables, \u00e9conomes et durables.<\/p>\n\n\n\n<p style=\"text-align:justify\">En reproduisant sans \u00e9nergie les m\u00e9canismes \u00e9puratoires naturels, la technologie de la filtration biologique compacte a toujours \u00e9t\u00e9 au coeur de l\u2019ADN des deux entreprises. En permanence \u00e0 la pointe, Premier Tech continuera d\u2019innover dans le souci de pr\u00e9server l\u2019environnement<\/p>\n\n\n\n<p>et la qualit\u00e9 de vie.<\/p>\n","protected":false},"excerpt":{"rendered":"<p>Eparco est sp\u00e9cialis\u00e9e dans l\u2019assainissement individuel compact, cette acquisition a \u00e9t\u00e9 r\u00e9alis\u00e9e par son groupe d\u2019affaires Eau et Environnement. Fabricant enti\u00e8rement d\u00e9di\u00e9 \u00e0 l\u2019assainissement autonome des eaux us\u00e9es pour maisons individuelles, EPARCO oeuvre depuis pr\u00e8s de 50 ans \u00e0 d\u00e9velopper des solutions d\u2019assainissement innovantes, performantes et plus s\u00e9curitaires pour les familles et l\u2019environnement. Alliant savoir-faire [&hellip;]<\/p>\n","protected":false},"author":41,"featured_media":5354,"comment_status":"open","ping_status":"open","sticky":false,"template":"","format":"standard","meta":{"spay_email":""},"categories":[4,13],"tags":[],"jetpack_featured_media_url":"https:\/\/i0.wp.com\/batimedianews.com\/live\/wp-content\/uploads\/2020\/07\/image-35.png?fit=524%2C336&ssl=1","jetpack_sharing_enabled":true,"jetpack_likes_enabled":true,"jetpack-related-posts":[{"id":21150,"url":"https:\/\/batimedianews.com\/live\/index.php\/2022\/06\/23\/reseaux-dassainissement\/","url_meta":{"origin":5353,"position":0},"title":"R\u00e9seaux d\u2019assainissement","date":"23 juin 2022","format":false,"excerpt":"Nouveaux accessoires contre les d\u00e9bordements pour les regards Tegra Wavin En raison du changement climatique (fortes pluies et s\u00e9cheresse) et de l\u2019augmentation de la population, le d\u00e9bit des eaux us\u00e9es dans les r\u00e9seaux d\u2019assainissement augmente et sature les canalisations devenues sous-dimensionn\u00e9es et surcharg\u00e9es. Les villes se doivent d\u2019agir pour faire\u2026","rel":"","context":"Dans &quot;Actualit\u00e9 Entreprises&quot;","img":{"alt_text":"","src":"https:\/\/i1.wp.com\/batimedianews.com\/live\/wp-content\/uploads\/2022\/06\/Wavin-Article.jpg?fit=1080%2C1080&ssl=1&resize=350%2C200","width":350,"height":200},"classes":[]},{"id":20495,"url":"https:\/\/batimedianews.com\/live\/index.php\/2022\/05\/26\/linnovation-aliaxis-au-service-des-reseaux-dassainissement\/","url_meta":{"origin":5353,"position":1},"title":"L\u2019innovation Aliaxis au service des r\u00e9seaux d\u2019assainissement","date":"26 mai 2022","format":false,"excerpt":"Leader mondial des solutions pour la gestion des fluides dans la construction, les travaux publics et les applications industrielles, Aliaxis se distingue gr\u00e2ce \u00e0 son expertise des produits en mat\u00e9riaux de synth\u00e8se. Le Groupe enrichit aujourd\u2019hui son offre assainissement en ajoutant aux tubes et raccords en poly\u00e9thyl\u00e8ne haute densit\u00e9 (PEHD)\u2026","rel":"","context":"Dans &quot;Actualit\u00e9 Entreprises&quot;","img":{"alt_text":"","src":"https:\/\/i0.wp.com\/batimedianews.com\/live\/wp-content\/uploads\/2022\/05\/alliais-Article.jpg?fit=1080%2C1080&ssl=1&resize=350%2C200","width":350,"height":200},"classes":[]},{"id":13778,"url":"https:\/\/batimedianews.com\/live\/index.php\/2021\/11\/17\/vm-publie-son-1er-guide-assainissement-non-collectif-et-gestion-des-eaux-pluviales\/","url_meta":{"origin":5353,"position":2},"title":"VM PUBLIE SON 1ER GUIDE ASSAINISSEMENT NON COLLECTIF ET GESTION DES EAUX PLUVIALES","date":"17 novembre 2021","format":false,"excerpt":"\u00a0Fid\u00e8le \u00e0 son plan de transformation lanc\u00e9 il y a deux ans, VM approfondit et renforce sa promesse client en concr\u00e9tisant des services et outils pour accompagner les professionnels dans leur quotidien. Le nouveau Guide d\u00e9di\u00e9 \u00e0 l\u2019assainissement non collectif et \u00e0 la gestion des eaux pluviales illustre cette d\u00e9marche.\u2026","rel":"","context":"Dans &quot;assainissement&quot;","img":{"alt_text":"","src":"https:\/\/i0.wp.com\/batimedianews.com\/live\/wp-content\/uploads\/2021\/11\/VM-Article.jpg?fit=512%2C512&ssl=1&resize=350%2C200","width":350,"height":200},"classes":[]},{"id":47465,"url":"https:\/\/batimedianews.com\/live\/index.php\/2025\/10\/21\/artibat-2025-innovation\/","url_meta":{"origin":5353,"position":3},"title":"ARTIBAT 2025 \/\/ INNOVATION","date":"21 octobre 2025","format":false,"excerpt":"Assainissement et r\u00e9cup\u00e9ration des eaux pluviales : Rikutec France d\u00e9veloppe des cuves en PEHD gr\u00e2ce au proc\u00e9d\u00e9 de l\u2019extrusion-soufflage \u2026 une innovation au service de la performance Facilit\u00e9 d\u2019installation, robustesse, entretien minimal : l\u2019\u00e9quation gagnante pour la fili\u00e8re BTP __ Lors de la pose de produits d\u2019assainissement et de r\u00e9cup\u00e9ration\u2026","rel":"","context":"Dans &quot;Actualit\u00e9 Entreprises&quot;","img":{"alt_text":"","src":"https:\/\/i1.wp.com\/batimedianews.com\/live\/wp-content\/uploads\/2025\/10\/RIKUTEC.jpg?fit=825%2C825&ssl=1&resize=350%2C200","width":350,"height":200},"classes":[]},{"id":42560,"url":"https:\/\/batimedianews.com\/live\/index.php\/2025\/02\/03\/regard-caliroc-bonna-sabla-pour-lutter-efficacement-contre-les-effets-de-lh2s\/","url_meta":{"origin":5353,"position":4},"title":"REGARD CALI&rsquo;ROC BONNA SABLA : Pour lutter efficacement contre les effets de l&rsquo;H2S","date":"3 f\u00e9vrier 2025","format":false,"excerpt":"\u00a0Acteur majeur de la fabrication de produits manufactur\u00e9s en b\u00e9ton, Bonna Sabla intervient sur les march\u00e9s de l\u2019Eau (eaux us\u00e9es, eaux pluviales), l\u2019Energie, la Mobilit\u00e9, le Hors Site et le Fun\u00e9raire. Pour des r\u00e9seaux d'assainissement plus r\u00e9sistants, Bonna Sabla a d\u00e9velopp\u00e9 CALI'ROC, un regard innovant con\u00e7u pour lutter contre les\u2026","rel":"","context":"Dans &quot;Actualit\u00e9 Entreprises&quot;","img":{"alt_text":"","src":"https:\/\/i2.wp.com\/batimedianews.com\/live\/wp-content\/uploads\/2025\/01\/Bonna-Sabla-articles-.jpg?fit=825%2C825&ssl=1&resize=350%2C200","width":350,"height":200},"classes":[]},{"id":30055,"url":"https:\/\/batimedianews.com\/live\/index.php\/2023\/07\/10\/reseaux-dassainissement-nouveau-seuil-de-mesure-wavin-tegra-une-solution-innovante-pour-simplifier-le-diagnostic-des-reseaux-dassainissement\/","url_meta":{"origin":5353,"position":5},"title":"R\u00e9seaux d\u2019assainissement &#8211; Nouveau Seuil de mesure Wavin Tegra &#8211; Une solution innovante pour simplifier le diagnostic des r\u00e9seaux d\u2019assainissement","date":"10 juillet 2023","format":false,"excerpt":"Varennes-sur-Allier, 4 juillet 2023 \u2013 Dans le cadre des sch\u00e9mas directeurs, les collectivit\u00e9s doivent effectuer un diagnostic pour identifier les dysfonctionnements des r\u00e9seaux. Ce dernier passe notamment par la mise en \u0153uvre de points de mesure en r\u00e9seau. Souvent laborieuse, cette \u00e9tape est d\u00e9sormais simple, rapide et s\u00fbre avec le\u2026","rel":"","context":"Dans &quot;Actualit\u00e9 Entreprises&quot;","img":{"alt_text":"","src":"https:\/\/i2.wp.com\/batimedianews.com\/live\/wp-content\/uploads\/2023\/07\/Wavin-article.jpg?fit=1080%2C1080&ssl=1&resize=350%2C200","width":350,"height":200},"classes":[]}],"_links":{"self":[{"href":"https:\/\/batimedianews.com\/live\/index.php\/wp-json\/wp\/v2\/posts\/5353"}],"collection":[{"href":"https:\/\/batimedianews.com\/live\/index.php\/wp-json\/wp\/v2\/posts"}],"about":[{"href":"https:\/\/batimedianews.com\/live\/index.php\/wp-json\/wp\/v2\/types\/post"}],"author":[{"embeddable":true,"href":"https:\/\/batimedianews.com\/live\/index.php\/wp-json\/wp\/v2\/users\/41"}],"replies":[{"embeddable":true,"href":"https:\/\/batimedianews.com\/live\/index.php\/wp-json\/wp\/v2\/comments?post=5353"}],"version-history":[{"count":5,"href":"https:\/\/batimedianews.com\/live\/index.php\/wp-json\/wp\/v2\/posts\/5353\/revisions"}],"predecessor-version":[{"id":5450,"href":"https:\/\/batimedianews.com\/live\/index.php\/wp-json\/wp\/v2\/posts\/5353\/revisions\/5450"}],"wp:featuredmedia":[{"embeddable":true,"href":"https:\/\/batimedianews.com\/live\/index.php\/wp-json\/wp\/v2\/media\/5354"}],"wp:attachment":[{"href":"https:\/\/batimedianews.com\/live\/index.php\/wp-json\/wp\/v2\/media?parent=5353"}],"wp:term":[{"taxonomy":"category","embeddable":true,"href":"https:\/\/batimedianews.com\/live\/index.php\/wp-json\/wp\/v2\/categories?post=5353"},{"taxonomy":"post_tag","embeddable":true,"href":"https:\/\/batimedianews.com\/live\/index.php\/wp-json\/wp\/v2\/tags?post=5353"}],"curies":[{"name":"wp","href":"https:\/\/api.w.org\/{rel}","templated":true}]}}