{"id":5367,"date":"2020-07-16T21:02:08","date_gmt":"2020-07-16T19:02:08","guid":{"rendered":"http:\/\/batimedianews.com\/live\/?p=5367"},"modified":"2020-07-16T21:02:08","modified_gmt":"2020-07-16T19:02:08","slug":"equilibrio","status":"publish","type":"post","link":"https:\/\/batimedianews.com\/live\/index.php\/2020\/07\/16\/equilibrio\/","title":{"rendered":"EQUILIBRIO"},"content":{"rendered":"\n<p style=\"text-align:justify\">S\u00e8che-serviettes et s\u00e8che-peignoir \u00e9lectrique r\u00e9alis\u00e9 en acier inoxydable. EQUILIBRIO est un syst\u00e8me modulaire compos\u00e9 par un ou plusieurs \u00e9l\u00e9ments, disponibles en deux longueurs, 580 mm et 1060 mm, qui peuvent \u00eatre install\u00e9s verticalement ou horizontalement. Aliment\u00e9 par \u00e9nergie \u00e9lectrique \u00e0 bas voltage, selon les principes d\u2019\u00e9conomie&nbsp;\u00e9nerg\u00e9tique de la production CEA, EQUILIBRIO s\u2019adapte tr\u00e8s facilement \u00e0 toute ambiance domestique et publique, en trouvant la correcte modularit\u00e9 selon les espaces et les exigences du projet. Le design pure et lin\u00e9aire rend EQUILIBRIO transversale&nbsp;: le corps \u00e0 encastrer, universel et libre, d\u00e9termine la modularit\u00e9 et\/ou r\u00e9p\u00e9tabilit\u00e9. Un produit qui peut combiner de mani\u00e8re exemplaire fonctionnalit\u00e9, durabilit\u00e9 et design.&nbsp;&nbsp;&nbsp;<\/p>\n\n\n\n<figure class=\"wp-block-image is-resized\"><img loading=\"lazy\" src=\"https:\/\/i2.wp.com\/batimedianews.com\/live\/wp-content\/uploads\/2020\/07\/image-41.png?resize=387%2C582\" alt=\"\" class=\"wp-image-5369\" width=\"387\" height=\"582\" srcset=\"https:\/\/i2.wp.com\/batimedianews.com\/live\/wp-content\/uploads\/2020\/07\/image-41.png?w=511&amp;ssl=1 511w, https:\/\/i2.wp.com\/batimedianews.com\/live\/wp-content\/uploads\/2020\/07\/image-41.png?resize=200%2C300&amp;ssl=1 200w, https:\/\/i2.wp.com\/batimedianews.com\/live\/wp-content\/uploads\/2020\/07\/image-41.png?resize=7%2C10&amp;ssl=1 7w, https:\/\/i2.wp.com\/batimedianews.com\/live\/wp-content\/uploads\/2020\/07\/image-41.png?resize=432%2C649&amp;ssl=1 432w, https:\/\/i2.wp.com\/batimedianews.com\/live\/wp-content\/uploads\/2020\/07\/image-41.png?resize=396%2C595&amp;ssl=1 396w, https:\/\/i2.wp.com\/batimedianews.com\/live\/wp-content\/uploads\/2020\/07\/image-41.png?resize=146%2C220&amp;ssl=1 146w\" sizes=\"(max-width: 600px) 91vw, (max-width: 900px) 600px, (max-width: 1060px) 50vw, (max-width: 1200px) 520px, (max-width: 1400px) 43vw, 600px\" data-recalc-dims=\"1\" \/><\/figure>\n\n\n\n<p style=\"text-align:justify\">EQUILIBRIO est disponible dans les finitions standards satin\u00e9e et polie et aussi dans toutes les finitions sp\u00e9ciales CEA (Black Diamond, Bronze, Cuivre et Light Gold) \u00e9cologiques et biocompatibles.<\/p>\n\n\n\n<p>Mod\u00e8le d\u00e9pos\u00e9, design Natalino Malasorti.&nbsp;&nbsp;<\/p>\n\n\n\n<figure class=\"wp-block-image\"><img loading=\"lazy\" width=\"511\" height=\"768\" src=\"https:\/\/i2.wp.com\/batimedianews.com\/live\/wp-content\/uploads\/2020\/07\/image-42.png?resize=511%2C768\" alt=\"\" class=\"wp-image-5370\" srcset=\"https:\/\/i2.wp.com\/batimedianews.com\/live\/wp-content\/uploads\/2020\/07\/image-42.png?w=511&amp;ssl=1 511w, https:\/\/i2.wp.com\/batimedianews.com\/live\/wp-content\/uploads\/2020\/07\/image-42.png?resize=200%2C300&amp;ssl=1 200w, https:\/\/i2.wp.com\/batimedianews.com\/live\/wp-content\/uploads\/2020\/07\/image-42.png?resize=7%2C10&amp;ssl=1 7w, https:\/\/i2.wp.com\/batimedianews.com\/live\/wp-content\/uploads\/2020\/07\/image-42.png?resize=432%2C649&amp;ssl=1 432w, https:\/\/i2.wp.com\/batimedianews.com\/live\/wp-content\/uploads\/2020\/07\/image-42.png?resize=396%2C595&amp;ssl=1 396w, https:\/\/i2.wp.com\/batimedianews.com\/live\/wp-content\/uploads\/2020\/07\/image-42.png?resize=146%2C220&amp;ssl=1 146w\" sizes=\"(max-width: 600px) 91vw, (max-width: 900px) 600px, (max-width: 1060px) 50vw, (max-width: 1200px) 520px, (max-width: 1400px) 43vw, 600px\" data-recalc-dims=\"1\" \/><\/figure>\n","protected":false},"excerpt":{"rendered":"<p>S\u00e8che-serviettes et s\u00e8che-peignoir \u00e9lectrique r\u00e9alis\u00e9 en acier inoxydable. EQUILIBRIO est un syst\u00e8me modulaire compos\u00e9 par un ou plusieurs \u00e9l\u00e9ments, disponibles en deux longueurs, 580 mm et 1060 mm, qui peuvent \u00eatre install\u00e9s verticalement ou horizontalement. Aliment\u00e9 par \u00e9nergie \u00e9lectrique \u00e0 bas voltage, selon les principes d\u2019\u00e9conomie&nbsp;\u00e9nerg\u00e9tique de la production CEA, EQUILIBRIO s\u2019adapte tr\u00e8s facilement \u00e0 [&hellip;]<\/p>\n","protected":false},"author":41,"featured_media":5395,"comment_status":"open","ping_status":"open","sticky":false,"template":"","format":"standard","meta":{"spay_email":""},"categories":[4,615],"tags":[],"jetpack_featured_media_url":"https:\/\/i2.wp.com\/batimedianews.com\/live\/wp-content\/uploads\/2020\/07\/cea_image.jpg?fit=984%2C556&ssl=1","jetpack_sharing_enabled":true,"jetpack_likes_enabled":true,"jetpack-related-posts":[{"id":29193,"url":"https:\/\/batimedianews.com\/live\/index.php\/2023\/06\/11\/acova-alizea-spa-un-radiateur-seche-serviettes-au-design-fin-elegant-et-discret\/","url_meta":{"origin":5367,"position":0},"title":"Acova Alizea Spa, un radiateur s\u00e8che-serviettes au design fin, \u00e9l\u00e9gant et discret.","date":"11 juin 2023","format":false,"excerpt":"Acova Alizea Spa chauffage central, L500 x H1300 (620W) \u2013 couleur White Quartz - Prix public indicatif HT : 874 \u20ac (optioncouleur incluse) Pass\u00e9e d\u2019une pi\u00e8ce fonctionnelle \u00e0 un espace centr\u00e9 sur le confort et le bien-\u00eatre, la salle de bains offre diff\u00e9rents visages en fonction du style qu\u2019elle adopte.\u2026","rel":"","context":"Dans &quot;Actualit\u00e9 Entreprises&quot;","img":{"alt_text":"","src":"https:\/\/i2.wp.com\/batimedianews.com\/live\/wp-content\/uploads\/2023\/06\/Sans-titre.png?fit=1200%2C1200&ssl=1&resize=350%2C200","width":350,"height":200},"classes":[]},{"id":46832,"url":"https:\/\/batimedianews.com\/live\/index.php\/2025\/09\/25\/au-style-unique-et-contemporain-le-radiateur-seche-serviettes-acova-kapla-se-decline-en-chauffage-electrique\/","url_meta":{"origin":5367,"position":1},"title":"Au style unique et contemporain, le radiateur s\u00e8che-serviettes Acova Kapla, se d\u00e9cline en chauffage \u00e9lectrique.","date":"25 septembre 2025","format":false,"excerpt":"Acova Kapla \u00e9lectrique, L 600 x H 1774 (900 W) \u2013 couleur Black Matt - Prix public indicatif HT : 1090 \u20ac (option couleur incluse) A l\u2019occasion du salon ARTIBAT, Acova pr\u00e9sentera la version \u00e9lectrique de son radiateur s\u00e8che-serviettes Kapla qui allie design graphique et fonctionnalit\u00e9 gr\u00e2ce \u00e0 sa nouvelle\u2026","rel":"","context":"Dans &quot;Actualit\u00e9 Entreprises&quot;","img":{"alt_text":"","src":"https:\/\/i0.wp.com\/batimedianews.com\/live\/wp-content\/uploads\/2025\/09\/Acova.jpg?fit=825%2C825&ssl=1&resize=350%2C200","width":350,"height":200},"classes":[]},{"id":49387,"url":"https:\/\/batimedianews.com\/live\/index.php\/2026\/03\/05\/tendance-2026-feel-good-serenite-verticalite\/","url_meta":{"origin":5367,"position":2},"title":"TENDANCE 2026 FEEL GOOD ! S\u00e9r\u00e9nit\u00e9 &amp; Verticalit\u00e9","date":"5 mars 2026","format":false,"excerpt":"S\u00e8che-serviettes, que font-ils ?\u00a0 S\u00e9cher les draps de bain et chauffer la salle de bain c\u2019est leur fonction\u2026\u00a0 Pour s\u00e9cher les draps de bain, plusieurs options sont possibles :\u00a0 Embellir l\u2019espace et envelopper l\u2019utilisateur d\u2019une chaleur douce c\u2019est leur mission !\u00a0 Qui aurait imagin\u00e9 que le radiateur \u00e9lectrique, longtemps baptis\u00e9\u2026","rel":"","context":"Dans &quot;Actualit\u00e9 Entreprises&quot;","img":{"alt_text":"","src":"https:\/\/i2.wp.com\/batimedianews.com\/live\/wp-content\/uploads\/2026\/02\/Finimetal.jpg?fit=825%2C825&ssl=1&resize=350%2C200","width":350,"height":200},"classes":[]},{"id":34723,"url":"https:\/\/batimedianews.com\/live\/index.php\/2024\/01\/29\/acova-kapla-le-radiateur-seche-serviettes-graphique-et-contemporain\/","url_meta":{"origin":5367,"position":3},"title":"Acova Kapla, le radiateur s\u00e8che-serviettes graphique et contemporain.","date":"29 janvier 2024","format":false,"excerpt":"Acova Kapla chauffage central, L500 x H1460 (655 W) avec robinetterie \u2013 couleur Golden Sand - Prix public indicatif HT : 790 \u20ac (option couleur incluse) Inventeur du radiateur d\u00e9coratif et du radiateur s\u00e8che-serviettes, Acova f\u00eate ses 60 ans en proposant un nouveau radiateur s\u00e8che-serviettes design qui caract\u00e9rise l\u2019ADN de\u2026","rel":"","context":"Dans &quot;Batimaison&quot;","img":{"alt_text":"","src":"https:\/\/i2.wp.com\/batimedianews.com\/live\/wp-content\/uploads\/2024\/01\/Acova.jpg?fit=825%2C825&ssl=1&resize=350%2C200","width":350,"height":200},"classes":[]},{"id":21481,"url":"https:\/\/batimedianews.com\/live\/index.php\/2022\/07\/04\/pratiques-et-astucieux-les-nouveaux-seche-serviettes-cala-xs-et-cala-twist-air\/","url_meta":{"origin":5367,"position":4},"title":"Pratiques et astucieux, les nouveaux s\u00e8che serviettes Cala XS et Cala Twist +Air.","date":"4 juillet 2022","format":false,"excerpt":"Pionnier du radiateur s\u00e8che-serviettes en France, Acova a toujours eu \u00e0 coeur de proposer des solutions de chauffage alliant confort, design et praticit\u00e9, s\u2019adaptant \u00e0 l\u2019agencement de toutes les salles de bains. C\u2019est ainsi que la marque enrichit sa gamme Cala avec deux nouveaux mod\u00e8les : Cala XS pour se\u2026","rel":"","context":"Dans &quot;Actualit\u00e9 Entreprises&quot;","img":{"alt_text":"","src":"https:\/\/i2.wp.com\/batimedianews.com\/live\/wp-content\/uploads\/2022\/06\/ACOVA-Article.jpg?fit=1080%2C1080&ssl=1&resize=350%2C200","width":350,"height":200},"classes":[]},{"id":13639,"url":"https:\/\/batimedianews.com\/live\/index.php\/2021\/11\/04\/radiateur-et-seche-serviette-un-objet-de-decoration-au-design-epure-loggia-le-parfait-equilibre-entre-design-et-technologie\/","url_meta":{"origin":5367,"position":5},"title":"Radiateur et s\u00e8che-serviette : un objet de d\u00e9coration au design \u00e9pur\u00e9 LOGGIA : le parfait \u00e9quilibre entre design et technologie","date":"4 novembre 2021","format":false,"excerpt":"\u00a0Le radiateur plat ou extra plat s\u2019int\u00e8gre parfaitement dans tous les espaces gr\u00e2ce \u00e0 son tr\u00e8s faible encombrement. Ultra discret et design, il devient un v\u00e9ritable objet de d\u00e9coration sans pour autant r\u00e9duire ses performances thermiques. Les radiateurs BREM sont con\u00e7us pour r\u00e9pondre \u00e0 tous les besoins fonctionnels et esth\u00e9tiques\u2026","rel":"","context":"Dans &quot;Actualit\u00e9 Entreprises&quot;","img":{"alt_text":"","src":"https:\/\/i1.wp.com\/batimedianews.com\/live\/wp-content\/uploads\/2021\/11\/BREM-Article.jpg?fit=512%2C512&ssl=1&resize=350%2C200","width":350,"height":200},"classes":[]}],"_links":{"self":[{"href":"https:\/\/batimedianews.com\/live\/index.php\/wp-json\/wp\/v2\/posts\/5367"}],"collection":[{"href":"https:\/\/batimedianews.com\/live\/index.php\/wp-json\/wp\/v2\/posts"}],"about":[{"href":"https:\/\/batimedianews.com\/live\/index.php\/wp-json\/wp\/v2\/types\/post"}],"author":[{"embeddable":true,"href":"https:\/\/batimedianews.com\/live\/index.php\/wp-json\/wp\/v2\/users\/41"}],"replies":[{"embeddable":true,"href":"https:\/\/batimedianews.com\/live\/index.php\/wp-json\/wp\/v2\/comments?post=5367"}],"version-history":[{"count":3,"href":"https:\/\/batimedianews.com\/live\/index.php\/wp-json\/wp\/v2\/posts\/5367\/revisions"}],"predecessor-version":[{"id":5397,"href":"https:\/\/batimedianews.com\/live\/index.php\/wp-json\/wp\/v2\/posts\/5367\/revisions\/5397"}],"wp:featuredmedia":[{"embeddable":true,"href":"https:\/\/batimedianews.com\/live\/index.php\/wp-json\/wp\/v2\/media\/5395"}],"wp:attachment":[{"href":"https:\/\/batimedianews.com\/live\/index.php\/wp-json\/wp\/v2\/media?parent=5367"}],"wp:term":[{"taxonomy":"category","embeddable":true,"href":"https:\/\/batimedianews.com\/live\/index.php\/wp-json\/wp\/v2\/categories?post=5367"},{"taxonomy":"post_tag","embeddable":true,"href":"https:\/\/batimedianews.com\/live\/index.php\/wp-json\/wp\/v2\/tags?post=5367"}],"curies":[{"name":"wp","href":"https:\/\/api.w.org\/{rel}","templated":true}]}}