{"id":648,"date":"2018-11-29T10:56:22","date_gmt":"2018-11-29T09:56:22","guid":{"rendered":"http:\/\/batimedialive.com\/?p=648"},"modified":"2019-08-19T19:03:15","modified_gmt":"2019-08-19T17:03:15","slug":"ubbink-un-calendrier-de-lavent-pour-les-professionnels-du-batiment","status":"publish","type":"post","link":"https:\/\/batimedianews.com\/live\/index.php\/2018\/11\/29\/ubbink-un-calendrier-de-lavent-pour-les-professionnels-du-batiment\/","title":{"rendered":"UBBINK &#8211; Un calendrier de l&#039;avent pour les professionnels du b\u00e2timent"},"content":{"rendered":"<p style=\"font-weight:400;\"><strong>Ubbink propose \u00e0 ses clients de bien terminer l\u2019ann\u00e9e&nbsp;<\/strong><strong>avec un calendrier de l\u2019avent sp\u00e9cialement con\u00e7u pour eux&nbsp;!<\/strong><\/p>\n<p><a href=\"http:\/\/calendrierdelavent.ubbink-france.fr\/\"><img loading=\"lazy\" class=\"alignnone  wp-image-649\" src=\"https:\/\/batimedialive.files.wordpress.com\/2018\/11\/capture-calendrier-avent-ubbink-3.png?resize=654%2C1096\" alt=\"Capture Calendrier Avent Ubbink 3\" width=\"654\" height=\"1096\"  data-recalc-dims=\"1\"><\/a><\/p>\n<p style=\"font-weight:400;\">Ubbink, sp\u00e9cialiste de la performance \u00e9nerg\u00e9tique et du confort dans l\u2019habitat a d\u00e9cid\u00e9 de g\u00e2ter ses partenaires, clients et prospects du b\u00e2timent en leur accordant une attention particuli\u00e8re pour la fin de l\u2019ann\u00e9e.<\/p>\n<p style=\"font-weight:400;\">Aussi, l\u2019industriel a con\u00e7u sp\u00e9cifiquement pour eux un calendrier de l\u2019avent qui sera lanc\u00e9 en ligne d\u00e8s cette semaine. Celui-ci contient&nbsp;24 vignettes derri\u00e8re lesquelles se cachent, selon les jours, des modules d\u2019information produits, des vid\u00e9os tutos, des notes expliquant comment se f\u00eate No\u00ebl dans les diff\u00e9rents pays o\u00f9 est implant\u00e9 le groupe Ubbink-Centrotherm mais aussi des goodies, des produits Ubbink \u00e0 gagner et en sus, un gros lot en jeu le 24 d\u00e9cembre.<\/p>\n<p style=\"font-weight:400;\">L\u2019ensemble de cette campagne de No\u00ebl sera relay\u00e9 sur les r\u00e9seaux sociaux et notamment la page Facebook d\u2019Ubbink.<\/p>\n<p style=\"font-weight:400;\">Ce clin d\u2019\u0153il a pour vocation de souhaiter de belles f\u00eates de fin d\u2019ann\u00e9e \u00e0 tous les professionnels du b\u00e2timent et \u00e0 remercier chaque client de sa fid\u00e9lit\u00e9.<\/p>\n<p style=\"font-weight:400;\">A d\u00e9couvrir* sur&nbsp;:&nbsp;<a href=\"http:\/\/calendrierdelavent.ubbink-france.fr\/\" data-saferedirecturl=\"https:\/\/www.google.com\/url?q=http:\/\/calendrierdelavent.ubbink-france.fr\/&amp;source=gmail&amp;ust=1543569682274000&amp;usg=AFQjCNFd05OnaFXJIlQX1gyNZBj0GWOysA\">http:\/\/calendrierdelavent.ubbink-france.fr\/<\/a><\/p>\n<p style=\"font-weight:400;\">* Chaque vignette a \u00e9t\u00e9 programm\u00e9e d\u00e8s le 1<sup>er<\/sup>&nbsp;d\u00e9cembre pour \u00eatre affich\u00e9e le bon jour<\/p>\n","protected":false},"excerpt":{"rendered":"<p>Ubbink propose \u00e0 ses clients de bien terminer l\u2019ann\u00e9e&nbsp;avec un calendrier de l\u2019avent sp\u00e9cialement con\u00e7u pour eux&nbsp;! Ubbink, sp\u00e9cialiste de la performance \u00e9nerg\u00e9tique et du confort dans l\u2019habitat a d\u00e9cid\u00e9 de g\u00e2ter ses partenaires, clients et prospects du b\u00e2timent en leur accordant une attention particuli\u00e8re pour la fin de l\u2019ann\u00e9e. Aussi, l\u2019industriel a con\u00e7u sp\u00e9cifiquement [&hellip;]<\/p>\n","protected":false},"author":2,"featured_media":1882,"comment_status":"open","ping_status":"open","sticky":false,"template":"","format":"standard","meta":{"spay_email":""},"categories":[4,1],"tags":[181,319,335,413],"jetpack_featured_media_url":"https:\/\/i2.wp.com\/batimedianews.com\/live\/wp-content\/uploads\/2019\/08\/ubbink_image1.jpg?fit=815%2C548&ssl=1","jetpack_sharing_enabled":true,"jetpack_likes_enabled":true,"jetpack-related-posts":[{"id":229,"url":"https:\/\/batimedianews.com\/live\/index.php\/2018\/10\/05\/ubbink-specialiste-de-la-performance-energetique-donne-rendez-vous-a-ses-partenaires-professionnels-du-batiment-sur-deux-stands-distincts\/","url_meta":{"origin":648,"position":0},"title":"Ubbink, sp\u00e9cialiste de la performance \u00e9nerg\u00e9tique, donne rendez-vous \u00e0 ses partenaires professionnels du b\u00e2timent sur deux stands distincts :","date":"5 octobre 2018","format":false,"excerpt":"PROTECTION DE L\u2019ENVELOPPE DU B\u00c2TIMENT : HALL 10B, STAND G23 Avec une pr\u00e9sentation in\u00e9dite de ses derni\u00e8res nouveaut\u00e9s : \u2713 Le ch\u00e2ssis de toit universel monobloc adapt\u00e9 aux toits tuiles ou ardoises, \u00e9quip\u00e9 de bavettes et de joints d\u2019\u00e9tanch\u00e9it\u00e9 int\u00e9gr\u00e9s ; \u2713 La bande d\u2019\u00e9tanch\u00e9it\u00e9 universelle adh\u00e9sive Ubiform +, permettant\u2026","rel":"","context":"Dans &quot;Artibat 2018&quot;","img":{"alt_text":"","src":"https:\/\/i0.wp.com\/batimedianews.com\/live\/wp-content\/uploads\/2018\/10\/ubbink_artibat2018.jpg?fit=997%2C454&ssl=1&resize=350%2C200","width":350,"height":200},"classes":[]},{"id":18292,"url":"https:\/\/batimedianews.com\/live\/index.php\/2022\/03\/28\/ubbink-present-sur-le-salon-nordbat-du-30-mars-au-1er-avril2022-lille-grand-palais-stand-no35\/","url_meta":{"origin":648,"position":1},"title":"Ubbink pr\u00e9sent sur le salon NORDBAT du 30 mars au 1er avril2022 \u2013Lille, Grand-Palais STAND N\u00b0O35","date":"28 mars 2022","format":false,"excerpt":"Rendez-vous sur le stand O35 pour d\u00e9couvrir les produits d\u2019Ubbink dans le domaine de la ventilation, l\u2019\u00e9nergie et le b\u00e2timent. Les \u00e9quipes d\u2019Ubbink seront \u00e0 votre disposition pour \u00e9changer sur les sp\u00e9cificit\u00e9s de ces solutions d\u00e9di\u00e9es \u00e0 la r\u00e9novation \u00e9nerg\u00e9tique du b\u00e2timent. Ubbink, sp\u00e9cialiste de la performance \u00e9nerg\u00e9tique et du\u2026","rel":"","context":"Dans &quot;Actualit\u00e9 Entreprises&quot;","img":{"alt_text":"","src":"https:\/\/i0.wp.com\/batimedianews.com\/live\/wp-content\/uploads\/2022\/03\/ubbink-Article.jpg?fit=512%2C512&ssl=1&resize=350%2C200","width":350,"height":200},"classes":[]},{"id":87,"url":"https:\/\/batimedianews.com\/live\/index.php\/2018\/09\/24\/salon-hexpo-ubbink-accompagne-les-bailleurs-sociaux-dans-la-renovation-energetique-du-parc-social\/","url_meta":{"origin":648,"position":2},"title":"Salon H\u2019Expo : Ubbink, accompagne les bailleurs sociaux dans la r\u00e9novation \u00e9nerg\u00e9tique du parc social","date":"24 septembre 2018","format":false,"excerpt":"Hall 3\/ Stand G17\u00a0\u00a0du 9 au 11 octobre 2018 Ubbink, sp\u00e9cialiste de la performance \u00e9nerg\u00e9tique et du confort dans l\u2019habitat, propose aux\u00a0bailleurs sociaux\u00a0une approche compl\u00e8te - solutions & services \u2013 conforme \u00e0 la r\u00e9glementation en vigueur, en lien direct avec leurs\u00a0pr\u00e9occupations et attentes\u00a0: Efficacit\u00e9 et performance \u00e9nerg\u00e9tiques \u00c9conomies d\u2019\u00e9nergie notables\u2026","rel":"","context":"Dans &quot;H'Expo&quot;","img":{"alt_text":"ubbin a hexpo2018","src":"https:\/\/batimedialive.files.wordpress.com\/2018\/09\/ubbin-a-hexpo2018.jpg?w=350&h=200&crop=1","width":350,"height":200},"classes":[]},{"id":22782,"url":"https:\/\/batimedianews.com\/live\/index.php\/2022\/09\/08\/ubbink-presente-ses-innovations-sur-les-salons-batimat-et-interclima-du-3-au-6-octobre-2022\/","url_meta":{"origin":648,"position":3},"title":"Ubbink pr\u00e9sente ses innovations sur les salons Batimat et Interclima du 3 au 6 octobre 2022","date":"8 septembre 2022","format":false,"excerpt":"\u00a0Journ\u00e9e d\u00e9di\u00e9e \u00e0 la presse le Mardi 4 octobre 2022 sur le stand de Ubbink Pavillon 3 stand C094 \u00a0Ubbink, sp\u00e9cialiste de la performance \u00e9nerg\u00e9tique et du confort de l\u2019habitat, donne rendez-vous \u00e0 ses partenaires professionnels du b\u00e2timent sur ses deux stands distincts. \u00a0\u00c0 propos d\u2019Ubbink France Ubbink France, filiale\u2026","rel":"","context":"Dans &quot;Actualit\u00e9 Entreprises&quot;","img":{"alt_text":"","src":"https:\/\/i1.wp.com\/batimedianews.com\/live\/wp-content\/uploads\/2022\/09\/Ubbink-Article.jpg?fit=1080%2C1080&ssl=1&resize=350%2C200","width":350,"height":200},"classes":[]},{"id":20099,"url":"https:\/\/batimedianews.com\/live\/index.php\/2022\/05\/25\/les-chroniques-ventilation-par-ubbink\/","url_meta":{"origin":648,"position":4},"title":"Les Chroniques Ventilation par Ubbink","date":"25 mai 2022","format":false,"excerpt":"\u00ab\u00a0COMMENT\u00a0R\u00c9USSIR\u00a0SON\u00a0INSTALLATION DE\u00a0VENTILATION\u00a0?\u00a0\u00bb \u00c0 l\u2019heure de l\u2019application effective de la RE2020\u00a0au 1er\u00a0janvier 2022, les entreprises sp\u00e9cialis\u00e9es dans\u00a0le\u00a0secteur\u00a0du\u00a0b\u00e2timent\u00a0se\u00a0doivent\u00a0de\u00a0proposer\u00a0des\u00a0produits\u00a0\u00a0performants\u00a0\u00a0en\u00a0ad\u00e9quation\u00a0avec la\u00a0nouvelle r\u00e9glementation. La\u00a0RE2020\u00a0(R\u00e9glementation\u00a0Environnementale\u00a02020) s\u2019applique depuis le 1er\u00a0janvier 2022 dans\u00a0les habitations\u00a0neuves.\u00a0Cette\u00a0r\u00e9glementation\u00a0veille\u00a0\u00e0\u00a0ce\u00a0que\u00a0les\u00a0d\u00e9bits\u00a0n\u00e9cessaires\u00a0\u00e0\u00a0une\u00a0bonne\u00a0QAI soient\u00a0respect\u00e9s,\u00a0et\u00a0des\u00a0contr\u00f4les\u00a0sont\u00a0\u00e0 pr\u00e9sent r\u00e9alis\u00e9s \u00e0 r\u00e9ception des installations de\u00a0ventilation pour\u00a0s\u2019en\u00a0assurer. Dans\u00a0ce\u00a0contexte,\u00a0Ubbink,\u00a0sp\u00e9cialiste\u00a0de\u00a0la\u00a0performance\u00a0et\u00a0du\u00a0confort\u00a0de\u00a0l\u2019habitat, pr\u00e9curseur\u00a0sur\u00a0le\u00a0march\u00e9\u00a0des\u00a0solutions\u00a0de\u00a0ventilation,\u00a0lance\u00a0une\u00a0campagne\u00a0d\u00e9sensibilisation sur l\u2019importance d\u2019une installation\u00a0de ventilation r\u00e9ussie, r\u00e9alis\u00e9e dans les r\u00e8gles de\u00a0l\u2019art\u00a0et mettant\u00a0en\u00a0\u0153uvre\u00a0les bonnes\u00a0solutions.\u2026","rel":"","context":"Dans &quot;Actualit\u00e9 Entreprises&quot;","img":{"alt_text":"","src":"https:\/\/i2.wp.com\/batimedianews.com\/live\/wp-content\/uploads\/2022\/05\/ubbink-Article2.jpg?fit=1080%2C1080&ssl=1&resize=350%2C200","width":350,"height":200},"classes":[]},{"id":25943,"url":"https:\/\/batimedianews.com\/live\/index.php\/2023\/02\/03\/les-produits-ubbink-choisis-par-un-auto-constructeur\/","url_meta":{"origin":648,"position":5},"title":"Les produits Ubbink choisis par un auto-constructeur","date":"3 f\u00e9vrier 2023","format":false,"excerpt":"Pour composer sa toiture, ce propri\u00e9taire d\u2019une maison individuelle a demand\u00e9 au couvreur d\u2019installer un \u00e9cran de sous-toiture et des terminaux de ventilation selectionn\u00e9s dans le catalogue Ubbink. \u00c0 la rigueur technique, s\u2019ajoute l\u2019esth\u00e9tique. Situ\u00e9 dans l\u2019Aveyron, le village de Seveyrac est \u00e0 une quarantaine de kilom\u00e8tres de la ville\u2026","rel":"","context":"Dans &quot;Actualit\u00e9 Entreprises&quot;","img":{"alt_text":"","src":"https:\/\/i1.wp.com\/batimedianews.com\/live\/wp-content\/uploads\/2023\/01\/Ubbink-Article.jpg?fit=1080%2C1080&ssl=1&resize=350%2C200","width":350,"height":200},"classes":[]}],"_links":{"self":[{"href":"https:\/\/batimedianews.com\/live\/index.php\/wp-json\/wp\/v2\/posts\/648"}],"collection":[{"href":"https:\/\/batimedianews.com\/live\/index.php\/wp-json\/wp\/v2\/posts"}],"about":[{"href":"https:\/\/batimedianews.com\/live\/index.php\/wp-json\/wp\/v2\/types\/post"}],"author":[{"embeddable":true,"href":"https:\/\/batimedianews.com\/live\/index.php\/wp-json\/wp\/v2\/users\/2"}],"replies":[{"embeddable":true,"href":"https:\/\/batimedianews.com\/live\/index.php\/wp-json\/wp\/v2\/comments?post=648"}],"version-history":[{"count":1,"href":"https:\/\/batimedianews.com\/live\/index.php\/wp-json\/wp\/v2\/posts\/648\/revisions"}],"predecessor-version":[{"id":2498,"href":"https:\/\/batimedianews.com\/live\/index.php\/wp-json\/wp\/v2\/posts\/648\/revisions\/2498"}],"wp:featuredmedia":[{"embeddable":true,"href":"https:\/\/batimedianews.com\/live\/index.php\/wp-json\/wp\/v2\/media\/1882"}],"wp:attachment":[{"href":"https:\/\/batimedianews.com\/live\/index.php\/wp-json\/wp\/v2\/media?parent=648"}],"wp:term":[{"taxonomy":"category","embeddable":true,"href":"https:\/\/batimedianews.com\/live\/index.php\/wp-json\/wp\/v2\/categories?post=648"},{"taxonomy":"post_tag","embeddable":true,"href":"https:\/\/batimedianews.com\/live\/index.php\/wp-json\/wp\/v2\/tags?post=648"}],"curies":[{"name":"wp","href":"https:\/\/api.w.org\/{rel}","templated":true}]}}