{"id":6509,"date":"2020-11-29T13:03:18","date_gmt":"2020-11-29T12:03:18","guid":{"rendered":"http:\/\/batimedianews.com\/live\/?p=6509"},"modified":"2021-10-20T14:37:50","modified_gmt":"2021-10-20T12:37:50","slug":"altarea-vegetalise-linterieur-de-son-siege-social-avec-merci-raymond","status":"publish","type":"post","link":"https:\/\/batimedianews.com\/live\/index.php\/2020\/11\/29\/altarea-vegetalise-linterieur-de-son-siege-social-avec-merci-raymond\/","title":{"rendered":"Altarea v\u00e9g\u00e9talise l\u2019int\u00e9rieur de son si\u00e8ge social avec Merci Raymond"},"content":{"rendered":"\n<p style=\"text-align:justify\">D\u2019abord condamn\u00e9 \u00e0 une destruction pure et simple, l\u2019ancien immeuble historique de la compagnie des AGF, devenue Allianz, a finalement fait l\u2019objet d\u2019une restructuration exemplaire men\u00e9e par Altarea et Jean-Michel Wilmotte.<\/p>\n\n\n\n<div class=\"wp-block-image\"><figure class=\"alignright is-resized\"><img loading=\"lazy\" src=\"https:\/\/i0.wp.com\/batimedianews.com\/live\/wp-content\/uploads\/2020\/10\/image-163.png?resize=223%2C166\" alt=\"\" class=\"wp-image-6511\" width=\"223\" height=\"166\" srcset=\"https:\/\/i0.wp.com\/batimedianews.com\/live\/wp-content\/uploads\/2020\/10\/image-163.png?w=404&amp;ssl=1 404w, https:\/\/i0.wp.com\/batimedianews.com\/live\/wp-content\/uploads\/2020\/10\/image-163.png?resize=300%2C223&amp;ssl=1 300w, https:\/\/i0.wp.com\/batimedianews.com\/live\/wp-content\/uploads\/2020\/10\/image-163.png?resize=10%2C7&amp;ssl=1 10w, https:\/\/i0.wp.com\/batimedianews.com\/live\/wp-content\/uploads\/2020\/10\/image-163.png?resize=396%2C294&amp;ssl=1 396w, https:\/\/i0.wp.com\/batimedianews.com\/live\/wp-content\/uploads\/2020\/10\/image-163.png?resize=296%2C220&amp;ssl=1 296w\" sizes=\"(max-width: 600px) 91vw, (max-width: 900px) 600px, (max-width: 1060px) 50vw, (max-width: 1200px) 520px, (max-width: 1400px) 43vw, 600px\" data-recalc-dims=\"1\" \/><\/figure><\/div>\n\n\n\n<p style=\"text-align:justify\">Ce choix fort a \u00e9t\u00e9 dict\u00e9 par Altarea qui avait l\u2019intime conviction qu\u2019il fallait faire revivre ce site pour en faire son si\u00e8ge social. Afin de magnifier l\u2019ensemble, Altarea a r\u00e9alis\u00e9 plus de 2000m2 d\u2019espaces v\u00e9g\u00e9talis\u00e9s ext\u00e9rieurs faisant de son si\u00e8ge le plus grand espace vert du 2\u00e8me arrondissement. Dans la continuit\u00e9 de cette d\u00e9marche, Altarea a fait appel \u00e0 la startup \u00e9coresponsable Merci Raymond pour la v\u00e9g\u00e9talisation de ses espaces int\u00e9rieurs (espaces de bureaux, restaurants) et quelques espaces ext\u00e9rieurs (patio et balcons). Pour le traitement des bureaux, la startup a install\u00e9 une palette v\u00e9g\u00e9tale diff\u00e9rente par \u00e9tage, afin de rendre ces espaces uniques, cr\u00e9ateur de bien-\u00eatre et facilitateur de lien social, o\u00f9 il fait bon travailler et se rencontrer.<\/p>\n\n\n\n<blockquote class=\"wp-block-quote\"><p>\u00ab<em> Pour ce projet de v\u00e9g\u00e9talisation du nouveau si\u00e8ge social d\u2019Altarea, nous avons souhait\u00e9 cr\u00e9er un v\u00e9ritable \u00e9cosyst\u00e8me autour de la \u00ab Green Therapy \u00bb. Le choix des plantes et l\u2019am\u00e9nagement du lieu ont ainsi \u00e9t\u00e9 r\u00e9fl\u00e9chis pour soulager le stress et am\u00e9liorer le bien-\u00eatre de l\u2019ensemble des collaborateurs. Ancr\u00e9 dans les tendances soci\u00e9tales de retour \u00e0 la nature, de v\u00e9g\u00e9talisation de la ville et de protection de la biodiversit\u00e9, le 87 Richelieu est donc bien plus qu\u2019un bureau avec ambiance v\u00e9g\u00e9tale : c\u2019est un immeuble connect\u00e9 \u00e0 son environnement et coh\u00e9rent, que chaque collaborateur peut s\u2019approprier et dont il peut devenir acteur <\/em>\u00bb explique <strong>Hugo Meunier, fondateur de Merci Raymond et d\u00e9fenseur du vert en ville<\/strong>.<\/p><\/blockquote>\n\n\n\n<blockquote class=\"wp-block-quote\"><p><strong>Joanna Khalaf, Chef de projet Si\u00e8ge Altarea<\/strong> indique \u00ab <em>La v\u00e9g\u00e9talisation de notre immeuble est un point majeur de la conception du 87 Richelieu. Nous avons port\u00e9 toute notre attention \u00e0 la cr\u00e9ation  d\u2019espaces v\u00e9g\u00e9taux que nous retrouvons d\u00e8s le hall d\u2019accueil. Les espaces de bureaux ont \u00e9t\u00e9 \u00e9galement int\u00e9gr\u00e9s dans cette r\u00e9flexion. En collaboration avec Merci Raymond, qui a fait preuve d&rsquo;une grande cr\u00e9ativit\u00e9 et agilit\u00e9, nous avons choisi une palette v\u00e9g\u00e9tale riche et vari\u00e9e valorisant ces espaces, propice au bien-\u00eatre des collaborateurs. Richelieu est un v\u00e9ritable jardin urbain au coeur de la capitale !<\/em> \u00bb.<\/p><\/blockquote>\n\n\n\n<p style=\"color:#7adc7b\" class=\"has-text-color\"><strong>Des \u00e9tages de bureaux inspir\u00e9s de la nature<\/strong><\/p>\n\n\n\n<p style=\"text-align:justify\">Merci Raymond a dispos\u00e9 une s\u00e9lection de v\u00e9g\u00e9taux \u00e0 chaque \u00e9tage, 400 plantes environ ont \u00e9t\u00e9 install\u00e9es, regroupant moyens et grands sujets, parmi lesquels des plantes d\u00e9polluantes (l\u2019air des bureaux \u00e9tant 10 \u00e0 100 fois plus pollu\u00e9 que l\u2019air ext\u00e9rieur). Ces diverses palettes v\u00e9g\u00e9tales permettent d\u2019une part de reconnaitre les diff\u00e9rents espaces de travail mais rappellent \u00e9galement les combinaisons esth\u00e9tiques que l\u2019on trouve dans les environnements naturels.<\/p>\n\n\n\n<p style=\"text-align:justify\">Outre le fait de r\u00e9aliser l\u2019am\u00e9nagement v\u00e9g\u00e9tal de ce b\u00e2timent et de l\u2019entretenir, des animations devraient \u00eatre organis\u00e9es par Merci Raymond \u00e0 l\u2019avenir. Elles seront ouvertes aux collaborateurs afin de f\u00e9d\u00e9rer et sensibiliser le plus grand nombre \u00e0 un mode de vie plus \u00e9co-responsable.<\/p>\n\n\n\n<p class=\"has-text-color has-vivid-red-color\">A PROPOS DE MERCI RAYMOND<\/p>\n\n\n\n<p style=\"text-align:justify\" class=\"has-small-font-size\">Cr\u00e9\u00e9e en 2015, Merci Raymond est une startup fran\u00e7aise \u00e9co-responsable rassemblant jardiniers et cr\u00e9atifs d\u00e9termin\u00e9s \u00e0 redonner place au v\u00e9g\u00e9tal dans le milieu urbain en rendant les villes plus vertes et plus gourmandes et en incitant les citadins \u00e0 prendre part \u00e0 la r\u00e9volution verte. Merci Raymond m\u00e8ne des actions de v\u00e9g\u00e9talisation \u00e0 de multiples \u00e9chelles dans diff\u00e9rents lieux (espaces publics, rooftops, stores, bureaux, etc.) tant pour leur redonner du vert ou y cr\u00e9er des espaces d\u00e9di\u00e9s \u00e0 l\u2019agriculture urbaine, que pour f\u00e9d\u00e9rer le plus grand nombre et cr\u00e9er du lien social autour d\u2019une action positive : le jardinage. Parmi ses r\u00e9alisations les plus embl\u00e9matiques : la v\u00e9g\u00e9talisation des espaces de coworking Wojo, la cr\u00e9ation du 1er cube v\u00e9g\u00e9tal d\u00e9di\u00e9 \u00e0 la d\u00e9connexion naturelle \u00e0 Station F, le projet de la Green Borne \u00e0 Grigny dans l\u2019Essonne\u2026 ainsi que plusieurs projets dans le cadre d\u2019appels d\u2019offre publics, tels que R\u00e9inventer Paris 2, Parisculteurs \u00ab Houblon \u00bb saison 2, et r\u00e9cemment Parisculteurs saison 3. Merci Raymond a \u00e9galement publi\u00e9 un ouvrage aux \u00e9ditions Hachette en 2019 : \u00ab Tous acteurs de la R\u00e9volution Verte \u00bb.<\/p>\n\n\n\n<p class=\"has-text-color has-vivid-red-color\">A PROPOS D\u2019ALTAREA &#8211; FR0000033219 \u2013 ALTA<\/p>\n\n\n\n<p style=\"text-align:justify\" class=\"has-small-font-size\">Altarea est le 1er d\u00e9veloppeur immobilier de France. A la fois d\u00e9veloppeur et investisseur, le Groupe est pr\u00e9sent sur les trois principaux march\u00e9s de l\u2019immobilier (Commerce, Logement et Immobilier d\u2019entreprise) lui permettant d\u2019\u00eatre leader des grands projets mixtes de renouvellement urbain en France. Le Groupe dispose pour chacune de ses activit\u00e9s de l\u2019ensemble des savoir-faire pour concevoir, d\u00e9velopper, commercialiser et g\u00e9rer des produits immobiliers sur-mesure. En Commerce, Altarea g\u00e8re, au 30 juin 2020, un patrimoine de 5,3 milliards d\u2019euros (3,0 milliards en quote-part Groupe). Altarea est cot\u00e9 sur le compartiment A d\u2019Euronext Paris.<\/p>\n","protected":false},"excerpt":{"rendered":"<p>D\u2019abord condamn\u00e9 \u00e0 une destruction pure et simple, l\u2019ancien immeuble historique de la compagnie des AGF, devenue Allianz, a finalement fait l\u2019objet d\u2019une restructuration exemplaire men\u00e9e par Altarea et Jean-Michel Wilmotte. Ce choix fort a \u00e9t\u00e9 dict\u00e9 par Altarea qui avait l\u2019intime conviction qu\u2019il fallait faire revivre ce site pour en faire son si\u00e8ge social. [&hellip;]<\/p>\n","protected":false},"author":41,"featured_media":7289,"comment_status":"open","ping_status":"open","sticky":false,"template":"","format":"standard","meta":{"spay_email":""},"categories":[4,51,77,736],"tags":[],"jetpack_featured_media_url":"https:\/\/i2.wp.com\/batimedianews.com\/live\/wp-content\/uploads\/2020\/11\/merciraymond1.jpg?fit=1800%2C1020&ssl=1","jetpack_sharing_enabled":true,"jetpack_likes_enabled":true,"jetpack-related-posts":[{"id":8545,"url":"https:\/\/batimedianews.com\/live\/index.php\/2021\/03\/03\/nicoll-equipe-les-logements-du-projet-revelations-a-nantes-44\/","url_meta":{"origin":6509,"position":0},"title":"Nicoll \u00e9quipe les logements du projet R\u00e9v\u00e9lations \u00e0 Nantes (44)","date":"3 mars 2021","format":false,"excerpt":"Nicoll illustre depuis plus de 60 ans son expertise des solutions pour la gestion des fluides, gr\u00e2ce \u00e0 la qualit\u00e9, la fiabilit\u00e9 et la durabilit\u00e9 de ses produits et services. De l\u2019\u00e9vacuation des eaux aux r\u00e9seaux de distribution et \u00e0 la ventilation des b\u00e2timents, Nicoll prend part \u00e0 de nombreux\u2026","rel":"","context":"Dans &quot;Actualit\u00e9 Entreprises&quot;","img":{"alt_text":"","src":"https:\/\/i1.wp.com\/batimedianews.com\/live\/wp-content\/uploads\/2021\/02\/image-180.png?fit=1156%2C434&ssl=1&resize=350%2C200","width":350,"height":200},"classes":[]},{"id":33282,"url":"https:\/\/batimedianews.com\/live\/index.php\/2023\/11\/24\/renouvelables-une-douzaine-dacteurs-majeurs-de-limmobilier-accelerent-le-deploiement-des-energies-renouvelables-dans-leurs-batiments\/","url_meta":{"origin":6509,"position":1},"title":"Renouvelables une douzaine d\u2019acteurs majeurs de l\u2019immobilier acc\u00e9l\u00e8rent le d\u00e9ploiement des \u00e9nergies renouvelables dans leurs b\u00e2timents","date":"24 novembre 2023","format":false,"excerpt":"\u00a0A l\u2019occasion du Salon de l\u2019immobilier bas carbone (SIBCA), des acteurs majeurs de l'immobilier s'engagent \u00e0 d\u00e9velopper des ENR&R locales (\u00e9nergies renouvelables et de r\u00e9cup\u00e9ration) tant dans le parc existant que dans les projets \u00e0 venir. Cette action collective, \u00e0 l\u2019initiative d\u2019Equans, Contrast-e et A4MT et, dont le nombre de\u2026","rel":"","context":"Dans &quot;Actualit\u00e9 Entreprises&quot;","img":{"alt_text":"","src":"https:\/\/i0.wp.com\/batimedianews.com\/live\/wp-content\/uploads\/2023\/11\/Image-articles-1-2.jpg?fit=825%2C825&ssl=1&resize=350%2C200","width":350,"height":200},"classes":[]},{"id":32555,"url":"https:\/\/batimedianews.com\/live\/index.php\/2023\/10\/25\/ecovegetal-vegetalise-lilot-4b-du-projet-euronantes-gare-44\/","url_meta":{"origin":6509,"position":2},"title":"ECOVEGETAL v\u00e9g\u00e9talise l\u2019ilot 4B du projet Euronantes gare (44)","date":"25 octobre 2023","format":false,"excerpt":"\u00a0ECOVEGETAL (1) a utilis\u00e9 le syst\u00e8me SAXATILIS \u00ae semi intensif (2) pour v\u00e9g\u00e9taliser la toiture de 1000 m2 de l\u2019\u00eelot 4B d\u2019Euronantes.\u00a0 \u00a0SAXATILIS \u00ae est une solution de v\u00e9g\u00e9talisation de toiture semi-intensive \u00e0 faible \u00e9paisseur compos\u00e9e de sedums, de vivaces couvrantes (sedums, cerastium tomentosa, etc.) et de vivaces alpines dites\u2026","rel":"","context":"Dans &quot;Actualit\u00e9 Entreprises&quot;","img":{"alt_text":"","src":"https:\/\/i1.wp.com\/batimedianews.com\/live\/wp-content\/uploads\/2023\/10\/Ecovegetal-Image-articles-.jpg?fit=825%2C825&ssl=1&resize=350%2C200","width":350,"height":200},"classes":[]},{"id":27272,"url":"https:\/\/batimedianews.com\/live\/index.php\/2023\/03\/24\/ecovegetal-vient-de-vegetaliser-un-patio-a-lhopital-henri-mondor-de-creteil-94\/","url_meta":{"origin":6509,"position":3},"title":"ECOVEGETAL vient de v\u00e9g\u00e9taliser un patio \u00e0 l\u2019H\u00f4pital Henri Mondor de Cr\u00e9teil (94)","date":"24 mars 2023","format":false,"excerpt":"D\u2019une surface totale de 740 m2, ce patio situ\u00e9 \u00e0 l\u2019ext\u00e9rieur de l\u2019h\u00f4pital Henri Mondor, constitue une zone de repos pour les personnes qui travaillent \u00e0 l\u2019h\u00f4pital. Concr\u00e8tement plusieurs syst\u00e8mes de plantations co-existent\u00a0:\u00a0 Des plantes de type LAVANDULIS en godets pour une v\u00e9g\u00e9talisation semi-intensive, enrichies de plantes gramin\u00e9es, sont plant\u00e9es\u2026","rel":"","context":"Dans &quot;Actualit\u00e9 Entreprises&quot;","img":{"alt_text":"","src":"https:\/\/i1.wp.com\/batimedianews.com\/live\/wp-content\/uploads\/2023\/03\/Ecovegetal.jpg?fit=1080%2C1080&ssl=1&resize=350%2C200","width":350,"height":200},"classes":[]},{"id":20843,"url":"https:\/\/batimedianews.com\/live\/index.php\/2022\/06\/15\/lutte-contre-les-ilots-de-chaleur-ecovegetal-vegetalise-le-toit-de-la-capitainerie-de-sanary-sur-mer-83\/","url_meta":{"origin":6509,"position":4},"title":"Lutte contre les ilots de chaleur : ECOVEGETAL v\u00e9g\u00e9talise le toit de la Capitainerie de Sanary-sur-Mer (83)","date":"15 juin 2022","format":false,"excerpt":"Pour lutter contre les effets du r\u00e9chauffement et les ilots de chaleurs, ECOVEGETAL (1) vient de v\u00e9g\u00e9taliser, pour le compte d\u2019une entreprise de travaux publics locale, SMC BTP, la toiture de la capitainerie de Sanary-sur-Mer pour une surface totale de 195 m\u00b2.\u00a0 photos avant\/apr\u00e8s Les toitures-terrasses v\u00e9g\u00e9talis\u00e9es sont de plus\u2026","rel":"","context":"Dans &quot;Actualit\u00e9 Entreprises&quot;","img":{"alt_text":"","src":"https:\/\/i0.wp.com\/batimedianews.com\/live\/wp-content\/uploads\/2022\/06\/EcoVegetal-Article.jpg?fit=1080%2C1080&ssl=1&resize=350%2C200","width":350,"height":200},"classes":[]},{"id":10315,"url":"https:\/\/batimedianews.com\/live\/index.php\/2021\/06\/07\/la-membrane-rubbergardtm-epdm-compatible-avec-la-toiture-vegetalisee-du-siege-et-site-de-production-meama-coffee-en-georgie\/","url_meta":{"origin":6509,"position":5},"title":"LA MEMBRANE RUBBERGARD(TM) EPDM COMPATIBLE AVEC LA TOITURE V\u00c9G\u00c9TALIS\u00c9E DU SI\u00c8GE ET SITE DE PRODUCTION MEAMA COFFEE* EN G\u00c9ORGIE","date":"7 juin 2021","format":false,"excerpt":"Fond\u00e9e en 2016, la soci\u00e9t\u00e9 Meama Coffee est rapidement devenue le plus grand producteur de caf\u00e9 de G\u00e9orgie. Un succ\u00e8s qui l\u2019a amen\u00e9e \u00e0 construire un nouveau b\u00e2timent, en p\u00e9riph\u00e9rie de Tbilissi, regroupant sur un unique site, son si\u00e8ge social, son showroom et son usine. L\u2019entreprise souhaitait un programme avec\u2026","rel":"","context":"Dans &quot;Acoustique&quot;","img":{"alt_text":"","src":"https:\/\/i2.wp.com\/batimedianews.com\/live\/wp-content\/uploads\/2021\/06\/Firestone-Article.jpg?fit=512%2C512&ssl=1&resize=350%2C200","width":350,"height":200},"classes":[]}],"_links":{"self":[{"href":"https:\/\/batimedianews.com\/live\/index.php\/wp-json\/wp\/v2\/posts\/6509"}],"collection":[{"href":"https:\/\/batimedianews.com\/live\/index.php\/wp-json\/wp\/v2\/posts"}],"about":[{"href":"https:\/\/batimedianews.com\/live\/index.php\/wp-json\/wp\/v2\/types\/post"}],"author":[{"embeddable":true,"href":"https:\/\/batimedianews.com\/live\/index.php\/wp-json\/wp\/v2\/users\/41"}],"replies":[{"embeddable":true,"href":"https:\/\/batimedianews.com\/live\/index.php\/wp-json\/wp\/v2\/comments?post=6509"}],"version-history":[{"count":3,"href":"https:\/\/batimedianews.com\/live\/index.php\/wp-json\/wp\/v2\/posts\/6509\/revisions"}],"predecessor-version":[{"id":7287,"href":"https:\/\/batimedianews.com\/live\/index.php\/wp-json\/wp\/v2\/posts\/6509\/revisions\/7287"}],"wp:featuredmedia":[{"embeddable":true,"href":"https:\/\/batimedianews.com\/live\/index.php\/wp-json\/wp\/v2\/media\/7289"}],"wp:attachment":[{"href":"https:\/\/batimedianews.com\/live\/index.php\/wp-json\/wp\/v2\/media?parent=6509"}],"wp:term":[{"taxonomy":"category","embeddable":true,"href":"https:\/\/batimedianews.com\/live\/index.php\/wp-json\/wp\/v2\/categories?post=6509"},{"taxonomy":"post_tag","embeddable":true,"href":"https:\/\/batimedianews.com\/live\/index.php\/wp-json\/wp\/v2\/tags?post=6509"}],"curies":[{"name":"wp","href":"https:\/\/api.w.org\/{rel}","templated":true}]}}