{"id":7217,"date":"2020-11-26T15:00:39","date_gmt":"2020-11-26T14:00:39","guid":{"rendered":"http:\/\/batimedianews.com\/live\/?p=7217"},"modified":"2021-10-20T14:39:33","modified_gmt":"2021-10-20T12:39:33","slug":"energies-avenir-sinquiete-des-incoherences-de-la-reglementation-environnementale-pour-2020-et-de-ses-consequences-economiques","status":"publish","type":"post","link":"https:\/\/batimedianews.com\/live\/index.php\/2020\/11\/26\/energies-avenir-sinquiete-des-incoherences-de-la-reglementation-environnementale-pour-2020-et-de-ses-consequences-economiques\/","title":{"rendered":"\u00c9nergies &#038; Avenir s\u2019inqui\u00e8te des incoh\u00e9rences de la R\u00e9glementation Environnementale pour 2020 et de ses cons\u00e9quences \u00e9conomiques"},"content":{"rendered":"\n<div class=\"wp-block-image\"><figure class=\"aligncenter\"><img loading=\"lazy\" width=\"201\" height=\"113\" src=\"https:\/\/i0.wp.com\/batimedianews.com\/live\/wp-content\/uploads\/2020\/11\/logo_energie-avenir.jpg?resize=201%2C113\" alt=\"\" class=\"wp-image-7219\" srcset=\"https:\/\/i0.wp.com\/batimedianews.com\/live\/wp-content\/uploads\/2020\/11\/logo_energie-avenir.jpg?w=201&amp;ssl=1 201w, https:\/\/i0.wp.com\/batimedianews.com\/live\/wp-content\/uploads\/2020\/11\/logo_energie-avenir.jpg?resize=10%2C6&amp;ssl=1 10w\" sizes=\"(max-width: 600px) 91vw, (max-width: 900px) 600px, (max-width: 1060px) 50vw, (max-width: 1200px) 520px, (max-width: 1400px) 43vw, 600px\" data-recalc-dims=\"1\" \/><\/figure><\/div>\n\n\n\n<p style=\"text-align:justify\" class=\"has-text-color has-vivid-red-color\"><strong> Apr\u00e8s de longs mois de consultation, le gouvernement a annonc\u00e9 le 24 novembre les principales orientations de la R\u00e9glementation Environnementale pour 2020 qui r\u00e9git la construction neuve. <\/strong><\/p>\n\n\n\n<p style=\"text-align:justify\"><strong>\u00c9nergies &amp; Avenir, qui repr\u00e9sente la fili\u00e8re des professionnels du chauffage \u00e0 eau chaude, souhaite alerter les pouvoirs publics sur les incoh\u00e9rences de cette r\u00e9glementation et ses cons\u00e9quences sous-estim\u00e9es qui excluent de nombreux \u00e9quipements performants du chauffage \u00e0 eau chaude. Cette fili\u00e8re se d\u00e9marque pourtant par son engagement en faveur de la performance \u00e9nerg\u00e9tique, ses innovations, et surtout, son activit\u00e9 \u00ab Made In France \u00bb. Une cons\u00e9quence n\u00e9faste pour la relance \u00e9conomique et \u00e9cologique du pays, qui pourrait pourtant \u00eatre \u00e9vit\u00e9e. <\/strong><\/p>\n\n\n\n<p style=\"text-align:justify\">Paris, le 25 novembre 2020. Les ministres de la Transition \u00e9cologique et du Logement, Mesdames Barbara Pompili et Emmanuelle Wargon ont annonc\u00e9 les principales orientations de la R\u00e9glementation Environnement pour 2020 (RE2020) lors d\u2019une conf\u00e9rence de presse le 24 novembre. Ces annonces concluent de longs mois de consultation et suscitent une vive inqui\u00e9tude pour les professionnels de la fili\u00e8re du chauffage \u00e0 eau chaude repr\u00e9sent\u00e9s par \u00c9nergies &amp; Avenir, dont les \u00e9quipements fournissent le chauffage et\/ou l\u2019eau chaude sanitaire pour 2 logements sur 3 en France. <\/p>\n\n\n\n<h2>Au-del\u00e0 des querelles \u00e9nerg\u00e9tiques, l\u2019exclusion de nombreux \u00e9quipements de chauffage fondamentaux pour la relance \u00e9conomique et \u00e9cologique du pays <\/h2>\n\n\n\n<p style=\"text-align:justify\">Une des principales annonces concerne l\u2019exclusion, \u00e0 tr\u00e8s court terme, du gaz dans la construction neuve de logements individuels. \u00c9nergies &amp; Avenir regrette cette d\u00e9cision abrupte car elle prive ces logements d\u2019\u00e9quipements de la boucle \u00e0 eau chaude ultra-performants fonctionnant au gaz qui permet d\u2019ores et d\u00e9j\u00e0 d\u2019int\u00e9grer la chaleur renouvelable et qui est appel\u00e9 \u00e0 se verdir dans les prochaines ann\u00e9es. L\u2019association souligne par ailleurs que la fili\u00e8re s\u2019est engag\u00e9e de longue date dans la recherche et le d\u00e9veloppement d\u2019\u00e9quipements fonctionnant au biogaz, \u00e0 l\u2019hydrog\u00e8ne et plus largement au gaz \u00ab vert \u00bb. La cons\u00e9quence de cette exclusion est aussi \u00e9conomique et pas des moindres car pr\u00e8s de 100% de ces \u00e9quipements sont fabriqu\u00e9s en France. <\/p>\n\n\n\n<blockquote class=\"wp-block-quote\"><p>A ce titre, Philippe M\u00e9on, Pr\u00e9sident d\u2019\u00c9nergies &amp; Avenir rappelle : \u00ab La fili\u00e8re du chauffage \u00e0 eau chaude est non seulement engag\u00e9e pour l\u2019efficacit\u00e9 \u00e9nerg\u00e9tique mais est aussi un pilier de la relance \u00e9conomique fran\u00e7aise. C\u2019est une fili\u00e8re qui repr\u00e9sente plus de 300 000 emplois non d\u00e9localisables et repose sur un r\u00e9seau de plus de 80 usines dont plusieurs tourn\u00e9es vers l\u2019export. \u00bb. <\/p><\/blockquote>\n\n\n\n<h2>Des orientations incoh\u00e9rentes pour la d\u00e9carbonation du b\u00e2timent <\/h2>\n\n\n\n<p style=\"text-align:justify\">\u00c9nergies &amp; Avenir repr\u00e9sente des \u00e9quipements toutes \u00e9nergies et a toujours milit\u00e9 pour la performance \u00e9nerg\u00e9tique des b\u00e2timents. L\u2019association est donc en phase avec les objectifs de neutralit\u00e9 carbone pour 2050 mais ne comprend pas les orientations choisies par le gouvernement pour y parvenir. <\/p>\n\n\n\n<blockquote class=\"wp-block-quote\"><p>\u00ab La premi\u00e8re \u00e9tape fondamentale \u00e9tait de conserver un coefficient de conversion de l\u2019\u00e9lectricit\u00e9 (Pef) et un contenu carbone du chauffage \u00e9lectrique repr\u00e9sentatifs du mix \u00e9lectrique &#8211; plut\u00f4t que des valeurs sp\u00e9cul\u00e9es et sous-estim\u00e9es &#8211; qui permettent de valoriser les \u00e9quipements les plus performants et d\u2019\u00e9carter d\u2019office l\u2019effet Joule qui est irr\u00e9versible. \u00bb souligne Philippe M\u00e9on. <\/p><\/blockquote>\n\n\n\n<p style=\"text-align:justify\">En effet, l\u2019association a toujours alert\u00e9 les pouvoirs publics sur les risques induits par ces choix infond\u00e9s, notamment sur le risque de massification de l\u2019effet Joule. L\u2019association constate  aujourd\u2019hui que le gouvernement affirme vouloir limiter les convecteurs \u00e9lectriques, mais s\u2019\u00e9tonne qu\u2019aucun seuil de consommation d\u2019\u00e9nergie primaire qui permettrait de concr\u00e9tiser sa promesse ne soit d\u00e9voil\u00e9. Les doutes subsistent sur l\u2019accroissement des consommations d\u2019\u00e9lectricit\u00e9 non renouvelable et le d\u00e9veloppement de la pointe \u00e9lectrique. L\u2019association demande donc quels sont pr\u00e9cis\u00e9ment les garde-fous mis en place pour contrer l\u2019effet Joule dans le b\u00e2timent neuf. <\/p>\n\n\n\n<p style=\"text-align:justify\"> Enfin, si la priorit\u00e9 est v\u00e9ritablement la r\u00e9duction du carbone, l\u2019association se demande pourquoi la phase de construction qui, pour un b\u00e2timent neuf performant repr\u00e9sente entre 60 % et 90 % de son impact carbone total, ne sera pas contrainte d\u00e8s 2021. <\/p>\n\n\n\n<h2>\n\nLes propositions de l\u2019association pour rectifier ces orientations\n\n<\/h2>\n\n\n\n<p style=\"text-align:justify\"> \u00c9nergies &amp; Avenir a toujours agi et \u0153uvr\u00e9 en partenaire des pouvoirs publics pour des l\u00e9gislations et des r\u00e9glementations en faveur de la performance \u00e9nerg\u00e9tique des b\u00e2timents et de l\u2019atteinte des objectifs de d\u00e9veloppement durable et de neutralit\u00e9 carbone. L\u2019association propose donc plusieurs alternatives pour faire de la RE2020 un acc\u00e9l\u00e9rateur de la performance \u00e9nerg\u00e9tique et de la d\u00e9carbonation du b\u00e2timent : <\/p>\n\n\n\n<ul><li> Un Pef et un contenu carbone du chauffage \u00e9lectrique repr\u00e9sentatifs du mix \u00e9lectrique (par exemple r\u00e9\u00e9valu\u00e9s tous les 5 ans selon le mix \u00e9lectrique \u00e0 n-1) ; <\/li><li> Le soutien des pouvoirs publics aux solutions hybrides gaz \/ \u00e9lectricit\u00e9 qui permettent de respecter les performances \u00e9nerg\u00e9tique et climatique pour offrir une alternative au tout \u00e9lectrique ; <\/li><li> Une meilleure prise en compte des \u00e9quipements permettant le d\u00e9veloppement de la chaleur renouvelable, notamment ceux fonctionnant aux gaz renouvelables. <\/li><\/ul>\n\n\n\n<p style=\"text-align:justify\">\n\nEnfin, pour une concertation efficace et qui prenne en compte les contributions de chacun, les\nprofessionnels d\u2019\u00c9nergies &amp; Avenir rappellent qu\u2019ils demandent depuis plusieurs mois, sans\nsucc\u00e8s, l\u2019acc\u00e8s au moteur de calcul de la RE2020.\n\n<\/p>\n","protected":false},"excerpt":{"rendered":"<p>Apr\u00e8s de longs mois de consultation, le gouvernement a annonc\u00e9 le 24 novembre les principales orientations de la R\u00e9glementation Environnementale pour 2020 qui r\u00e9git la construction neuve. \u00c9nergies &amp; Avenir, qui repr\u00e9sente la fili\u00e8re des professionnels du chauffage \u00e0 eau chaude, souhaite alerter les pouvoirs publics sur les incoh\u00e9rences de cette r\u00e9glementation et ses cons\u00e9quences [&hellip;]<\/p>\n","protected":false},"author":1,"featured_media":0,"comment_status":"open","ping_status":"open","sticky":false,"template":"","format":"standard","meta":{"spay_email":""},"categories":[4,708],"tags":[],"jetpack_featured_media_url":"","jetpack_sharing_enabled":true,"jetpack_likes_enabled":true,"jetpack-related-posts":[{"id":10235,"url":"https:\/\/batimedianews.com\/live\/index.php\/2021\/06\/04\/contribution-de-lassociation-energies-et-avenir-aux-travaux-du-plan-batiment-durable-sur-les-labels-de-la-re2020\/","url_meta":{"origin":7217,"position":0},"title":"Contribution de l\u2019association \u00c9nergies et Avenir aux travaux du Plan B\u00e2timent Durable sur les labels de la RE2020","date":"4 juin 2021","format":false,"excerpt":"\u00c9nergies & Avenir est l\u2019association de la fili\u00e8re des professionnels du chauffage \u00e0 eau chaude. Elle regroupe l'ensemble des professions de la fili\u00e8re du chauffage \u00e0 eau chaude - fournisseurs d'\u00e9nergies, organisations professionnelles du b\u00e2timent, de l'exploitation maintenance et entretien, fabricants et distributeurs d'\u00e9quipement - tous convaincus de la n\u00e9cessit\u00e9\u2026","rel":"","context":"Dans &quot;Actualit\u00e9 Entreprises&quot;","img":{"alt_text":"","src":"https:\/\/i0.wp.com\/batimedianews.com\/live\/wp-content\/uploads\/2021\/06\/\u00e9nergies-avenir-Article-1.jpg?fit=512%2C512&ssl=1&resize=350%2C200","width":350,"height":200},"classes":[]},{"id":17555,"url":"https:\/\/batimedianews.com\/live\/index.php\/2022\/03\/18\/lassociation-energies-avenir-sagrandit-et-accueille-le-syndicat-cochebat-parmi-ses-membres\/","url_meta":{"origin":7217,"position":1},"title":"L\u2019association\u2002Energies &#038; amp; Avenir s\u2019agrandit et accueille le syndicat Cochebat parmi ses membres.","date":"18 mars 2022","format":false,"excerpt":"\u00a0En 2022, \u00c9nergies & Avenir, l\u2019association des professionnels engag\u00e9s pour le d\u00e9veloppement du chauffage durable regroupant les m\u00e9tiers de la fili\u00e8re du chauffage \u00e0 eau chaude, int\u00e8gre parmi ses membres Cochebat, syndicat national des fabricants de composants et de syst\u00e8mes int\u00e9gr\u00e9s de chauffage, rafra\u00eechissement et sanitaires.\u00a0 \u00c0 travers l\u2019adh\u00e9sion du\u2026","rel":"","context":"Dans &quot;Actualit\u00e9 Entreprises&quot;","img":{"alt_text":"","src":"https:\/\/i0.wp.com\/batimedianews.com\/live\/wp-content\/uploads\/2022\/03\/energiesavenir-Article.jpg?fit=512%2C512&ssl=1&resize=350%2C200","width":350,"height":200},"classes":[]},{"id":7207,"url":"https:\/\/batimedianews.com\/live\/index.php\/2020\/11\/26\/re-2020-eco-construire-pour-le-confort-de-tous-ministere-de-la-transition-ecologique\/","url_meta":{"origin":7217,"position":2},"title":"RE 2020 \u00c9co-construire pour le confort de tous &#8211; Minist\u00e8re de la transition \u00e9cologique","date":"26 novembre 2020","format":false,"excerpt":"Les b\u00e2timents, du fait de leurs consommations d\u2019\u00e9nergie mais aussi de la fa\u00e7on dont nous les construisons, repr\u00e9sentent une part cons\u00e9quente des \u00e9missions de gaz \u00e0 effet de serre en France. Gr\u00e2ce \u00e0 la r\u00e9glementation environnementale 2020 nous acc\u00e9l\u00e9rons la d\u00e9carbonation de ce secteur en agissant sur la phase de\u2026","rel":"","context":"Dans &quot;Actualit\u00e9 Entreprises&quot;","img":{"alt_text":"","src":"https:\/\/i0.wp.com\/batimedianews.com\/live\/wp-content\/uploads\/2020\/11\/min2.jpg?fit=1087%2C1087&ssl=1&resize=350%2C200","width":350,"height":200},"classes":[]},{"id":19484,"url":"https:\/\/batimedianews.com\/live\/index.php\/2022\/05\/02\/renouvellement-du-parc-des-equipements-de-chauffage-dans-les-logements-une-necessite-face-a-la-hausse-du-prix-des-energies-aux-enjeux-environnementaux\/","url_meta":{"origin":7217,"position":3},"title":"Renouvellement du parc des \u00e9quipements de chauffage dans les logements : une n\u00e9cessit\u00e9 face \u00e0 la hausse du prix des \u00e9nergies aux enjeux environnementaux","date":"2 mai 2022","format":false,"excerpt":"Depuis d\u00e9cembre 2021, les tarifs du fioul domestique ont augment\u00e9 de pr\u00e8s de 50%, les prix de march\u00e9 du gaz de 70% et de l'\u00e9lectricit\u00e9, de 35%. Ces hausses massives, qui semblent amen\u00e9es \u00e0 se poursuivre, impactent fortement le pouvoir d'achat des m\u00e9nages fran\u00e7ais. Un pouvoir d'achat pris en \u00e9tau\u2026","rel":"","context":"Dans &quot;Chauffage&quot;","img":{"alt_text":"","src":"https:\/\/i2.wp.com\/batimedianews.com\/live\/wp-content\/uploads\/2022\/04\/Groupe-Muller-article.jpg?fit=1080%2C1080&ssl=1&resize=350%2C200","width":350,"height":200},"classes":[]},{"id":18970,"url":"https:\/\/batimedianews.com\/live\/index.php\/2022\/04\/12\/un-marche-en-croissance-pour-les-composants-et-systemes-integres-de-chauffage-rafraichissement-et-sanitaires\/","url_meta":{"origin":7217,"position":4},"title":"Un march\u00e9 en croissance pour les composants et syst\u00e8mes int\u00e9gr\u00e9s de chauffage , rafraichissement et sanitaires","date":"12 avril 2022","format":false,"excerpt":"En 2021 l\u2019impact de la crise sanitaire sur l\u2019activit\u00e9 \u00e9conomique, notamment dans le secteur du b\u00e2timent, a \u00e9t\u00e9 bien moindre qu\u2019en 2020. \u00ab Les march\u00e9s du neuf et de la r\u00e9novation se sont particuli\u00e8rement bien tenus. Au-del\u00e0 des bons chiffres du march\u00e9 et d\u2019un impact faible sur nos activit\u00e9s de\u2026","rel":"","context":"Dans &quot;Chauffage&quot;","img":{"alt_text":"","src":"https:\/\/i1.wp.com\/batimedianews.com\/live\/wp-content\/uploads\/2022\/04\/Cochebat-Article.jpg?fit=512%2C512&ssl=1&resize=350%2C200","width":350,"height":200},"classes":[]},{"id":10465,"url":"https:\/\/batimedianews.com\/live\/index.php\/2021\/06\/25\/consultation-parlementaire-le-sfcb-au-coeur-des-discussions-politiques-pour-la-promotion-de-la-biomasse\/","url_meta":{"origin":7217,"position":5},"title":"CONSULTATION PARLEMENTAIRE Le SFCB au coeur des discussions politiques pour la promotion de la biomasse","date":"25 juin 2021","format":false,"excerpt":"Alors que le gouvernement a r\u00e9cemment pr\u00e9sent\u00e9 son plan d\u2019action pour un chauffage performant et \u00e9cologique, les repr\u00e9sentants politiques prennent conscience des nombreux atouts du bois \u00e9nergie pour se chauffer. Ce combustible, premi\u00e8re source d\u2019\u00e9nergie renouvelable de France, est au coeur de toutes les discussions politiques et des enjeux r\u00e9glementaires\u2026","rel":"","context":"Dans &quot;Bois&quot;","img":{"alt_text":"","src":"https:\/\/i1.wp.com\/batimedianews.com\/live\/wp-content\/uploads\/2021\/06\/SFCB-Article.jpg?fit=512%2C512&ssl=1&resize=350%2C200","width":350,"height":200},"classes":[]}],"_links":{"self":[{"href":"https:\/\/batimedianews.com\/live\/index.php\/wp-json\/wp\/v2\/posts\/7217"}],"collection":[{"href":"https:\/\/batimedianews.com\/live\/index.php\/wp-json\/wp\/v2\/posts"}],"about":[{"href":"https:\/\/batimedianews.com\/live\/index.php\/wp-json\/wp\/v2\/types\/post"}],"author":[{"embeddable":true,"href":"https:\/\/batimedianews.com\/live\/index.php\/wp-json\/wp\/v2\/users\/1"}],"replies":[{"embeddable":true,"href":"https:\/\/batimedianews.com\/live\/index.php\/wp-json\/wp\/v2\/comments?post=7217"}],"version-history":[{"count":1,"href":"https:\/\/batimedianews.com\/live\/index.php\/wp-json\/wp\/v2\/posts\/7217\/revisions"}],"predecessor-version":[{"id":7224,"href":"https:\/\/batimedianews.com\/live\/index.php\/wp-json\/wp\/v2\/posts\/7217\/revisions\/7224"}],"wp:attachment":[{"href":"https:\/\/batimedianews.com\/live\/index.php\/wp-json\/wp\/v2\/media?parent=7217"}],"wp:term":[{"taxonomy":"category","embeddable":true,"href":"https:\/\/batimedianews.com\/live\/index.php\/wp-json\/wp\/v2\/categories?post=7217"},{"taxonomy":"post_tag","embeddable":true,"href":"https:\/\/batimedianews.com\/live\/index.php\/wp-json\/wp\/v2\/tags?post=7217"}],"curies":[{"name":"wp","href":"https:\/\/api.w.org\/{rel}","templated":true}]}}