{"id":7228,"date":"2020-11-26T15:18:15","date_gmt":"2020-11-26T14:18:15","guid":{"rendered":"http:\/\/batimedianews.com\/live\/?p=7228"},"modified":"2021-10-20T14:39:22","modified_gmt":"2021-10-20T12:39:22","slug":"re2020-reaction-de-lassociation-francaise-du-gaz","status":"publish","type":"post","link":"https:\/\/batimedianews.com\/live\/index.php\/2020\/11\/26\/re2020-reaction-de-lassociation-francaise-du-gaz\/","title":{"rendered":"RE2020 : r\u00e9action de l&rsquo;Association Fran\u00e7aise du Gaz"},"content":{"rendered":"\n<p> L&rsquo;ensemble de l&rsquo;industrie gazi\u00e8re, au travers de l&rsquo;Association Fran\u00e7aise du Gaz, revient sur les annonces gouvernementales de ce matin \u00e0 l&rsquo;occasion de la conf\u00e9rence de presse du Minist\u00e8re\u00a0de la transition \u00e9cologique concernant la\u00a0<strong>RE2020<\/strong>. <\/p>\n\n\n\n<blockquote class=\"wp-block-quote\"><p> Patrick Corbin, Pr\u00e9sident de l&rsquo;AFG, commente :\u00a0<em>\u00ab\u00a0<strong>Nous sommes d\u00e9\u00e7us de l&rsquo;intention politique exprim\u00e9e ce matin<\/strong>\u00a0: la\u00a0RE2020\u00a0pr\u00e9voit la sortie du gaz dans le logement neuf ; d\u00e8s l&rsquo;entr\u00e9e en vigueur des\u00a0d\u00e9crets en 2021 pour les maisons individuelles et \u00e0 partir de 2024 pour les logements collectifs.\u00a0<strong>Alors que le r\u00e9seau de gaz naturel sera de plus en plus renouvelable \u00e0 horizon 2050<\/strong>, le gouvernement fait fi des gaz renouvelables pour les logements neufs.\u00a0M\u00eame si l&rsquo;on se f\u00e9licite de la volont\u00e9 de mettre fin au chauffage \u00e9lectrique par effet joule, nous attendons des pr\u00e9cisions quant aux crit\u00e8res permettant de l&rsquo;exclure. Enfin,\u00a0<strong>le d\u00e9bat concernant la pointe \u00e9lectrique reste central\u00a0et devra \u00eatre abord\u00e9<\/strong>. En effet, bien que ces logements gagneront en efficacit\u00e9 \u00e9nerg\u00e9tique, ils augmenteront la charge de la pointe, passant de 200 000 \u00e0 400 000 nouveaux logements \u00e0 l&rsquo;\u00e9lectricit\u00e9 chaque ann\u00e9e.\u00a0\u00bb<\/em><\/p><\/blockquote>\n","protected":false},"excerpt":{"rendered":"<p>L&rsquo;ensemble de l&rsquo;industrie gazi\u00e8re, au travers de l&rsquo;Association Fran\u00e7aise du Gaz, revient sur les annonces gouvernementales de ce matin \u00e0 l&rsquo;occasion de la conf\u00e9rence de presse du Minist\u00e8re\u00a0de la transition \u00e9cologique concernant la\u00a0RE2020. Patrick Corbin, Pr\u00e9sident de l&rsquo;AFG, commente :\u00a0\u00ab\u00a0Nous sommes d\u00e9\u00e7us de l&rsquo;intention politique exprim\u00e9e ce matin\u00a0: la\u00a0RE2020\u00a0pr\u00e9voit la sortie du gaz dans le [&hellip;]<\/p>\n","protected":false},"author":1,"featured_media":0,"comment_status":"open","ping_status":"open","sticky":false,"template":"","format":"standard","meta":{"spay_email":""},"categories":[4,708],"tags":[],"jetpack_featured_media_url":"","jetpack_sharing_enabled":true,"jetpack_likes_enabled":true,"jetpack-related-posts":[{"id":12627,"url":"https:\/\/batimedianews.com\/live\/index.php\/2021\/10\/08\/coenove-saisit-le-conseil-detat-sur-la-re2020-pour-redonner-au-gaz-vert-sa-place-dans-la-construction-neuve\/","url_meta":{"origin":7228,"position":0},"title":"Co\u00e9nove saisit le Conseil d\u2019Etat sur la RE2020 pour redonner au gaz vert sa place dans la construction neuve","date":"8 octobre 2021","format":false,"excerpt":"\u00a0La nouvelle r\u00e9glementation environnementale (RE2020) vise \u00e0 rendre les b\u00e2timents neufs plus respectueux de l\u2019environnement. Elle poursuit trois objectifs principaux : donner la priorit\u00e9 \u00e0 la sobri\u00e9t\u00e9 \u00e9nerg\u00e9tique et \u00e0 la d\u00e9carbonation de l\u2019\u00e9nergie, diminuer l\u2019impact carbone de la construction des b\u00e2timents et enfin garantir le confort en cas de\u2026","rel":"","context":"Dans &quot;Actualit\u00e9 Entreprises&quot;","img":{"alt_text":"","src":"https:\/\/i1.wp.com\/batimedianews.com\/live\/wp-content\/uploads\/2021\/10\/Coenove-Article.jpg?fit=512%2C512&ssl=1&resize=350%2C200","width":350,"height":200},"classes":[]},{"id":25521,"url":"https:\/\/batimedianews.com\/live\/index.php\/2023\/01\/31\/nouveau-partenariat-entre-lumgccp-et-grdf-equipements-gaz-et-gaz-verts-le-duo-gagnant-pour-decarboner-le-secteur-du-logement\/","url_meta":{"origin":7228,"position":1},"title":"Nouveau partenariat entre l\u2019UMGCCP et GRDF : \u00e9quipements gaz et gaz verts, le duo gagnant pour d\u00e9carboner le secteur du logement","date":"31 janvier 2023","format":false,"excerpt":"Pascal Housset, pr\u00e9sident de l\u2019union des m\u00e9tiers du g\u00e9nie climatique, de la couverture et de la plomberie (UMGCCP) et Laurence Poirier-Dietz, directrice g\u00e9n\u00e9rale de GRDF, renouvellent leur engagement visant \u00e0 promouvoir l\u2019usage du gaz et des gaz verts dans les logements, en construction neuve comme en r\u00e9novation. L\u2019UMGCCP, Union M\u00e9tiers\u2026","rel":"","context":"Dans &quot;Actualit\u00e9 Entreprises&quot;","img":{"alt_text":"","src":"https:\/\/i0.wp.com\/batimedianews.com\/live\/wp-content\/uploads\/2023\/01\/GRDF-Article.jpg?fit=1080%2C1080&ssl=1&resize=350%2C200","width":350,"height":200},"classes":[]},{"id":7217,"url":"https:\/\/batimedianews.com\/live\/index.php\/2020\/11\/26\/energies-avenir-sinquiete-des-incoherences-de-la-reglementation-environnementale-pour-2020-et-de-ses-consequences-economiques\/","url_meta":{"origin":7228,"position":2},"title":"\u00c9nergies &#038; Avenir s\u2019inqui\u00e8te des incoh\u00e9rences de la R\u00e9glementation Environnementale pour 2020 et de ses cons\u00e9quences \u00e9conomiques","date":"26 novembre 2020","format":false,"excerpt":"Apr\u00e8s de longs mois de consultation, le gouvernement a annonc\u00e9 le 24 novembre les principales orientations de la R\u00e9glementation Environnementale pour 2020 qui r\u00e9git la construction neuve. \u00c9nergies & Avenir, qui repr\u00e9sente la fili\u00e8re des professionnels du chauffage \u00e0 eau chaude, souhaite alerter les pouvoirs publics sur les incoh\u00e9rences de\u2026","rel":"","context":"Dans &quot;Actualit\u00e9 Entreprises&quot;","img":{"alt_text":"","src":"","width":0,"height":0},"classes":[]},{"id":14257,"url":"https:\/\/batimedianews.com\/live\/index.php\/2021\/12\/07\/maisons-individuelles-les-solutions-gaz-font-le-pari-de-lhybridation\/","url_meta":{"origin":7228,"position":3},"title":"maisons individuelles: les solutions gaz font le pari de l&rsquo;hybridation","date":"7 d\u00e9cembre 2021","format":false,"excerpt":"Combiner les atouts du gaz et de l'\u00e9lectricit\u00e9, une solution pertinente pour d\u00e9carbonater le logement La nouvelle r\u00e9glementation environnementale des b\u00e2timents neufs, la RE2020, entrera en vigueur au 1er janvier 2022. Modernes et performantes, les solutions hybrides fonctionnant avec du gaz r\u00e9pondent aux exigences de cette r\u00e8glementation qui a \u00e9t\u00e9\u2026","rel":"","context":"Dans &quot;Actualit\u00e9 Entreprises&quot;","img":{"alt_text":"","src":"https:\/\/i1.wp.com\/batimedianews.com\/live\/wp-content\/uploads\/2021\/12\/GRDF-Article.jpg?fit=512%2C512&ssl=1&resize=350%2C200","width":350,"height":200},"classes":[]},{"id":10389,"url":"https:\/\/batimedianews.com\/live\/index.php\/2021\/06\/11\/5eme-periode-des-cee-double-peine-pour-les-consommateurs\/","url_meta":{"origin":7228,"position":4},"title":"5\u00e8me p\u00e9riode des CEE : Double peine pour les consommateurs","date":"11 juin 2021","format":false,"excerpt":"1er outil financier au service de la r\u00e9novation \u00e9nerg\u00e9tique, les certificats d\u2019\u00e9conomie d\u2019\u00e9nergie entreront dans leur 5\u00e8me p\u00e9riode au 1er janvier 2022. Alors que les textes r\u00e9glementaires viennent d\u2019\u00eatre publi\u00e9s et dressent les lignes directrices des 4 ann\u00e9es \u00e0 venir, Co\u00e9nove d\u00e9nonce des arbitrages qui p\u00e9nalisent \u00e0 nouveau durement l\u2019\u00e9nergie\u2026","rel":"","context":"Dans &quot;Actualit\u00e9 Entreprises&quot;","img":{"alt_text":"","src":"https:\/\/i0.wp.com\/batimedianews.com\/live\/wp-content\/uploads\/2021\/06\/Co\u00e9nove-Article.jpg?fit=512%2C512&ssl=1&resize=350%2C200","width":350,"height":200},"classes":[]},{"id":38931,"url":"https:\/\/batimedianews.com\/live\/index.php\/2024\/07\/15\/premiere-en-france-chaufferie-hybride-gaz-en-logements-collectifs\/","url_meta":{"origin":7228,"position":5},"title":"Premi\u00e8re en France : chaufferie hybride gaz en logements collectifs","date":"15 juillet 2024","format":false,"excerpt":"\u00a0Le 18 juin \u00e0 Miramas (Bouches-du-Rh\u00f4ne), Cogedim a inaugur\u00e9 la r\u00e9sidence de 88 logements collectifs \u00e9quip\u00e9e d\u2019une chaufferie hybride. Cette solution innovante, mise en \u0153uvre pour la premi\u00e8re fois dans le logement collectif neuf, associe deux pompes \u00e0 chaleur \u00e9lectriques (PAC) et deux chaudi\u00e8res gaz \u00e0 tr\u00e8s haute performance \u00e9nerg\u00e9tique\u2026","rel":"","context":"Dans &quot;Actualit\u00e9 Entreprises&quot;","img":{"alt_text":"","src":"https:\/\/i2.wp.com\/batimedianews.com\/live\/wp-content\/uploads\/2024\/07\/GRDF-articles-.jpg?fit=825%2C825&ssl=1&resize=350%2C200","width":350,"height":200},"classes":[]}],"_links":{"self":[{"href":"https:\/\/batimedianews.com\/live\/index.php\/wp-json\/wp\/v2\/posts\/7228"}],"collection":[{"href":"https:\/\/batimedianews.com\/live\/index.php\/wp-json\/wp\/v2\/posts"}],"about":[{"href":"https:\/\/batimedianews.com\/live\/index.php\/wp-json\/wp\/v2\/types\/post"}],"author":[{"embeddable":true,"href":"https:\/\/batimedianews.com\/live\/index.php\/wp-json\/wp\/v2\/users\/1"}],"replies":[{"embeddable":true,"href":"https:\/\/batimedianews.com\/live\/index.php\/wp-json\/wp\/v2\/comments?post=7228"}],"version-history":[{"count":1,"href":"https:\/\/batimedianews.com\/live\/index.php\/wp-json\/wp\/v2\/posts\/7228\/revisions"}],"predecessor-version":[{"id":7229,"href":"https:\/\/batimedianews.com\/live\/index.php\/wp-json\/wp\/v2\/posts\/7228\/revisions\/7229"}],"wp:attachment":[{"href":"https:\/\/batimedianews.com\/live\/index.php\/wp-json\/wp\/v2\/media?parent=7228"}],"wp:term":[{"taxonomy":"category","embeddable":true,"href":"https:\/\/batimedianews.com\/live\/index.php\/wp-json\/wp\/v2\/categories?post=7228"},{"taxonomy":"post_tag","embeddable":true,"href":"https:\/\/batimedianews.com\/live\/index.php\/wp-json\/wp\/v2\/tags?post=7228"}],"curies":[{"name":"wp","href":"https:\/\/api.w.org\/{rel}","templated":true}]}}