{"id":7534,"date":"2020-12-30T17:30:39","date_gmt":"2020-12-30T16:30:39","guid":{"rendered":"http:\/\/batimedianews.com\/live\/?p=7534"},"modified":"2021-10-20T14:40:47","modified_gmt":"2021-10-20T12:40:47","slug":"re2020-se-donner-lambition-du-succes-suppose-un-changement-de-methode","status":"publish","type":"post","link":"https:\/\/batimedianews.com\/live\/index.php\/2020\/12\/30\/re2020-se-donner-lambition-du-succes-suppose-un-changement-de-methode\/","title":{"rendered":"RE2020 : se donner l\u2019ambition du succ\u00e8s suppose un changement de m\u00e9thode"},"content":{"rendered":"\n<figure class=\"wp-block-image\"><img loading=\"lazy\" width=\"720\" height=\"191\" src=\"https:\/\/i2.wp.com\/batimedianews.com\/live\/wp-content\/uploads\/2020\/12\/image-161.png?resize=720%2C191\" alt=\"\" class=\"wp-image-7535\" srcset=\"https:\/\/i2.wp.com\/batimedianews.com\/live\/wp-content\/uploads\/2020\/12\/image-161.png?resize=1024%2C271&amp;ssl=1 1024w, https:\/\/i2.wp.com\/batimedianews.com\/live\/wp-content\/uploads\/2020\/12\/image-161.png?resize=300%2C79&amp;ssl=1 300w, https:\/\/i2.wp.com\/batimedianews.com\/live\/wp-content\/uploads\/2020\/12\/image-161.png?resize=768%2C203&amp;ssl=1 768w, https:\/\/i2.wp.com\/batimedianews.com\/live\/wp-content\/uploads\/2020\/12\/image-161.png?resize=10%2C3&amp;ssl=1 10w, https:\/\/i2.wp.com\/batimedianews.com\/live\/wp-content\/uploads\/2020\/12\/image-161.png?resize=432%2C114&amp;ssl=1 432w, https:\/\/i2.wp.com\/batimedianews.com\/live\/wp-content\/uploads\/2020\/12\/image-161.png?resize=396%2C105&amp;ssl=1 396w, https:\/\/i2.wp.com\/batimedianews.com\/live\/wp-content\/uploads\/2020\/12\/image-161.png?resize=1120%2C296&amp;ssl=1 1120w, https:\/\/i2.wp.com\/batimedianews.com\/live\/wp-content\/uploads\/2020\/12\/image-161.png?resize=660%2C175&amp;ssl=1 660w, https:\/\/i2.wp.com\/batimedianews.com\/live\/wp-content\/uploads\/2020\/12\/image-161.png?resize=710%2C188&amp;ssl=1 710w, https:\/\/i2.wp.com\/batimedianews.com\/live\/wp-content\/uploads\/2020\/12\/image-161.png?w=1852&amp;ssl=1 1852w, https:\/\/i2.wp.com\/batimedianews.com\/live\/wp-content\/uploads\/2020\/12\/image-161.png?w=1440 1440w\" sizes=\"(max-width: 600px) 91vw, (max-width: 900px) 600px, (max-width: 1060px) 50vw, (max-width: 1200px) 520px, (max-width: 1400px) 43vw, 600px\" data-recalc-dims=\"1\" \/><\/figure>\n\n\n\n<p style=\"text-align:justify\"><strong>Face aux risques li\u00e9s au r\u00e9chauffement climatique, la r\u00e9duction des \u00e9missions de gaz \u00e0 effet de serre et de la consommation d\u2019\u00e9nergie des b\u00e2timents s\u2019av\u00e8re indispensable. La nouvelle r\u00e9glementation environnementale sur la construction neuve s\u2019inscrit dans cette exigence et la fili\u00e8re de la construction, fortement impliqu\u00e9e d\u00e8s les pr\u00e9mices avec l\u2019exp\u00e9rimentation E+C- et moteur de l\u2019innovation dans le secteur, reste clairement attach\u00e9e \u00e0 ces objectifs. Tout comme elle reste attach\u00e9e \u00e0 la production d\u2019une offre de b\u00e2timents abordables et accessibles \u00e0 tous, adapt\u00e9e aux besoins des territoires et aux usages des occupants.&nbsp;<\/strong><\/p>\n\n\n\n<p style=\"text-align:justify\"><strong>L&rsquo;USH, la FPI, le P\u00f4le Habitat FFB, la FFB, la CAPEB, l\u2019UNSFA, la F\u00e9d\u00e9ration CINOV et l\u2019AIMCC s\u2019inqui\u00e8tent cependant des impacts du projet de la nouvelle r\u00e9glementation environnementale (RE2020) propos\u00e9 par le gouvernement. Elles estiment que ce projet fait courir un risque d\u2019aggravation de la chute de la construction neuve d\u00e8s 2021 et que des ajustements importants doivent \u00eatre apport\u00e9s pour garantir une trajectoire soutenable vers la neutralit\u00e9 carbone \u00e0 l\u2019horizon 2050.&nbsp;<\/strong><\/p>\n\n\n\n<p style=\"text-align:justify\">&nbsp;Les projets de texte, d\u00e9j\u00e0 notifi\u00e9s aupr\u00e8s de la Commission europ\u00e9enne, ont \u00e9t\u00e9 pr\u00e9sent\u00e9s jeudi 17 d\u00e9cembre au Conseil Sup\u00e9rieur de la Construction et de l\u2019Efficacit\u00e9 Energ\u00e9tique (CSCEE), qui a aussi d\u00e9couvert \u00e0 cette occasion l\u2019\u00e9tude d\u2019impact associ\u00e9e.&nbsp;<\/p>\n\n\n\n<p style=\"text-align:justify\">Pour les signataires, si l\u2019ambition d\u2019acc\u00e9l\u00e9rer la r\u00e9duction des \u00e9missions de gaz \u00e0 effet de serre fait consensus, la m\u00e9thode retenue unilat\u00e9ralement suscite de nombreuses interrogations et inqui\u00e9tudes.&nbsp;<\/p>\n\n\n\n<p style=\"text-align:justify\">Il en est de m\u00eame s\u2019agissant de la m\u00e9thode de calcul du confort d\u2019\u00e9t\u00e9 qui n\u2019a jamais \u00e9t\u00e9 test\u00e9e et du fort renforcement des seuils de calcul conventionnel de besoin bioclimatique et de consommation \u00e9nerg\u00e9tique.&nbsp;<\/p>\n\n\n\n<p style=\"text-align:justify\">Les signataires estiment que les documents pr\u00e9sent\u00e9s par le gouvernement n\u2019apportent pas les \u00e9l\u00e9ments d\u2019objectivation n\u00e9cessaires \u00e0 l\u2019\u00e9valuation de la soutenabilit\u00e9 des performances annonc\u00e9es, notamment sur le volet de la ma\u00eetrise des co\u00fbts et des impacts sur les fili\u00e8res constructives et industrielles. D\u2019autant plus qu\u2019une r\u00e9elle pr\u00e9sentation de l\u2019impact \u00e9conomique et social global tant \u00e0 la mise en oeuvre qu\u2019au cours de la dur\u00e9e de vie du b\u00e2timent et de ses \u00e9quipements fait toujours d\u00e9faut.&nbsp;<\/p>\n\n\n\n<p style=\"text-align:justify\">Pour l\u2019ensemble des acteurs, la r\u00e9forme propos\u00e9e induit une \u00e9volution majeure dans les pratiques et les comp\u00e9tences, tant en conception que dans la mise en oeuvre et l\u2019exploitation des b\u00e2timents. \u00c0 d\u00e9faut d\u2019ajustements importants, elle risque de provoquer une rupture majeure et critique pour l\u2019offre de b\u00e2timents, l\u2019activit\u00e9 et les emplois du secteur.&nbsp;<\/p>\n\n\n\n<p style=\"text-align:justify\">Pour les signataires, il est n\u00e9cessaire de partager une trajectoire et un calendrier de mise en oeuvre progressif et adapt\u00e9, qui int\u00e8grent maturit\u00e9 des solutions disponibles, soutenabilit\u00e9 \u00e9conomique et temporalit\u00e9 des projets, qui permettent \u00e0 la fili\u00e8re de stimuler les innovations pour r\u00e9pondre \u00e0 co\u00fbts ma\u00eetris\u00e9s aux objectifs poursuivis, et qui garantissent in fine aux occupants confort, bien-\u00eatre et \u00e9conomies.&nbsp;<\/p>\n\n\n\n<p style=\"text-align:justify\">Pour les signataires, l\u2019esprit de co-construction qui a pr\u00e9valu depuis l\u2019origine de la r\u00e9forme doit se poursuivre. Une RE 2020 \u00e9quilibr\u00e9e, soutenable et ma\u00eetris\u00e9e permettra d\u2019impulser et d\u2019accompagner le changement attendu, que nous voulons positif pour le secteur de la construction.&nbsp;<\/p>\n\n\n\n<p><\/p>\n","protected":false},"excerpt":{"rendered":"<p>Face aux risques li\u00e9s au r\u00e9chauffement climatique, la r\u00e9duction des \u00e9missions de gaz \u00e0 effet de serre et de la consommation d\u2019\u00e9nergie des b\u00e2timents s\u2019av\u00e8re indispensable. La nouvelle r\u00e9glementation environnementale sur la construction neuve s\u2019inscrit dans cette exigence et la fili\u00e8re de la construction, fortement impliqu\u00e9e d\u00e8s les pr\u00e9mices avec l\u2019exp\u00e9rimentation E+C- et moteur de [&hellip;]<\/p>\n","protected":false},"author":41,"featured_media":7535,"comment_status":"open","ping_status":"open","sticky":false,"template":"","format":"standard","meta":{"spay_email":""},"categories":[4,708],"tags":[],"jetpack_featured_media_url":"https:\/\/i2.wp.com\/batimedianews.com\/live\/wp-content\/uploads\/2020\/12\/image-161.png?fit=1852%2C490&ssl=1","jetpack_sharing_enabled":true,"jetpack_likes_enabled":true,"jetpack-related-posts":[{"id":21898,"url":"https:\/\/batimedianews.com\/live\/index.php\/2022\/07\/12\/la-fenetre-se-devoile\/","url_meta":{"origin":7534,"position":0},"title":"La fen\u00eatre se d\u00e9voile&#8230;","date":"12 juillet 2022","format":false,"excerpt":"Esth\u00e9tique, personnalisable, performante, durable, la fen\u00eatre en bois a bien des atouts pour s\u00e9duire les projets les plus ambitieux. Mais, la conna\u00eet-on vraiment ? N'a-t-on pas des id\u00e9es pr\u00e9con\u00e7ues ? Pour le savoir, la fen\u00eatre en bois se raconte en 5 histoires actuelles, une saga pleine d'inspiration... La fen\u00eatre en\u2026","rel":"","context":"Dans &quot;Actualit\u00e9 Entreprises&quot;","img":{"alt_text":"","src":"https:\/\/i2.wp.com\/batimedianews.com\/live\/wp-content\/uploads\/2022\/07\/CAPEB_UFME-Article.jpg?fit=1080%2C1080&ssl=1&resize=350%2C200","width":350,"height":200},"classes":[]},{"id":44810,"url":"https:\/\/batimedianews.com\/live\/index.php\/2025\/05\/07\/lufme-facilite-lacces-aux-fdes-collectives-et-permet-de-generer-en-instantane-des-fdes-adaptees-a-chaque-chantier-depuis-le-configurateur-de-baie-fr\/","url_meta":{"origin":7534,"position":1},"title":"L\u2019UFME facilite l\u2019acc\u00e8s aux FDES collectives et permet de g\u00e9n\u00e9rer en instantan\u00e9 des FDES adapt\u00e9es \u00e0 chaque chantier depuis le configurateur DE-BAIE.FR","date":"7 mai 2025","format":false,"excerpt":"\u00a0La performance environnementale est un crit\u00e8re devenu incontournable dans les projets de construction et de r\u00e9novation. Attach\u00e9e \u00e0 accompagner au mieux les fabricants de menuiseries, artisans, bureaux d\u2019\u00e9tudes, ma\u00eetres d\u2019\u0153uvre\u2026, l\u2019UFME (Union des Fabricants de MEnuiseries) met \u00e0 leur disposition des FDES pour les fen\u00eatres et portes-fen\u00eatres en PVC ou\u2026","rel":"","context":"Dans &quot;Actualit\u00e9 Entreprises&quot;","img":{"alt_text":"","src":"https:\/\/i1.wp.com\/batimedianews.com\/live\/wp-content\/uploads\/2025\/05\/ufme.jpg?fit=825%2C825&ssl=1&resize=350%2C200","width":350,"height":200},"classes":[]},{"id":10228,"url":"https:\/\/batimedianews.com\/live\/index.php\/2021\/06\/02\/70-ans-que-ca-fixe\/","url_meta":{"origin":7534,"position":2},"title":"70 ans que \u00e7a fixe !","date":"2 juin 2021","format":false,"excerpt":"#fixations #chevilles #fabricationfran\u00e7aise #b\u00e2timent #70ans #RAM Wissous, le 25 mai 2021. Avec ses 70 bougies, RAM, fabricant fran\u00e7ais de solutions de fixation pour les artisans du b\u00e2timent, ne manque pas de souffle. Depuis 1951, RAM est pr\u00e9sent aux c\u00f4t\u00e9s des \u00e9lectriciens et des plombiers avec des solutions astucieuses et performantes.\u2026","rel":"","context":"Dans &quot;Actualit\u00e9 Entreprises&quot;","img":{"alt_text":"","src":"https:\/\/i1.wp.com\/batimedianews.com\/live\/wp-content\/uploads\/2021\/06\/nouvelle-photo.jpg?fit=853%2C601&ssl=1&resize=350%2C200","width":350,"height":200},"classes":[]},{"id":39949,"url":"https:\/\/batimedianews.com\/live\/index.php\/2024\/09\/25\/installation-photovoltaique-en-autoconsommation-collective-avec-des-tuiles-solaires-max-dedilians-sur-la-toiture-de-la-caserne-clarke-a-landrecies-59-la-communaute-de-communes-du-pays-de\/","url_meta":{"origin":7534,"position":3},"title":"Installation photovolta\u00efque en autoconsommation collective avec des TUILES SOLAIRES MAX d\u2019EDILIANS sur la toiture de la Caserne Clarke \u00e0 Landrecies (59) : la Communaut\u00e9 de Communes du Pays de Mormal continue sa transition \u00e9cologique","date":"25 septembre 2024","format":false,"excerpt":"Implant\u00e9e au coeur de l\u2019Avesnois dans le d\u00e9partement du Nord, la Communaut\u00e9 de Communes du Pays de Mormal compte 50.000 habitants et regroupe 53 municipalit\u00e9s de la r\u00e9gion Hauts-de-France, parmi les plus dynamiques sur le sujet des \u00e9nergies renouvelables. Ayant entrepris depuis plusieurs ann\u00e9es sa mutation \u00e9nerg\u00e9tique avec l\u2019installation d\u2019une\u2026","rel":"","context":"Dans &quot;Actualit\u00e9 Entreprises&quot;","img":{"alt_text":"","src":"https:\/\/i2.wp.com\/batimedianews.com\/live\/wp-content\/uploads\/2024\/09\/Edilians-articles-.jpg?fit=825%2C825&ssl=1&resize=350%2C200","width":350,"height":200},"classes":[]},{"id":15312,"url":"https:\/\/batimedianews.com\/live\/index.php\/2022\/01\/27\/marine-charles-nouvelle-directrice-generale-de-saint-gobain-weber-france\/","url_meta":{"origin":7534,"position":4},"title":"Marine Charles, nouvelle Directrice G\u00e9n\u00e9rale de Saint-Gobain Weber France","date":"27 janvier 2022","format":false,"excerpt":"Weber, leader mondial des mortiers industriels, annonce la nomination de Marine Charles en tant que Directrice G\u00e9n\u00e9rale de Saint-Gobain Weber France. Elle prendra ses fonctions le 1er f\u00e9vrier prochain, succ\u00e9dant \u00e0 Charlotte Famy, appel\u00e9e \u00e0 de nouvelles responsabilit\u00e9s au sein du Groupe Saint-Gobain. Marine Charles aura en charge la poursuite\u2026","rel":"","context":"Dans &quot;Actualit\u00e9 Entreprises&quot;","img":{"alt_text":"","src":"https:\/\/i0.wp.com\/batimedianews.com\/live\/wp-content\/uploads\/2022\/01\/Weber-Article-1.jpg?fit=512%2C512&ssl=1&resize=350%2C200","width":350,"height":200},"classes":[]},{"id":18126,"url":"https:\/\/batimedianews.com\/live\/index.php\/2022\/04\/04\/la-construction-metallique-en-france-une-activite-soutenue-et-des-besoins-en-recrutement-xxl\/","url_meta":{"origin":7534,"position":5},"title":"La construction m\u00e9tallique en France : une activit\u00e9 soutenue et des besoins en recrutement XXL","date":"4 avril 2022","format":false,"excerpt":"\u00a0Pour sa prise de parole de bilan annuel, Roger Briand, Pr\u00e9sident du SMFC, (Syndicat de la Construction M\u00e9tallique de France) confirme un dynamisme des activit\u00e9s sectorielles qui concluent l\u2019ann\u00e9e 2021 par une progression de + 8 %. Avec un chiffre d\u2019affaires de l\u2019ordre de 4 milliards d\u2019euros (780 000 tonnes\u2026","rel":"","context":"Dans &quot;Actualit\u00e9 Entreprises&quot;","img":{"alt_text":"","src":"https:\/\/i2.wp.com\/batimedianews.com\/live\/wp-content\/uploads\/2022\/03\/SCMF-Article.jpg?fit=512%2C512&ssl=1&resize=350%2C200","width":350,"height":200},"classes":[]}],"_links":{"self":[{"href":"https:\/\/batimedianews.com\/live\/index.php\/wp-json\/wp\/v2\/posts\/7534"}],"collection":[{"href":"https:\/\/batimedianews.com\/live\/index.php\/wp-json\/wp\/v2\/posts"}],"about":[{"href":"https:\/\/batimedianews.com\/live\/index.php\/wp-json\/wp\/v2\/types\/post"}],"author":[{"embeddable":true,"href":"https:\/\/batimedianews.com\/live\/index.php\/wp-json\/wp\/v2\/users\/41"}],"replies":[{"embeddable":true,"href":"https:\/\/batimedianews.com\/live\/index.php\/wp-json\/wp\/v2\/comments?post=7534"}],"version-history":[{"count":2,"href":"https:\/\/batimedianews.com\/live\/index.php\/wp-json\/wp\/v2\/posts\/7534\/revisions"}],"predecessor-version":[{"id":7659,"href":"https:\/\/batimedianews.com\/live\/index.php\/wp-json\/wp\/v2\/posts\/7534\/revisions\/7659"}],"wp:featuredmedia":[{"embeddable":true,"href":"https:\/\/batimedianews.com\/live\/index.php\/wp-json\/wp\/v2\/media\/7535"}],"wp:attachment":[{"href":"https:\/\/batimedianews.com\/live\/index.php\/wp-json\/wp\/v2\/media?parent=7534"}],"wp:term":[{"taxonomy":"category","embeddable":true,"href":"https:\/\/batimedianews.com\/live\/index.php\/wp-json\/wp\/v2\/categories?post=7534"},{"taxonomy":"post_tag","embeddable":true,"href":"https:\/\/batimedianews.com\/live\/index.php\/wp-json\/wp\/v2\/tags?post=7534"}],"curies":[{"name":"wp","href":"https:\/\/api.w.org\/{rel}","templated":true}]}}