{"id":8385,"date":"2021-04-30T13:22:29","date_gmt":"2021-04-30T11:22:29","guid":{"rendered":"http:\/\/batimedianews.com\/live\/?p=8385"},"modified":"2021-10-21T11:46:50","modified_gmt":"2021-10-21T09:46:50","slug":"le-groupe-knauf-engage-ses-clients-dans-leconomie-circulaire-du-pse-avec-knauf-circular","status":"publish","type":"post","link":"https:\/\/batimedianews.com\/live\/index.php\/2021\/04\/30\/le-groupe-knauf-engage-ses-clients-dans-leconomie-circulaire-du-pse-avec-knauf-circular\/","title":{"rendered":"LE GROUPE KNAUF ENGAGE SES CLIENTS DANS L\u2019\u00c9CONOMIE CIRCULAIRE DU PSE AVEC KNAUF CIRCULAR\u00ae"},"content":{"rendered":"\n<figure class=\"wp-block-image\"><img loading=\"lazy\" width=\"720\" height=\"491\" src=\"https:\/\/i1.wp.com\/batimedianews.com\/live\/wp-content\/uploads\/2021\/02\/image-84.png?resize=720%2C491\" alt=\"\" class=\"wp-image-8387\" srcset=\"https:\/\/i1.wp.com\/batimedianews.com\/live\/wp-content\/uploads\/2021\/02\/image-84.png?resize=1024%2C699&amp;ssl=1 1024w, https:\/\/i1.wp.com\/batimedianews.com\/live\/wp-content\/uploads\/2021\/02\/image-84.png?resize=300%2C205&amp;ssl=1 300w, https:\/\/i1.wp.com\/batimedianews.com\/live\/wp-content\/uploads\/2021\/02\/image-84.png?resize=768%2C524&amp;ssl=1 768w, https:\/\/i1.wp.com\/batimedianews.com\/live\/wp-content\/uploads\/2021\/02\/image-84.png?resize=10%2C7&amp;ssl=1 10w, https:\/\/i1.wp.com\/batimedianews.com\/live\/wp-content\/uploads\/2021\/02\/image-84.png?resize=432%2C295&amp;ssl=1 432w, https:\/\/i1.wp.com\/batimedianews.com\/live\/wp-content\/uploads\/2021\/02\/image-84.png?resize=396%2C270&amp;ssl=1 396w, https:\/\/i1.wp.com\/batimedianews.com\/live\/wp-content\/uploads\/2021\/02\/image-84.png?resize=1120%2C764&amp;ssl=1 1120w, https:\/\/i1.wp.com\/batimedianews.com\/live\/wp-content\/uploads\/2021\/02\/image-84.png?resize=660%2C450&amp;ssl=1 660w, https:\/\/i1.wp.com\/batimedianews.com\/live\/wp-content\/uploads\/2021\/02\/image-84.png?resize=322%2C220&amp;ssl=1 322w, https:\/\/i1.wp.com\/batimedianews.com\/live\/wp-content\/uploads\/2021\/02\/image-84.png?w=1430&amp;ssl=1 1430w\" sizes=\"(max-width: 600px) 91vw, (max-width: 900px) 600px, (max-width: 1060px) 50vw, (max-width: 1200px) 520px, (max-width: 1400px) 43vw, 600px\" data-recalc-dims=\"1\" \/><\/figure>\n\n\n\n<p style=\"text-align:justify\">Knauf et Knauf Industries (dont les marques Isobox Isolation et Isobox Agromer) lan\u00e7aient il y a un an, sur le quart Sud-Est de la France, le service Knauf Circular\u00ae: une initiative de <strong>collecte<\/strong> et de <strong>recyclage<\/strong> des <strong>d\u00e9chets<\/strong> de <strong>PSE<\/strong> (polystyr\u00e8ne expans\u00e9), issus des chantiers de construction et de l\u2019emballage. Fort d\u2019une phase pilote concluante, Knauf Circular\u00ae, se d\u00e9ploie sur la France enti\u00e8re \u00e0 partir de <strong>mars 2021<\/strong>.<\/p>\n\n\n\n<p style=\"color:#7cc9f9;text-align:justify\" class=\"has-text-color has-medium-font-size\">KNAUF CIRCULAR\u00ae : LA R\u00c9PONSE AUX ENJEUX R\u00c9GLEMENTAIRES, \u00c9CONOMIQUES ET ENVIRONNEMENTAUX DU RECYCLAGE<\/p>\n\n\n\n<p style=\"text-align:justify\"><strong>L\u2019avenir du plastique, la gestion des d\u00e9chets et l\u2019\u00e9conomie circulaire constituent les sujets phares des nouvelles r\u00e9glementations qui se d\u00e9veloppent en France et en Europe.<\/strong><\/p>\n\n\n\n<p style=\"text-align:justify\">Les bases de ces nouvelles r\u00e9glementations avaient \u00e9t\u00e9 initi\u00e9es par la Feuille de Route \u00e9conomie Circulaire (FREC). Dans ce contexte, l\u2019AFIPEB (Association Fran\u00e7aise de l\u2019Isolation en Polystyr\u00e8ne dans le B\u00e2timent) prenait d\u00e9j\u00e0 un engagement volontaire visant annuellement une valorisation de 2500 tonnes de PSE d\u2019ici 2025. Membre d\u2019Elipso (association des entreprises de l\u2019emballage plastique fortement impliqu\u00e9e dans une dynamique d\u2019\u00e9conomie circulaire), Knauf Industries s\u2019est aussi engag\u00e9e \u00e0 r\u00e9incorporer 4000 tonnes par an de polystyr\u00e8ne expans\u00e9 recycl\u00e9 dans ses calages industriels et emballages de manutention, et ce d\u2019ici 2023.<\/p>\n\n\n\n<p style=\"text-align:justify\">Promulgu\u00e9e le 10 f\u00e9vrier 2020, la <strong>Loi Anti-Gaspillage pour une \u00c9conomie Circulaire<\/strong>, dite <strong>AGEC<\/strong>, entre en application au travers de la publication des diff\u00e9rents d\u00e9crets.<\/p>\n\n\n\n<p style=\"text-align:justify\">Pour la fili\u00e8re emballage, l\u2019AGEC, et en particulier son futur d\u00e9cret 3R, imposera le recyclage, la r\u00e9utilisation ou le r\u00e9emploi des emballages et la r\u00e9duction de l\u2019emploi de plastiques vierges. Son objectif est de tendre vers 100 % de plastiques recycl\u00e9s en 2025.<\/p>\n\n\n\n<p style=\"text-align:justify\">Pour la fili\u00e8re b\u00e2timent, elle imposera \u00e0 partir du 1er juillet 2021, \u00e0 toute entreprise, d\u2019int\u00e9grer dans ses devis les informations relatives \u00e0 la gestion des d\u00e9chets de travaux de construction : les modalit\u00e9s, leurs co\u00fbts, les installations dans lesquelles ils seront d\u00e9pos\u00e9s en fonction de leur typologie.<\/p>\n\n\n\n<figure class=\"wp-block-image is-resized\"><img loading=\"lazy\" src=\"https:\/\/i0.wp.com\/batimedianews.com\/live\/wp-content\/uploads\/2021\/02\/image-85.png?resize=313%2C262\" alt=\"\" class=\"wp-image-8388\" width=\"313\" height=\"262\" srcset=\"https:\/\/i0.wp.com\/batimedianews.com\/live\/wp-content\/uploads\/2021\/02\/image-85.png?w=670&amp;ssl=1 670w, https:\/\/i0.wp.com\/batimedianews.com\/live\/wp-content\/uploads\/2021\/02\/image-85.png?resize=300%2C252&amp;ssl=1 300w, https:\/\/i0.wp.com\/batimedianews.com\/live\/wp-content\/uploads\/2021\/02\/image-85.png?resize=10%2C8&amp;ssl=1 10w, https:\/\/i0.wp.com\/batimedianews.com\/live\/wp-content\/uploads\/2021\/02\/image-85.png?resize=432%2C362&amp;ssl=1 432w, https:\/\/i0.wp.com\/batimedianews.com\/live\/wp-content\/uploads\/2021\/02\/image-85.png?resize=396%2C332&amp;ssl=1 396w, https:\/\/i0.wp.com\/batimedianews.com\/live\/wp-content\/uploads\/2021\/02\/image-85.png?resize=660%2C554&amp;ssl=1 660w, https:\/\/i0.wp.com\/batimedianews.com\/live\/wp-content\/uploads\/2021\/02\/image-85.png?resize=262%2C220&amp;ssl=1 262w\" sizes=\"(max-width: 600px) 91vw, (max-width: 900px) 600px, (max-width: 1060px) 50vw, (max-width: 1200px) 520px, (max-width: 1400px) 43vw, 600px\" data-recalc-dims=\"1\" \/><\/figure>\n\n\n\n<p style=\"text-align:justify\">D\u00e8s le 1er janvier 2022, une <strong>Responsabilit\u00e9 \u00c9largie du Producteur<\/strong> ainsi qu\u2019une \u00e9co-contribution (cr\u00e9ation d\u2019un \u00e9co-organisme charg\u00e9 de la gestion des d\u00e9chets pour acc\u00e9l\u00e9rer leur valorisation) seront mises en place. L\u2019\u00e9co-contribution sera financ\u00e9e par un syst\u00e8me d\u2019\u00e9co-taxes, modul\u00e9es en fonction de la performance environnementale du produit.<\/p>\n\n\n\n<p style=\"text-align:justify\">Et, enfin, <strong>la loi de Transition \u00c9nerg\u00e9tique pour la Croissance Verte (LTECV)<\/strong> ambitionne que la part du recyclage des d\u00e9chets non dangereux devra atteindre les 65 % d\u2019ici 2025.<\/p>\n\n\n\n<p style=\"text-align:justify\">Knauf Circular\u00ae, en d\u00e9veloppant un service de collecte et de recyclage des d\u00e9chets de PSE pour qu\u2019ils soient r\u00e9introduits dans de nouveaux produits, r\u00e9pond totalement \u00e0 ces exigences.<\/p>\n\n\n\n<p style=\"color:#69b0f2;text-align:justify\" class=\"has-text-color has-medium-font-size\">KNAUF CIRCULAR\u00ae : UN SERVICE UNIQUE, OUVERT \u00c0 TOUS LES SECTEURS D\u2019ACTIVIT\u00c9 AU NIVEAU NATIONAL ET QUI APPORTE LA GARANTIE DU RECYCLAGE DU PSE<\/p>\n\n\n\n<p style=\"text-align:justify\">Pour la phase pilote du quart Sud-Est de la France, Knauf Circular\u00ae s\u2019est d\u00e9j\u00e0 traduit par la signature d\u2019une cinquantaine de conventions en quelques mois et la mise \u00e0 disposition de 10000 sacs dans les 4 usines pilotes du projet.<\/p>\n\n\n\n<p style=\"text-align:justify\">Knauf Circular\u00ae s\u2019impose \u00e0 date comme la <strong>seule proposition de service de collecte et de recyclage du PSE en France avec un tel maillage du territoire et une telle proximit\u00e9 avec ses clients<\/strong>.<\/p>\n\n\n\n<p style=\"text-align:justify\">Des <strong>investissements industriels<\/strong> d\u2019un montant sup\u00e9rieur \u00e0 <strong>2 millions d\u2019euros<\/strong> ont ainsi \u00e9t\u00e9 engag\u00e9s pour doter chacun des <strong>18 sites en \u00e9quipements de traitement du PSE collect\u00e9<\/strong>, offrant une <strong>capacit\u00e9 de recyclage annuelle de plusieurs milliers de tonnes de PSE<\/strong>. Knauf Circular\u00ae se traduit \u00e9galement par la cr\u00e9ation d\u2019un poste au si\u00e8ge de l\u2019entreprise en Alsace, pour assurer l\u2019administration commune aux diff\u00e9rentes entit\u00e9s Knauf de cette activit\u00e9.<\/p>\n\n\n\n<figure class=\"wp-block-image\"><img loading=\"lazy\" width=\"720\" height=\"228\" src=\"https:\/\/i2.wp.com\/batimedianews.com\/live\/wp-content\/uploads\/2021\/02\/image-86.png?resize=720%2C228\" alt=\"\" class=\"wp-image-8389\" srcset=\"https:\/\/i2.wp.com\/batimedianews.com\/live\/wp-content\/uploads\/2021\/02\/image-86.png?resize=1024%2C324&amp;ssl=1 1024w, https:\/\/i2.wp.com\/batimedianews.com\/live\/wp-content\/uploads\/2021\/02\/image-86.png?resize=300%2C95&amp;ssl=1 300w, https:\/\/i2.wp.com\/batimedianews.com\/live\/wp-content\/uploads\/2021\/02\/image-86.png?resize=768%2C243&amp;ssl=1 768w, https:\/\/i2.wp.com\/batimedianews.com\/live\/wp-content\/uploads\/2021\/02\/image-86.png?resize=10%2C3&amp;ssl=1 10w, https:\/\/i2.wp.com\/batimedianews.com\/live\/wp-content\/uploads\/2021\/02\/image-86.png?resize=432%2C137&amp;ssl=1 432w, https:\/\/i2.wp.com\/batimedianews.com\/live\/wp-content\/uploads\/2021\/02\/image-86.png?resize=396%2C125&amp;ssl=1 396w, https:\/\/i2.wp.com\/batimedianews.com\/live\/wp-content\/uploads\/2021\/02\/image-86.png?resize=1120%2C354&amp;ssl=1 1120w, https:\/\/i2.wp.com\/batimedianews.com\/live\/wp-content\/uploads\/2021\/02\/image-86.png?resize=660%2C209&amp;ssl=1 660w, https:\/\/i2.wp.com\/batimedianews.com\/live\/wp-content\/uploads\/2021\/02\/image-86.png?resize=695%2C220&amp;ssl=1 695w, https:\/\/i2.wp.com\/batimedianews.com\/live\/wp-content\/uploads\/2021\/02\/image-86.png?w=1536&amp;ssl=1 1536w, https:\/\/i2.wp.com\/batimedianews.com\/live\/wp-content\/uploads\/2021\/02\/image-86.png?w=1440 1440w\" sizes=\"(max-width: 600px) 91vw, (max-width: 900px) 600px, (max-width: 1060px) 50vw, (max-width: 1200px) 520px, (max-width: 1400px) 43vw, 600px\" data-recalc-dims=\"1\" \/><\/figure>\n\n\n\n<p style=\"text-align:justify\">Knauf Circular\u00ae apporte la preuve que <strong>le PSE est recyclable et recycl\u00e9<\/strong>. Il p\u00e9rennise l\u2019usage du PSE dans ses diff\u00e9rentes applications en lui apportant une solution concr\u00e8te de recyclage, totalement en ad\u00e9quation avec les nouvelles r\u00e9glementations.<\/p>\n\n\n\n<p style=\"text-align:justify\">Cette action forte s\u2019inscrit sur le long terme dans le cadre de la <strong>d\u00e9marche de responsabilit\u00e9 soci\u00e9tale du Groupe Knauf<\/strong>.<\/p>\n\n\n\n<div class=\"wp-block-image\"><figure class=\"alignleft is-resized\"><img loading=\"lazy\" src=\"https:\/\/i2.wp.com\/batimedianews.com\/live\/wp-content\/uploads\/2021\/02\/image-87.png?resize=107%2C137\" alt=\"\" class=\"wp-image-8391\" width=\"107\" height=\"137\" srcset=\"https:\/\/i2.wp.com\/batimedianews.com\/live\/wp-content\/uploads\/2021\/02\/image-87.png?w=242&amp;ssl=1 242w, https:\/\/i2.wp.com\/batimedianews.com\/live\/wp-content\/uploads\/2021\/02\/image-87.png?resize=234%2C300&amp;ssl=1 234w, https:\/\/i2.wp.com\/batimedianews.com\/live\/wp-content\/uploads\/2021\/02\/image-87.png?resize=8%2C10&amp;ssl=1 8w, https:\/\/i2.wp.com\/batimedianews.com\/live\/wp-content\/uploads\/2021\/02\/image-87.png?resize=172%2C220&amp;ssl=1 172w\" sizes=\"(max-width: 600px) 91vw, (max-width: 900px) 600px, (max-width: 1060px) 50vw, (max-width: 1200px) 520px, (max-width: 1400px) 43vw, 600px\" data-recalc-dims=\"1\" \/><\/figure><\/div>\n\n\n\n<p style=\"color:#6abff4;text-align:justify\" class=\"has-text-color\"><strong>Kurt M\u00fcnder, PDG Knauf Industries :<\/strong><\/p>\n\n\n\n<p style=\"text-align:justify\">\u00a0\u00bb Nous d\u00e9veloppons les fili\u00e8res de collecte et de recyclage du PSE pour r\u00e9duire l\u2019utilisation de la mati\u00e8re vierge. Nos usines sont \u00e9quip\u00e9es de dispositifs de collecte et de recyclage des d\u00e9chets d\u2019emballages alimentaires et industriels et de chutes de chantiers du b\u00e2timent. Gr\u00e2ce \u00e0 la proximit\u00e9 g\u00e9ographique avec les clients, de plus en plus de d\u00e9chets post-consommation et de chutes de production trouvent une seconde vie et entrent dans la composition de nouveaux produits Knauf, cales, panneaux d\u2019isolation\u2026<\/p>\n\n\n\n<p style=\"text-align:justify\">Ceux qui s\u2019av\u00e8rent impropres \u00e0 une r\u00e9introduction dans nos productions seront retrait\u00e9s par des recycleurs partenaires en France ou en Europe pour devenir des biens de consommation courante ou des produits d\u2019isolation pour le b\u00e2timent. \u00ab\u00a0<\/p>\n\n\n\n<div class=\"wp-block-image\"><figure class=\"alignleft is-resized\"><img loading=\"lazy\" src=\"https:\/\/i1.wp.com\/batimedianews.com\/live\/wp-content\/uploads\/2021\/02\/image-88.png?resize=110%2C141\" alt=\"\" class=\"wp-image-8392\" width=\"110\" height=\"141\" srcset=\"https:\/\/i1.wp.com\/batimedianews.com\/live\/wp-content\/uploads\/2021\/02\/image-88.png?w=242&amp;ssl=1 242w, https:\/\/i1.wp.com\/batimedianews.com\/live\/wp-content\/uploads\/2021\/02\/image-88.png?resize=234%2C300&amp;ssl=1 234w, https:\/\/i1.wp.com\/batimedianews.com\/live\/wp-content\/uploads\/2021\/02\/image-88.png?resize=8%2C10&amp;ssl=1 8w, https:\/\/i1.wp.com\/batimedianews.com\/live\/wp-content\/uploads\/2021\/02\/image-88.png?resize=172%2C220&amp;ssl=1 172w\" sizes=\"(max-width: 600px) 91vw, (max-width: 900px) 600px, (max-width: 1060px) 50vw, (max-width: 1200px) 520px, (max-width: 1400px) 43vw, 600px\" data-recalc-dims=\"1\" \/><\/figure><\/div>\n\n\n\n<p style=\"color:#60bcf5;text-align:justify\" class=\"has-text-color\"><strong>Christine Muscat, DG Knauf France :<\/strong><\/p>\n\n\n\n<p style=\"text-align:justify\">\u00a0\u00bb Le Groupe Knauf rel\u00e8ve et rel\u00e8vera plusieurs d\u00e9fis pour que la fili\u00e8re PSE entre concr\u00e8tement dans l\u2019\u00e9conomie circulaire. Aujourd\u2019hui, avec Knauf Circular\u00ae, les utilisateurs sont assur\u00e9s de la totale revalorisation de leurs d\u00e9chets de PSE. D\u2019autres programmes de recherche et d\u00e9veloppement viendront enrichir cette premi\u00e8re initiative dans les ann\u00e9es \u00e0 venir. Des recherches sont en cours en mati\u00e8re d\u2019\u00e9co-conception pour favoriser le recyclage des mat\u00e9riaux en fin de vie. Knauf travaille \u00e9galement \u00e0 augmenter la part de PSE recycl\u00e9 dans ses produits neufs, qui doivent r\u00e9pondre aux exigences techniques et r\u00e9glementaires de leur domaine d\u2019application \u2013 b\u00e2timent et emballage. De belles perspectives s\u2019offrent \u00e0 nous pour inscrire notre Groupe dans l\u2019\u00e9conomie circulaire ! \u00ab\u00a0<\/p>\n\n\n\n<p style=\"color:#5bb9f0;text-align:justify\" class=\"has-text-color has-medium-font-size\">KNAUF CIRCULAR\u00ae : UN SERVICE SIMPLE ET COMPLET QUI ACCOMPAGNE LE CLIENT ET VALORISE SON ACTION <\/p>\n\n\n\n<div class=\"wp-block-image\"><figure class=\"alignleft is-resized\"><img loading=\"lazy\" src=\"https:\/\/i0.wp.com\/batimedianews.com\/live\/wp-content\/uploads\/2021\/02\/image-89.png?resize=214%2C111\" alt=\"\" class=\"wp-image-8393\" width=\"214\" height=\"111\" srcset=\"https:\/\/i0.wp.com\/batimedianews.com\/live\/wp-content\/uploads\/2021\/02\/image-89.png?w=690&amp;ssl=1 690w, https:\/\/i0.wp.com\/batimedianews.com\/live\/wp-content\/uploads\/2021\/02\/image-89.png?resize=300%2C157&amp;ssl=1 300w, https:\/\/i0.wp.com\/batimedianews.com\/live\/wp-content\/uploads\/2021\/02\/image-89.png?resize=10%2C5&amp;ssl=1 10w, https:\/\/i0.wp.com\/batimedianews.com\/live\/wp-content\/uploads\/2021\/02\/image-89.png?resize=432%2C225&amp;ssl=1 432w, https:\/\/i0.wp.com\/batimedianews.com\/live\/wp-content\/uploads\/2021\/02\/image-89.png?resize=396%2C207&amp;ssl=1 396w, https:\/\/i0.wp.com\/batimedianews.com\/live\/wp-content\/uploads\/2021\/02\/image-89.png?resize=660%2C344&amp;ssl=1 660w, https:\/\/i0.wp.com\/batimedianews.com\/live\/wp-content\/uploads\/2021\/02\/image-89.png?resize=422%2C220&amp;ssl=1 422w\" sizes=\"(max-width: 600px) 91vw, (max-width: 900px) 600px, (max-width: 1060px) 50vw, (max-width: 1200px) 520px, (max-width: 1400px) 43vw, 600px\" data-recalc-dims=\"1\" \/><\/figure><\/div>\n\n\n\n<p style=\"text-align:justify\">Toute l\u2019actualit\u00e9 Knauf Circular\u00ae est \u00e0 suivre sur le site d\u00e9di\u00e9, www.knaufcircular.fr qui informe sur les modalit\u00e9s de reprises en fonction de la typologie de convention sign\u00e9e (n\u00e9goces et entreprises de pose, professionnels de la mer, industriels et grandes surfaces, d\u00e9chetteries) et sur les diff\u00e9rents types de PSE collect\u00e9s.<\/p>\n\n\n\n<div class=\"wp-block-image\"><figure class=\"alignright is-resized\"><img loading=\"lazy\" src=\"https:\/\/i2.wp.com\/batimedianews.com\/live\/wp-content\/uploads\/2021\/02\/image-90.png?resize=160%2C194\" alt=\"\" class=\"wp-image-8394\" width=\"160\" height=\"194\" srcset=\"https:\/\/i2.wp.com\/batimedianews.com\/live\/wp-content\/uploads\/2021\/02\/image-90.png?w=320&amp;ssl=1 320w, https:\/\/i2.wp.com\/batimedianews.com\/live\/wp-content\/uploads\/2021\/02\/image-90.png?resize=247%2C300&amp;ssl=1 247w, https:\/\/i2.wp.com\/batimedianews.com\/live\/wp-content\/uploads\/2021\/02\/image-90.png?resize=8%2C10&amp;ssl=1 8w, https:\/\/i2.wp.com\/batimedianews.com\/live\/wp-content\/uploads\/2021\/02\/image-90.png?resize=181%2C220&amp;ssl=1 181w\" sizes=\"(max-width: 600px) 91vw, (max-width: 900px) 600px, (max-width: 1060px) 50vw, (max-width: 1200px) 520px, (max-width: 1400px) 43vw, 600px\" data-recalc-dims=\"1\" \/><\/figure><\/div>\n\n\n\n<p style=\"text-align:justify\">Knauf y propose notamment une vid\u00e9o de pr\u00e9sentation avec des t\u00e9moignages clients issus des diff\u00e9rentes activit\u00e9s (b\u00e2timent, emballages, industrie).<\/p>\n\n\n\n<p style=\"text-align:justify\">Le Groupe Knauf accompagne \u00e9galement les professionnels signataires de conventions Knauf Circular\u00ae pour qu\u2019ils puissent porter haut les couleurs de leur engagement au travers de supports de communication d\u00e9di\u00e9s ; des outils utiles et pragmatiques, qui reprennent les arguments justifiant de cette d.marche concr\u00e8te en faveur de l\u2019\u00e9conomie circulaire du PSE.<\/p>\n\n\n\n<p style=\"font-size:14px;text-align:justify\"><strong>Knauf<\/strong>, fabricant de solutions d\u2019isolation thermique et phonique, met son expertise . disposition des professionnels afin de leur proposer une offre compl.te dont l\u2019excellence technique, les qualit\u00e9s sanitaires et les performances sont r\u00e9guli\u00e8rement contr\u00f4l\u00e9es et certifi\u00e9es. Producteur de plaques de pl\u00e2tre et produits d\u2019isolation, Knauf propose une gamme de solutions innovantes, en phase avec les \u00e9volutions du secteur de la construction et r\u00e9pondant aux enjeux du b\u00e2timent (protection incendie, r\u00e9glementation thermique, performance \u00e9nerg\u00e9tique, &#8230;) et environnementaux.<\/p>\n\n\n\n<p style=\"font-size:14px;text-align:justify\">La division Knauf Industries, avec ses marques Isobox Isolation et Isobox Agromer, est leader mondial dans la fabrication d\u2019emballages, de produits d\u2019isolation et de pi.ces techniques en polystyr\u00e8ne expans\u00e9 et poss\u00e8de notamment 19 usines en France.<\/p>\n\n\n\n<p style=\"font-size:14px;text-align:justify\">Knauf Industries intervient sur les march\u00e9s de l\u2019agroalimentaire, l\u2019habitat, l\u2019industrie, l\u2019automobile, l\u2019\u00e9lectro-domestique et la sant\u00e9, avec une offre diversifi\u00e9e de produits standards et sur-mesure.<\/p>\n","protected":false},"excerpt":{"rendered":"<p>Knauf et Knauf Industries (dont les marques Isobox Isolation et Isobox Agromer) lan\u00e7aient il y a un an, sur le quart Sud-Est de la France, le service Knauf Circular\u00ae: une initiative de collecte et de recyclage des d\u00e9chets de PSE (polystyr\u00e8ne expans\u00e9), issus des chantiers de construction et de l\u2019emballage. Fort d\u2019une phase pilote concluante, [&hellip;]<\/p>\n","protected":false},"author":41,"featured_media":8386,"comment_status":"open","ping_status":"open","sticky":false,"template":"","format":"standard","meta":{"spay_email":""},"categories":[4,29,933,932,80,108,128,895,921],"tags":[934],"jetpack_featured_media_url":"https:\/\/i1.wp.com\/batimedianews.com\/live\/wp-content\/uploads\/2021\/02\/image-83.png?fit=1130%2C770&ssl=1","jetpack_sharing_enabled":true,"jetpack_likes_enabled":true,"jetpack-related-posts":[{"id":28804,"url":"https:\/\/batimedianews.com\/live\/index.php\/2023\/05\/26\/knauf-industries-et-valorplast-capitalisent-sur-leurs-expertises-pour-developper-le-recyclage-du-polystyrene-expanse-pse\/","url_meta":{"origin":8385,"position":0},"title":"KNAUF INDUSTRIES ET VALORPLAST CAPITALISENT SUR LEURS EXPERTISES POUR D\u00c9VELOPPER LE RECYCLAGE DU POLYSTYR\u00c8NE EXPANS\u00c9 (PSE)","date":"26 mai 2023","format":false,"excerpt":"Knauf Industries et Valorplast associent leurs comp\u00e9tences et leurs op\u00e9rationnalit\u00e9s pour offrir aux collectivit\u00e9s locales une solution de recyclage pour le Polystyr\u00e8ne Expans\u00e9 (PSE). Au plus pr\u00e8s des territoires, cette nouvelle offre de services a pour ambition d\u02bcinscrire ce gisement de d\u00e9chets plastiques dans une vraie circularit\u00e9.\u00a0 Knauf Industries et\u2026","rel":"","context":"Dans &quot;Actualit\u00e9 Entreprises&quot;","img":{"alt_text":"","src":"https:\/\/i2.wp.com\/batimedianews.com\/live\/wp-content\/uploads\/2023\/05\/Knauf-Article-1.jpg?fit=1080%2C1080&ssl=1&resize=350%2C200","width":350,"height":200},"classes":[]},{"id":8728,"url":"https:\/\/batimedianews.com\/live\/index.php\/2021\/03\/29\/knauf-nextherm-la-nouvelle-generation-disolants-pse-knauf-tres-bas-carbone-qui-allie-performances-environnementales-et-haute-technicite\/","url_meta":{"origin":8385,"position":1},"title":"KNAUF NEXTHERM\u00ae, LA NOUVELLE G\u00c9N\u00c9RATION D\u2019ISOLANTS PSE KNAUF TR\u00c8S BAS CARBONE QUI ALLIE PERFORMANCES ENVIRONNEMENTALES ET HAUTE TECHNICIT\u00c9","date":"29 mars 2021","format":false,"excerpt":"Les solutions d\u2019isolation \u00e0 base de PSE (Polystyr\u00e8ne Expans\u00e9) Knauf r\u00e9pondent depuis des ann\u00e9es aux attentes du march\u00e9 de l\u2019isolation thermique par l\u2019ext\u00e9rieur et de leurs utilisateurs, tant par leur performance thermique, gr\u00e2ce \u00e0 un lambda parmi les plus bas du march\u00e9, que par leur facilit\u00e9 de mise en oeuvre.\u2026","rel":"","context":"Dans &quot;Actualit\u00e9 Entreprises&quot;","img":{"alt_text":"","src":"https:\/\/i2.wp.com\/batimedianews.com\/live\/wp-content\/uploads\/2021\/03\/knauf_image.jpg?fit=1170%2C567&ssl=1&resize=350%2C200","width":350,"height":200},"classes":[]},{"id":19717,"url":"https:\/\/batimedianews.com\/live\/index.php\/2022\/05\/09\/guide-knauf-isolation-sous-enduit-une-lecture-simplifiee-de-la-reglementation-pour-prescrire-et-poser-en-toute-serenite\/","url_meta":{"origin":8385,"position":2},"title":"Guide KNAUF ISOLATION sous enduit : une lecture simplifi\u00e9e de la r\u00e9glementation pour prescrire et poser en toute s\u00e9r\u00e9nit\u00e9","date":"9 mai 2022","format":false,"excerpt":"Fid\u00e8le \u00e0 sa volont\u00e9 d\u2019accompagner au quotidien les acteurs de la construction notamment dans l\u2019\u00e9volution des r\u00e9glementations, Knauf vient d\u2019\u00e9diter un tout nouveau guide technique pour l\u2019isolation par l\u2019ext\u00e9rieur sous enduit des fa\u00e7ades. Ce document de 60 pages facilite la compr\u00e9hension des r\u00e9centes \u00e9volutions r\u00e8glementaires pour la protection des personnes\u2026","rel":"","context":"Dans &quot;Actualit\u00e9 Entreprises&quot;","img":{"alt_text":"","src":"https:\/\/i0.wp.com\/batimedianews.com\/live\/wp-content\/uploads\/2022\/05\/Knauf-Article.jpg?fit=1080%2C1080&ssl=1&resize=350%2C200","width":350,"height":200},"classes":[]},{"id":46459,"url":"https:\/\/batimedianews.com\/live\/index.php\/2025\/09\/09\/knauf-xtherm-sol-th31-un-nouvel-isolant-pse-incontournable-pour-lisolation-sous-chape\/","url_meta":{"origin":8385,"position":3},"title":"KNAUF XTHERM SOL  TH31 : un nouvel isolant PSE incontournable pour l\u2019isolation sous chape","date":"9 septembre 2025","format":false,"excerpt":"D\u00e9di\u00e9 aussi bien \u00e0 la construction neuve qu\u2019aux r\u00e9novations d\u2019ampleur, le nouvel isolant polystyr\u00e8ne expans\u00e9 (PSE) Knauf XTherm Sol Th31 se destine principalement \u00e0 l\u2019isolation sous chape mais s\u2019imposera aussi aux applications sous planchers chauffants\/rafra\u00eechissants et sous dallage.\u00a0 \u00a0Un lancement national apr\u00e8s une ann\u00e9e de tests concluants en r\u00e9gion\u00a0 Apr\u00e8s\u2026","rel":"","context":"Dans &quot;Actualit\u00e9 Entreprises&quot;","img":{"alt_text":"","src":"https:\/\/i2.wp.com\/batimedianews.com\/live\/wp-content\/uploads\/2025\/09\/Knauf.jpg?fit=825%2C825&ssl=1&resize=350%2C200","width":350,"height":200},"classes":[]},{"id":10580,"url":"https:\/\/batimedianews.com\/live\/index.php\/2021\/06\/21\/1ere-renovation-thermique-en-france-dune-maison-individuelle-en-pse-knauf-nextherm-itex-tres-bas-carbone\/","url_meta":{"origin":8385,"position":4},"title":"1\u00e8re R\u00c9NOVATION THERMIQUE EN FRANCE D\u2019UNE MAISON INDIVIDUELLE EN PSE KNAUF NEXTHERM\u00ae ITEX TR\u00c8S BAS CARBONE","date":"21 juin 2021","format":false,"excerpt":"Dans le cadre de la r\u00e9novation de leur pavillon situ\u00e9 rue du Guidon \u00e0 Louhans (71500), les propri\u00e9taires b\u00e9n\u00e9ficieront de toutes les performances techniques et environnementales de la nouvelle g\u00e9n\u00e9ration de polystyr\u00e8ne expans\u00e9 (PSE) : Knauf NEXTherm\u00ae ITEx. Il s\u2019agit l\u00e0 d\u2019une pertinente r\u00e9ponse pr\u00e9conis\u00e9e et mise en oeuvre par\u2026","rel":"","context":"Dans &quot;Actualit\u00e9 Entreprises&quot;","img":{"alt_text":"","src":"https:\/\/i2.wp.com\/batimedianews.com\/live\/wp-content\/uploads\/2021\/06\/Knauf-Article-1.jpg?fit=512%2C512&ssl=1&resize=350%2C200","width":350,"height":200},"classes":[]},{"id":15929,"url":"https:\/\/batimedianews.com\/live\/index.php\/2022\/02\/11\/isolation-sous-dallage-knauf-de-nouvelles-possibilites-en-phase-avec-le-dtu-13-3-revise\/","url_meta":{"origin":8385,"position":5},"title":"ISOLATION SOUS DALLAGE KNAUF : DE NOUVELLES POSSIBILIT\u00c9S EN PHASE AVEC LE DTU 13.3 R\u00c9VIS\u00c9","date":"11 f\u00e9vrier 2022","format":false,"excerpt":"Suite \u00e0 la r\u00e9vision du DTU 13.3, entr\u00e9e en vigueur le 13 d\u00e9cembre dernier, Knauf met en lumi\u00e8re, \u00e0 travers un guide d\u00e9di\u00e9, l\u2019impact de ces \u00e9volutions sur son large \u00e9ventail de solutions d\u2019isolation sous dallage en PSE (polystyr\u00e8ne expans\u00e9), PU (polyur\u00e9thane) et XPS (polystyr\u00e8ne extrud\u00e9), pour tous types de\u2026","rel":"","context":"Dans &quot;Actualit\u00e9 Entreprises&quot;","img":{"alt_text":"","src":"https:\/\/i1.wp.com\/batimedianews.com\/live\/wp-content\/uploads\/2022\/02\/Knauf-Article.jpg?fit=512%2C512&ssl=1&resize=350%2C200","width":350,"height":200},"classes":[]}],"_links":{"self":[{"href":"https:\/\/batimedianews.com\/live\/index.php\/wp-json\/wp\/v2\/posts\/8385"}],"collection":[{"href":"https:\/\/batimedianews.com\/live\/index.php\/wp-json\/wp\/v2\/posts"}],"about":[{"href":"https:\/\/batimedianews.com\/live\/index.php\/wp-json\/wp\/v2\/types\/post"}],"author":[{"embeddable":true,"href":"https:\/\/batimedianews.com\/live\/index.php\/wp-json\/wp\/v2\/users\/41"}],"replies":[{"embeddable":true,"href":"https:\/\/batimedianews.com\/live\/index.php\/wp-json\/wp\/v2\/comments?post=8385"}],"version-history":[{"count":4,"href":"https:\/\/batimedianews.com\/live\/index.php\/wp-json\/wp\/v2\/posts\/8385\/revisions"}],"predecessor-version":[{"id":9560,"href":"https:\/\/batimedianews.com\/live\/index.php\/wp-json\/wp\/v2\/posts\/8385\/revisions\/9560"}],"wp:featuredmedia":[{"embeddable":true,"href":"https:\/\/batimedianews.com\/live\/index.php\/wp-json\/wp\/v2\/media\/8386"}],"wp:attachment":[{"href":"https:\/\/batimedianews.com\/live\/index.php\/wp-json\/wp\/v2\/media?parent=8385"}],"wp:term":[{"taxonomy":"category","embeddable":true,"href":"https:\/\/batimedianews.com\/live\/index.php\/wp-json\/wp\/v2\/categories?post=8385"},{"taxonomy":"post_tag","embeddable":true,"href":"https:\/\/batimedianews.com\/live\/index.php\/wp-json\/wp\/v2\/tags?post=8385"}],"curies":[{"name":"wp","href":"https:\/\/api.w.org\/{rel}","templated":true}]}}