{"id":855,"date":"2019-02-05T10:00:08","date_gmt":"2019-02-05T09:00:08","guid":{"rendered":"http:\/\/batimedialive.com\/?p=855"},"modified":"2019-08-19T18:18:26","modified_gmt":"2019-08-19T16:18:26","slug":"les-atouts-des-plafonds-acoustiques-armstrong-ceiling-solutions","status":"publish","type":"post","link":"https:\/\/batimedianews.com\/live\/index.php\/2019\/02\/05\/les-atouts-des-plafonds-acoustiques-armstrong-ceiling-solutions\/","title":{"rendered":"LES ATOUTS DES PLAFONDS ACOUSTIQUES ARMSTRONG CEILING SOLUTIONS"},"content":{"rendered":"<p style=\"text-align:justify;\">Apporteur de solutions sur-mesure mariant esth\u00e9tique et technique, ARMSTRONG CEILING SOLUTIONS est reconnu comme l\u2019un des leaders mondiaux dans la conception, la fabrication et la commercialisation de plafonds acoustiques. Son leitmotiv : r\u00e9pondre au plus pr\u00e8s des attentes du march\u00e9 en s\u2019appuyant sur un savoir-faire centenaire et une approche terrain. Cette d\u00e9marche lui permet de d\u00e9velopper et produire en Europe des produits de qualit\u00e9, gages de design, de performances et de fiabilit\u00e9.<br \/>\nAu-del\u00e0 des solutions plafonds, ARMSTRONG CEILING SOLUTIONS se distingue \u00e9galement par son r\u00f4le de conseil aupr\u00e8s des architectes, ma\u00eetres d\u2019ouvrage et poseurs. Cet accompagnement s\u2019illustre \u00e0 travers une multitude de services \u00e0 l\u2019image du Bureau d\u2019\u00e9tudes interne d\u00e9di\u00e9 aux projets personnalis\u00e9s, des objets BIM pour les maquettes collaboratives 3D ou encore de ses programmes de recyclage.<\/p>\n<h2>DES SOLUTIONS PLAFONDS DE QUALIT\u00c9<\/h2>\n<h3>UNE OFFRE PLAFONDS COMPL\u00c8TE<\/h3>\n<p style=\"text-align:justify;\">ARMSTRONG CEILING SOLUTIONS propose une offre compl\u00e8te multi-mat\u00e9riaux, multi-formats et multi-couleurs, qui permet de r\u00e9pondre aux exigences techniques de chaque type de b\u00e2timent tout comme aux aspirations cr\u00e9atives des prescripteurs :<br \/>\n&#8211; une diversit\u00e9 de plafonds en \u00ab Min\u00e9ral \u00bb et \u00ab M\u00e9tal \u00bb selon l\u2019esth\u00e9tique et les performances recherch\u00e9es. Forte absorption acoustique pour un amphith\u00e9\u00e2tre ou un open-space, hygi\u00e8ne maximale dans un h\u00f4pital, facilit\u00e9 d\u2019entretien pour les a\u00e9roports ou les magasins fortement fr\u00e9quent\u00e9s\u2026, quels que soient les besoins du b\u00e2timent, ARMSTRONG CEILING SOLUTIONS apporte des solutions sur-mesure,<br \/>\n&#8211; des dalles carr\u00e9es, rectangulaires ou polygonales pour les plafonds suspendus, des \u00eelots flottants aux formes g\u00e9om\u00e9triques originales qui animent l\u2019int\u00e9rieur des b\u00e2timents, des baffles pour structurer les grands espaces ou encore des accessoires compl\u00e9mentaires pour assurer des transitions harmonieuses entre une p\u00e9riph\u00e9rie en pl\u00e2tre et un plafond modulaire,<br \/>\n&#8211; 200 couleurs de la palette RAL pour personnaliser chaque int\u00e9rieur, du classique blanc aux teintes dynamiques, en passant par un noir profond synonyme d\u2019\u00e9l\u00e9gance ou des nuances de vert qui r\u00e9v\u00e8lent l\u2019esprit durable d\u2019une entreprise.<\/p>\n<p><img loading=\"lazy\" class=\"alignnone size-full wp-image-864\" src=\"https:\/\/batimedialive.files.wordpress.com\/2019\/02\/armstrong_ceiling9.jpg?resize=720%2C296\" alt=\"armstrong_ceiling9\" width=\"720\" height=\"296\"  data-recalc-dims=\"1\"><\/p>\n<h3>UNE FABRICATION \u00ab MADE IN EUROPE \u00bb<\/h3>\n<p style=\"text-align:justify;\"><img loading=\"lazy\" class=\"  wp-image-858 alignleft\" src=\"https:\/\/batimedialive.files.wordpress.com\/2019\/02\/armstrong_ceiling3.jpg?resize=303%2C372\" alt=\"armstrong_ceiling3\" width=\"303\" height=\"372\"  data-recalc-dims=\"1\">Toutes les solutions \u00ab M\u00e9tal \u00bb, \u00ab Min\u00e9ral \u00bb et \u00ab Ossatures \u00bb commercialis\u00e9es par ARMSTRONG CEILING SOLUTIONS sont fabriqu\u00e9es dans ses propres usines, dans le respect du process qualit\u00e9 mis en place par le groupe. En Europe, ARMSTRONG CEILING SOLUTIONS poss\u00e8de huit sites de production, dont deux implant\u00e9s en France, \u00e0 Valenciennes (59) pour les ossatures et \u00e0 Pontarlier pour les plafonds \u00ab Min\u00e9ral \u00bb.<br \/>\nLes 20 millions d\u2019euros investis \u00e0 Pontarlier, en 2015 et 2016, sur la nouvelle ligne d\u00e9di\u00e9e aux plafonds \u00ab voiles de verre \u00bb confirme la strat\u00e9gie historique d\u2019ARMSTRONG CEILING SOLUTIONS. Solidement ancr\u00e9 sur le territoire depuis plus de 30 ans, il renforce sa proximit\u00e9 avec les clients, en optimisant les d\u00e9lais de livraison et la flexibilit\u00e9 de fabrication.<\/p>\n<h3>UNE \u00ab GARANTIE SYST\u00c8ME 30 ANS \u00bb EXCLUSIVE<\/h3>\n<p style=\"text-align:justify;\"><img loading=\"lazy\" class=\"  wp-image-859 alignright\" src=\"https:\/\/batimedialive.files.wordpress.com\/2019\/02\/armstrong_ceiling4.jpg?resize=341%2C350\" alt=\"armstrong_ceiling4\" width=\"341\" height=\"350\"  data-recalc-dims=\"1\">Cette garantie dalle\/ossature se distingue par sa dur\u00e9e deux fois plus importante que celle propos\u00e9e sur le march\u00e9 et par la largeur des produits* qu\u2019elle couvre. Elle est fond\u00e9e sur la performance des solutions et la qualit\u00e9 de services, des valeurs essentielles pour ARMSTRONG CEILING SOLUTIONS. Gage de s\u00e9r\u00e9nit\u00e9, la \u00ab GARANTIE SYST\u00c8ME 30 ANS \u00bb permet aux ma\u00eetres d\u2019ouvrage de b\u00e9n\u00e9ficier :<br \/>\n&#8211; de solutions test\u00e9es sur chantiers et approuv\u00e9es pour leur technicit\u00e9 et leur facilit\u00e9 de mise en oeuvre,<br \/>\n&#8211; du suivi d\u2019une \u00e9quipe d\u00e9di\u00e9e ARMSTRONG CEILING SOLUTIONS \u00e0 chaque \u00e9tape du projet,<br \/>\n&#8211; du service apr\u00e8s-vente qui r\u00e9pare ou remplace les syst\u00e8mes dans l\u2019\u00e9ventualit\u00e9 d\u2019une d\u00e9faillance.<\/p>\n<h3>UN R\u00c9F\u00c9RENCEMENT CHEZ TOUS LES N\u00c9GOCES<\/h3>\n<p style=\"text-align:justify;\">ARMSTRONG CEILING SOLUTIONS est pr\u00e9sent chez tous les distributeurs sp\u00e9cialis\u00e9s. Son packaging, totalement relook\u00e9 en 2017, a s\u00e9duit les points de vente n\u00e9goce tout comme les plafistes, artisans et entreprises de pose. D\u00e9clin\u00e9 sur l\u2019ensemble des produits, il permet d\u2019avoir une offre unifi\u00e9e ais\u00e9ment identifiable dans les lin\u00e9aires. Il facilite la lisibilit\u00e9 et le rep\u00e9rage des professionnels, qui gagnent ainsi un temps pr\u00e9cieux lors du choix de leurs solutions plafonds.<\/p>\n<h2>DES SERVICES DE PROXIMIT\u00c9<\/h2>\n<h3>UN BUREAU D\u2019\u00c9TUDES INTERNE POUR LES PROJETS 100 % PERSONNALIS\u00c9S<\/h3>\n<p style=\"text-align:justify;\"><img loading=\"lazy\" class=\"  wp-image-860 alignleft\" src=\"https:\/\/batimedialive.files.wordpress.com\/2019\/02\/armstrong_ceiling6.jpg?resize=295%2C428\" alt=\"armstrong_ceiling6\" width=\"295\" height=\"428\"  data-recalc-dims=\"1\">Envie d\u2019animer les int\u00e9rieurs avec des dalles effet 3D ? Cr\u00e9er des \u00eelots flottants atypiques en forme d\u2019animaux ou d\u2019objets du quotidien ? Habiller les murs et plafonds d\u2019un m\u00e9tal d\u00e9ploy\u00e9 au maillage sur-mesure pour donner un look industriel et contemporain \u00e0 son espace. Le Bureau d\u2019\u00e9tudes ARMSTRONG CEILING SOLUTIONS concr\u00e9tise toutes les demandes ! Il est le seul sp\u00e9cialiste des plafonds \u00e0 poss\u00e9der ce type de d\u00e9partement en interne, l\u2019un au si\u00e8ge \u00e0 Ivry-sur-Seine (94), le second en Suisse d\u00e9di\u00e9 aux projets cr\u00e9atifs.<br \/>\nLe Bureau d\u2019\u00e9tudes ARMSTRONG CEILING SOLUTIONS \u00e9tudie avec soin chaque projet, \u00e0 partir d\u2019un plan AUTOCAD, conseille puis propose une ou plusieurs solutions personnalis\u00e9es r\u00e9pondant aux besoins esth\u00e9tiques, techniques et \u00e9conomiques du ma\u00eetre d\u2019oeuvre. Sa proposition \u00ab cl\u00e9 en main \u00bb se compose d\u2019un plan complet du chantier, de sch\u00e9mas, d\u2019un plan de coupe pour la mise en oeuvre des produits et d\u2019un devis chiffr\u00e9. Les commerciaux et entreprises de pose peuvent \u00e9galement se rapprocher du Bureau d\u2019\u00e9tudes pour obtenir de l\u2019aide sur leurs chantiers sp\u00e9ciaux.<\/p>\n<h3>LE BIM, POUR CONSTRUIRE LES B\u00c2TIMENTS DE DEMAIN<\/h3>\n<p><img loading=\"lazy\" class=\"alignnone size-full wp-image-861\" src=\"https:\/\/batimedialive.files.wordpress.com\/2019\/02\/armstrong_ceiling7.jpg?resize=565%2C565\" alt=\"armstrong_ceiling7\" width=\"565\" height=\"565\"  data-recalc-dims=\"1\"><br \/>\nPour&nbsp;&nbsp; tout&nbsp;&nbsp; projet&nbsp;&nbsp; BIM,&nbsp;&nbsp;&nbsp; ARMSTRONG&nbsp;&nbsp;&nbsp; CEILING&nbsp;&nbsp;&nbsp; SOLUTIONS est en mesure de r\u00e9pondre aux architectes avec une offre \u00e9tendue d\u2019objets BIM pour les plafonds suspendus \u00ab Min\u00e9ral \u00bb et \u00ab M\u00e9tal \u00bb. T\u00e9l\u00e9chargeable gratuitement sur <u><a href=\"http:\/\/www.armstrongplafonds.fr\/\">www.armstrongplafonds.fr<\/a><\/u> et <u><a href=\"http:\/\/www.bimobject.com\/\">www.bimobject.com,<\/a><\/u> chaque objet int\u00e8gre une fiche d\u2019identit\u00e9 d\u00e9taillant&nbsp; les&nbsp; principales&nbsp; donn\u00e9es&nbsp; techniques&nbsp; du&nbsp; produit&nbsp;&nbsp; et une documentation compl\u00e9mentaire. Un v\u00e9ritable gain de temps&nbsp;&nbsp; et&nbsp; d\u2019autonomie&nbsp; pour&nbsp; les&nbsp; professionnels&nbsp; de&nbsp;&nbsp; la&nbsp;&nbsp; construction&nbsp;&nbsp; qui obtiennent rapidement l\u2019ensemble des \u00e9l\u00e9ments pour leur maquette collaborative 3D.<\/p>\n<h3>UN ACTEUR DU B\u00c2TIMENT \u00c9CO-RESPONSABLE<\/h3>\n<p style=\"text-align:justify;\">La gestion responsable des mati\u00e8res premi\u00e8res, tout au long du cycle de vie d\u2019un plafond, constitue une priorit\u00e9 pour ARMSTRONG CEILING SOLUTIONS. Impliqu\u00e9 depuis plusieurs ann\u00e9es dans les enjeux environnementaux, il a \u00e9t\u00e9 le premier fabricant de plafonds en Europe \u00e0 obtenir la certification CRADLE TO CRADLE. Elle souligne la prise en compte de cinq crit\u00e8res lors du processus de fabrication : la gestion des \u00e9nergies renouvelables, l\u2019usage ma\u00eetris\u00e9 de l\u2019eau, la reconnaissance des composants, le taux de recyclabilit\u00e9 et la responsabilit\u00e9 soci\u00e9tale (sant\u00e9 et droits des personnes). Aujourd\u2019hui, ARMSTRONG CEILING SOLUTIONS a certifi\u00e9 plusieurs de ses gammes : PERLA, ULTIMA+, les syst\u00e8mes de suspension, et fin 2018 les gammes \u00ab M\u00e9tal \u00bb et \u00ab Mesh \u00bb (m\u00e9tal d\u00e9ploy\u00e9).<br \/>\nSon engagement s\u2019illustre \u00e9galement \u00e0 travers ses deux programmes de recyclage \u00ab Produits en fin de vie \u00bb et \u00ab Chutes de chantier \u00bb. Leur fonctionnement est simple. ARMSTRONG CEILING SOLUTIONS r\u00e9cup\u00e8re les dalles et les chutes sur les chantiers. Il les achemine par camions \u00e0 l\u2019usine de Pontarlier, les traite puis les r\u00e9introduit totalement dans le proc\u00e9d\u00e9 de fabrication de nouveaux plafonds. Le recyclage est possible sans limite de quantit\u00e9, chaque fois qu&rsquo;il est \u00e9cologiquement et \u00e9conomiquement viable de le faire, et inclut toutes les dalles de plafonds \u00ab Min\u00e9ral \u00bb pr\u00e9sentes sur le march\u00e9.<\/p>\n<p><img loading=\"lazy\" class=\"alignnone size-full wp-image-862\" src=\"https:\/\/batimedialive.files.wordpress.com\/2019\/02\/armstrong_ceiling8.jpg?resize=720%2C243\" alt=\"armstrong_ceiling8\" width=\"720\" height=\"243\"  data-recalc-dims=\"1\"><\/p>\n","protected":false},"excerpt":{"rendered":"<p>Apporteur de solutions sur-mesure mariant esth\u00e9tique et technique, ARMSTRONG CEILING SOLUTIONS est reconnu comme l\u2019un des leaders mondiaux dans la conception, la fabrication et la commercialisation de plafonds acoustiques. Son leitmotiv : r\u00e9pondre au plus pr\u00e8s des attentes du march\u00e9 en s\u2019appuyant sur un savoir-faire centenaire et une approche terrain. Cette d\u00e9marche lui permet de [&hellip;]<\/p>\n","protected":false},"author":2,"featured_media":2004,"comment_status":"open","ping_status":"open","sticky":false,"template":"","format":"standard","meta":{"spay_email":""},"categories":[4,94],"tags":[],"jetpack_featured_media_url":"https:\/\/i2.wp.com\/batimedianews.com\/live\/wp-content\/uploads\/2019\/08\/armstrong_ceiling2_image.jpg?fit=1357%2C1005&ssl=1","jetpack_sharing_enabled":true,"jetpack_likes_enabled":true,"jetpack-related-posts":[{"id":3017,"url":"https:\/\/batimedianews.com\/live\/index.php\/2019\/10\/02\/armstrong-ceiling-solutions-devoile-5-nouvelles-brochures-a-chaque-segment-dapplication-son-guide-de-choix-plafonds\/","url_meta":{"origin":855,"position":0},"title":"ARMSTRONG CEILING SOLUTIONS DEVOILE 5 NOUVELLES BROCHURES : A CHAQUE SEGMENT D\u2019APPLICATION SON GUIDE DE CHOIX PLAFONDS","date":"2 octobre 2019","format":false,"excerpt":"Le sp\u00e9cialiste des plafonds acoustiques, ARMSTRONG CEILING SOLUTIONS se distingue sur le march\u00e9 par son offre \u00e9tendue de solutions multi-mat\u00e9riaux, multi-formats et multi-couleurs. Afin d\u2019accompagner les ma\u00eetres d\u2019oeuvre et d\u2019ouvrage, et les entreprises de pose dans la prescription de cette multitude de r\u00e9f\u00e9rences, le fabricant a imagin\u00e9 cinq brochures d\u00e9clin\u00e9es\u2026","rel":"","context":"Dans &quot;Actualit\u00e9 Entreprises&quot;","img":{"alt_text":"","src":"https:\/\/i2.wp.com\/batimedianews.com\/live\/wp-content\/uploads\/2019\/10\/armstrong6image.jpg?fit=1017%2C610&ssl=1&resize=350%2C200","width":350,"height":200},"classes":[]},{"id":10877,"url":"https:\/\/batimedianews.com\/live\/index.php\/2021\/07\/13\/gamme-sante-knauf-ceiling-solutions-une-offre-de-plafonds-complete-qui-couvre-tous-les-risques-sanitaires-du-milieu-medical\/","url_meta":{"origin":855,"position":1},"title":"Gamme Sant\u00e9 KNAUF CEILING SOLUTIONS : une offre de plafonds compl\u00e8te qui couvre tous les risques sanitaires du milieu m\u00e9dical","date":"13 juillet 2021","format":false,"excerpt":"En unissant les savoir-faire d\u2019AMF et d\u2019ARMSTRONG CEILING SOLUTIONS, deux fabricants de plafonds renomm\u00e9s \u00e0 l\u2019\u00e9chelle mondiale, la marque KNAUF CEILING SOLUTIONS propose l\u2019offre la plus large du march\u00e9. La gamme Sant\u00e9 illustre cette force, en neuf comme en r\u00e9novation. Compos\u00e9e de six solutions (ARMSTRONG SANIGUARD, ARMSTRONG BIOGUARD ACOUSTIC OP,\u2026","rel":"","context":"Dans &quot;Actualit\u00e9 Entreprises&quot;","img":{"alt_text":"","src":"https:\/\/i0.wp.com\/batimedianews.com\/live\/wp-content\/uploads\/2021\/07\/KnaufCeiling-Article.jpg?fit=512%2C512&ssl=1&resize=350%2C200","width":350,"height":200},"classes":[]},{"id":8482,"url":"https:\/\/batimedianews.com\/live\/index.php\/2021\/04\/30\/les-solutions-plafonds-metal-de-knauf-armstrong-une-gamme-contemporaine-complete-pour-repondre-a-chaque-desir-creatif\/","url_meta":{"origin":855,"position":2},"title":"Les solutions plafonds M\u00c9TAL de KNAUF ARMSTRONG : Une gamme contemporaine compl\u00e8te pour r\u00e9pondre \u00e0 chaque d\u00e9sir cr\u00e9atif","date":"30 avril 2021","format":false,"excerpt":"KNAUF ARMSTRONG, marque de KNAUF CEILING SOLUTIONS, est reconnue pour son offre de plafonds multi-mat\u00e9riaux. En t\u00e9moigne sa gamme compl\u00e8te M\u00c9TAL, r\u00e9solument moderne, tendance et gage de performances acoustiques*. D\u00e9di\u00e9e aux march\u00e9s de la construction et de la r\u00e9novation, elle se d\u00e9cline en trois solutions design, chacune au style affirm\u00e9\u2026","rel":"","context":"Dans &quot;Actualit\u00e9 Entreprises&quot;","img":{"alt_text":"","src":"https:\/\/i2.wp.com\/batimedianews.com\/live\/wp-content\/uploads\/2021\/02\/image-141.png?fit=796%2C548&ssl=1&resize=350%2C200","width":350,"height":200},"classes":[]},{"id":13347,"url":"https:\/\/batimedianews.com\/live\/index.php\/2021\/11\/10\/amf-thermatex-varioline-motif-personnaliser-a-100-son-plafond-via-limpression-numerique\/","url_meta":{"origin":855,"position":3},"title":"AMF THERMATEX\u00ae Varioline Motif : Personnaliser \u00e0 100 % son plafond via l\u2019impression num\u00e9rique","date":"10 novembre 2021","format":false,"excerpt":"\u00a0Le leitmotiv du sp\u00e9cialiste des plafonds multi-mat\u00e9riaux KNAUF CEILING SOLUTIONS : concr\u00e9tiser les d\u00e9sirs cr\u00e9atifs des prescripteurs ! Sa gamme design AMF THERMATEX\u00ae Varioline Motif illustre une nouvelle fois cet engagement. Totalement personnalisable, cette dalle min\u00e9rale, rev\u00eatue d\u2019un voile de verre non-tiss\u00e9 acoustique, devient le terrain artistique de l\u2019architecte. Esquisse\u2026","rel":"","context":"Dans &quot;Actualit\u00e9 Entreprises&quot;","img":{"alt_text":"","src":"https:\/\/i2.wp.com\/batimedianews.com\/live\/wp-content\/uploads\/2021\/10\/Knauf-Article.jpg?fit=512%2C512&ssl=1&resize=350%2C200","width":350,"height":200},"classes":[]},{"id":31684,"url":"https:\/\/batimedianews.com\/live\/index.php\/2023\/10\/06\/nouveau-programme-de-recyclage-des-dalles-minerales-knauf-ceiling-solutions\/","url_meta":{"origin":855,"position":4},"title":"Nouveau programme de recyclage des dalles min\u00e9rales KNAUF CEILING SOLUTIONS","date":"6 octobre 2023","format":false,"excerpt":"\u00a0Poursuivant sa strat\u00e9gie de d\u00e9veloppement durable et en accord avec la REP PMCB, KNAUF CEILING SOLUTIONS lance son programme de recyclage pour ses dalles min\u00e9rales*. Le sp\u00e9cialiste des plafonds acoustiques multi-mat\u00e9riaux a investi dans de nouveaux \u00e9quipements sur son site de Pontarlier (25) afin de pouvoir r\u00e9int\u00e9grer dans son processus\u2026","rel":"","context":"Dans &quot;Actualit\u00e9 Entreprises&quot;","img":{"alt_text":"","src":"https:\/\/i0.wp.com\/batimedianews.com\/live\/wp-content\/uploads\/2023\/09\/KnaufCeiling-articles.jpg?fit=825%2C825&ssl=1&resize=350%2C200","width":350,"height":200},"classes":[]},{"id":17016,"url":"https:\/\/batimedianews.com\/live\/index.php\/2022\/03\/08\/knauf-ceiling-solutions-un-acteur-industriel-qui-investit-et-recrute-sur-le-territoire-francais\/","url_meta":{"origin":855,"position":5},"title":"KNAUF CEILING SOLUTIONS, un acteur industriel qui investit et recrute sur le territoire fran\u00e7ais","date":"8 mars 2022","format":false,"excerpt":"\u00a0Cr\u00e9ation de plus de 30 postes dans le Doubs (25) et l\u2019Eure-et-Loir (28)\u00a0 En haut : Site de Pontarlier ; En bas \u00e0 gauche : Site de Valenciennes ; En bas \u00e0 droite : Site de Dreux\u00a0Cr\u00e9dit photos KNAUF CEILING SOLUTIONS\u00a0 Le recrutement est aujourd\u2019hui un v\u00e9ritable enjeu dans le\u2026","rel":"","context":"Dans &quot;Actualit\u00e9 Entreprises&quot;","img":{"alt_text":"","src":"https:\/\/i0.wp.com\/batimedianews.com\/live\/wp-content\/uploads\/2022\/03\/KnaufCeiling-Article.jpg?fit=512%2C512&ssl=1&resize=350%2C200","width":350,"height":200},"classes":[]}],"_links":{"self":[{"href":"https:\/\/batimedianews.com\/live\/index.php\/wp-json\/wp\/v2\/posts\/855"}],"collection":[{"href":"https:\/\/batimedianews.com\/live\/index.php\/wp-json\/wp\/v2\/posts"}],"about":[{"href":"https:\/\/batimedianews.com\/live\/index.php\/wp-json\/wp\/v2\/types\/post"}],"author":[{"embeddable":true,"href":"https:\/\/batimedianews.com\/live\/index.php\/wp-json\/wp\/v2\/users\/2"}],"replies":[{"embeddable":true,"href":"https:\/\/batimedianews.com\/live\/index.php\/wp-json\/wp\/v2\/comments?post=855"}],"version-history":[{"count":1,"href":"https:\/\/batimedianews.com\/live\/index.php\/wp-json\/wp\/v2\/posts\/855\/revisions"}],"predecessor-version":[{"id":2461,"href":"https:\/\/batimedianews.com\/live\/index.php\/wp-json\/wp\/v2\/posts\/855\/revisions\/2461"}],"wp:featuredmedia":[{"embeddable":true,"href":"https:\/\/batimedianews.com\/live\/index.php\/wp-json\/wp\/v2\/media\/2004"}],"wp:attachment":[{"href":"https:\/\/batimedianews.com\/live\/index.php\/wp-json\/wp\/v2\/media?parent=855"}],"wp:term":[{"taxonomy":"category","embeddable":true,"href":"https:\/\/batimedianews.com\/live\/index.php\/wp-json\/wp\/v2\/categories?post=855"},{"taxonomy":"post_tag","embeddable":true,"href":"https:\/\/batimedianews.com\/live\/index.php\/wp-json\/wp\/v2\/tags?post=855"}],"curies":[{"name":"wp","href":"https:\/\/api.w.org\/{rel}","templated":true}]}}