{"id":9182,"date":"2021-04-27T14:22:31","date_gmt":"2021-04-27T12:22:31","guid":{"rendered":"http:\/\/batimedianews.com\/live\/?p=9182"},"modified":"2021-10-21T11:50:20","modified_gmt":"2021-10-21T09:50:20","slug":"technal-lance-ses-podcasts-histoires-dalu","status":"publish","type":"post","link":"https:\/\/batimedianews.com\/live\/index.php\/2021\/04\/27\/technal-lance-ses-podcasts-histoires-dalu\/","title":{"rendered":"TECHNAL LANCE SES PODCASTS \u00ab HISTOIRES D\u2019ALU \u00bb"},"content":{"rendered":"\n<p>Fleuron industriel toulousain, TECHNAL est devenu en 60 ans l\u2019une des r\u00e9f\u00e9rences fran\u00e7aises sur le march\u00e9 mondial des menuiseries aluminium premium (fen\u00eatres, baies coulissantes, portes, v\u00e9randas, pergolas, fa\u00e7ades, portails, garde-corps\u2026). Au-del\u00e0 de son esprit visionnaire reconnu en mati\u00e8re de solutions, la <strong>marque est \u00e9galement pionni\u00e8re en communication<\/strong>. Qu\u2019il s\u2019agisse des particuliers, architectes, bureaux d\u2019\u00e9tudes, ma\u00eetres d\u2019ouvrage, entreprises de pose\u2026, elle s\u2019attache \u00e0 v\u00e9hiculer un discours p\u00e9dagogique et \u00e0 prodiguer des conseils avis\u00e9s toujours avec une touche d\u2019originalit\u00e9. Le lancement de ses podcasts, <strong>une premi\u00e8re dans l\u2019univers des gammistes aluminium<\/strong>, illustre cette cr\u00e9ativit\u00e9 et la proximit\u00e9 qu\u2019elle cultive avec ses clients. Dans les transports, chez soi, au bureau\u2026, l\u2019information vocale est de plus en plus pl\u00e9biscit\u00e9e et fait vivre une nouvelle exp\u00e9rience.&nbsp;<\/p>\n\n\n\n<p>Cette <strong>collection de podcasts est baptis\u00e9e \u00ab Histoires d\u2019alu \u00bb<\/strong>. Elle est d\u00e9di\u00e9e \u00e0 celles et ceux curieux de d\u00e9couvrir la success story d\u2019une marque fran\u00e7aise, qui ont un projet de construction ou de r\u00e9novation de leurs ouvertures et fermetures, recherchent des informations sur les atouts des menuiseries aluminium, sont f\u00e9rus d\u2019architecture et de design\u2026 <strong>Trois \u00e9pisodes, de 6 \u00e0 9 minutes,<\/strong> sont pr\u00e9sent\u00e9s par des experts TECHNAL qui invitent les auditeurs \u00e0 une <strong>immersion au coeur de l\u2019entreprise<\/strong> :&nbsp;<\/p>\n\n\n\n<p style=\"color:#60a9f6\" class=\"has-text-color\"><strong>&nbsp;\/ \u00c9PISODE 1 : L\u2019AVENTURE TECHNAL&nbsp;<\/strong><\/p>\n\n\n\n<div class=\"wp-block-image\"><figure class=\"alignright is-resized\"><img loading=\"lazy\" src=\"https:\/\/i1.wp.com\/batimedianews.com\/live\/wp-content\/uploads\/2021\/04\/image-85.png?resize=232%2C192\" alt=\"\" class=\"wp-image-9184\" width=\"232\" height=\"192\" srcset=\"https:\/\/i1.wp.com\/batimedianews.com\/live\/wp-content\/uploads\/2021\/04\/image-85.png?w=490&amp;ssl=1 490w, https:\/\/i1.wp.com\/batimedianews.com\/live\/wp-content\/uploads\/2021\/04\/image-85.png?resize=300%2C249&amp;ssl=1 300w, https:\/\/i1.wp.com\/batimedianews.com\/live\/wp-content\/uploads\/2021\/04\/image-85.png?resize=10%2C8&amp;ssl=1 10w, https:\/\/i1.wp.com\/batimedianews.com\/live\/wp-content\/uploads\/2021\/04\/image-85.png?resize=432%2C358&amp;ssl=1 432w, https:\/\/i1.wp.com\/batimedianews.com\/live\/wp-content\/uploads\/2021\/04\/image-85.png?resize=396%2C328&amp;ssl=1 396w, https:\/\/i1.wp.com\/batimedianews.com\/live\/wp-content\/uploads\/2021\/04\/image-85.png?resize=266%2C220&amp;ssl=1 266w\" sizes=\"(max-width: 600px) 91vw, (max-width: 900px) 600px, (max-width: 1060px) 50vw, (max-width: 1200px) 520px, (max-width: 1400px) 43vw, 600px\" data-recalc-dims=\"1\" \/><\/figure><\/div>\n\n\n\n<p>&nbsp;Il brosse le portrait de l\u2019entreprise et revient sur la tradition de cr\u00e9ativit\u00e9 de la marque, depuis l\u2019invention de l\u2019\u00e9querre \u00e0 pion dans les ann\u00e9es 60 jusqu\u2019aux menuiseries en aluminium recycl\u00e9 et bas carbone aujourd\u2019hui.&nbsp;<\/p>\n\n\n\n<p style=\"color:#8dbdfc\" class=\"has-text-color\"><strong>\/ \u00c9PISODE 2 : POURQUOI CHOISIR LES MENUISERIES ALUMINIUM ?&nbsp;<\/strong><\/p>\n\n\n\n<p>Ce podcast pr\u00e9sente les infinies possibilit\u00e9s de l\u2019aluminium, en mati\u00e8re de r\u00e9sistance, de performance et de design.&nbsp;<\/p>\n\n\n\n<p style=\"color:#72aff0\" class=\"has-text-color\"><strong>\/ \u00c9PISODE 3 : 60 ANS DE DESIGN&nbsp;<\/strong><\/p>\n\n\n\n<p>Dans cet \u00e9pisode, la cr\u00e9ativit\u00e9 inscrite dans l\u2019ADN de TECHNAL est mise en lumi\u00e8re. Elle est cultiv\u00e9e au fil des ans en \u00e9troite collaboration avec les architectes.&nbsp;<\/p>\n\n\n\n<p>Ces podcasts sont disponibles depuis d\u00e9but avril sur toutes les<strong> plateformes de streaming (Apple Podcasts, Google Podcasts, Spotify, Deezer)<\/strong>. Ils peuvent \u00e9galement \u00eatre <strong>\u00e9cout\u00e9s depuis les enceintes connect\u00e9es Google Home (\u00ab OK Google, Parler avec Technal \u00bb) et Amazone Alexa (\u00ab Alexa, lance Technal \u00bb)<\/strong>. Au fil des mois, \u00ab Histoires d\u2019alu \u00bb sera enrichie d\u2019autres podcasts qui d\u00e9voileront de nouvelles facettes de TECHNAL.&nbsp;<\/p>\n","protected":false},"excerpt":{"rendered":"<p>Fleuron industriel toulousain, TECHNAL est devenu en 60 ans l\u2019une des r\u00e9f\u00e9rences fran\u00e7aises sur le march\u00e9 mondial des menuiseries aluminium premium (fen\u00eatres, baies coulissantes, portes, v\u00e9randas, pergolas, fa\u00e7ades, portails, garde-corps\u2026). Au-del\u00e0 de son esprit visionnaire reconnu en mati\u00e8re de solutions, la marque est \u00e9galement pionni\u00e8re en communication. Qu\u2019il s\u2019agisse des particuliers, architectes, bureaux d\u2019\u00e9tudes, ma\u00eetres [&hellip;]<\/p>\n","protected":false},"author":41,"featured_media":9183,"comment_status":"open","ping_status":"open","sticky":false,"template":"","format":"standard","meta":{"spay_email":""},"categories":[4,7,718],"tags":[],"jetpack_featured_media_url":"https:\/\/i0.wp.com\/batimedianews.com\/live\/wp-content\/uploads\/2021\/04\/image-84.png?fit=1328%2C512&ssl=1","jetpack_sharing_enabled":true,"jetpack_likes_enabled":true,"jetpack-related-posts":[{"id":37646,"url":"https:\/\/batimedianews.com\/live\/index.php\/2024\/05\/27\/technal-decarbone-a-tout-va\/","url_meta":{"origin":9182,"position":0},"title":"Technal d\u00e9carbone \u00e0 tout va !","date":"27 mai 2024","format":false,"excerpt":"Pascal Poggi pour Batimedia Tous les profil\u00e9s aluminium Technal, pour les fen\u00eatres, les fa\u00e7ades et les portes, sont aujourd\u2019hui fabriqu\u00e9s en aluminium Hydro Circal 75R, issu \u00e0 75% d\u2019aluminium recycl\u00e9. Technal introduit peu \u00e0 peu l\u2019Hydro Circal 100R, fabriqu\u00e9 \u00e0 100% \u00e0 partir d\u2019aluminium recycl\u00e9. https:\/\/youtu.be\/GQab6PQNgN8?si=NoucuXE7aeUH0zGM Technal et les autres\u2026","rel":"","context":"Dans &quot;Aluminium&quot;","img":{"alt_text":"","src":"https:\/\/i1.wp.com\/batimedianews.com\/live\/wp-content\/uploads\/2024\/05\/technal_image-scaled.jpeg?fit=1200%2C1200&ssl=1&resize=350%2C200","width":350,"height":200},"classes":[]},{"id":48214,"url":"https:\/\/batimedianews.com\/live\/index.php\/2025\/11\/27\/technal-lance-le-label-installateur-au-sein-de-son-reseau-de-fabricants\/","url_meta":{"origin":9182,"position":1},"title":"TECHNAL lance le label Installateur au sein de son R\u00e9seau de Fabricants","date":"27 novembre 2025","format":false,"excerpt":"TECHNAL et son R\u00e9seau de Fabricants d\u00e9voilent leur nouveau label Installateur TECHNAL. Une distinction, que les 20 sp\u00e9cialistes de la fabrication de menuiseries aluminium pr\u00eates \u00e0 la pose, pourront attribuer \u00e0 leurs installateurs les plus engag\u00e9s aupr\u00e8s de la marque fran\u00e7aise premium. Le label r\u00e9pond \u00e0 plusieurs objectifs. Il permet\u2026","rel":"","context":"Dans &quot;Actualit\u00e9 Entreprises&quot;","img":{"alt_text":"","src":"https:\/\/i2.wp.com\/batimedianews.com\/live\/wp-content\/uploads\/2025\/11\/Technal.jpg?fit=825%2C825&ssl=1&resize=350%2C200","width":350,"height":200},"classes":[]},{"id":37607,"url":"https:\/\/batimedianews.com\/live\/index.php\/2024\/05\/29\/technal-acteur-precurseur-et-leader-de-la-decarbonation\/","url_meta":{"origin":9182,"position":2},"title":"TECHNAL, acteur pr\u00e9curseur et leader de la d\u00e9carbonation","date":"29 mai 2024","format":false,"excerpt":"Conscient des enjeux environnementaux actuels et futurs, TECHNAL a la conviction qu\u2019il est de sa responsabilit\u00e9 de participer activement au changement du march\u00e9 de la construction et de la r\u00e9novation. Pr\u00e9curseur avec la commercialisation d\u00e8s 2019 de ses gammes en aluminium recycl\u00e9 post-consommation Hydro CIRCAL 75R, la marque n\u2019a cess\u00e9\u2026","rel":"","context":"Dans &quot;D\u00e9carbonation&quot;","img":{"alt_text":"","src":"https:\/\/i0.wp.com\/batimedianews.com\/live\/wp-content\/uploads\/2024\/05\/Technal-articles-.jpg?fit=825%2C825&ssl=1&resize=350%2C200","width":350,"height":200},"classes":[]},{"id":16904,"url":"https:\/\/batimedianews.com\/live\/index.php\/2022\/03\/04\/rencontre-de-laluminium-technal-du-bois-et-du-beton-pour-une-maison-familiale-a-fontcouverte-17\/","url_meta":{"origin":9182,"position":3},"title":"Rencontre de l&rsquo;aluminium TECHNAL , du bois et du b\u00e9ton pour une maison familiale \u00e0 Fontcouverte (17)","date":"4 mars 2022","format":false,"excerpt":"Situ\u00e9e \u00e0 Fontcouverte, dans une ancienne carri\u00e8re de calcaire o\u00f9 la v\u00e9g\u00e9tation laisse entrevoir par endroit la roche, cette maison de 150 m\u00b2 s\u2019ins\u00e8re perpendiculairement \u00e0 la falaise. L\u2019agence F\u00c9LIX BIRON ARCHITECTE a travaill\u00e9 avec l\u2019ALUMINIER AGR\u00c9\u00c9 TECHNAL BIRON SAS afin de faire p\u00e9n\u00e9trer g\u00e9n\u00e9reusement la lumi\u00e8re naturelle et profiter\u2026","rel":"","context":"Dans &quot;Actualit\u00e9 Entreprises&quot;","img":{"alt_text":"","src":"https:\/\/i1.wp.com\/batimedianews.com\/live\/wp-content\/uploads\/2022\/03\/Technal-Article.jpg?fit=512%2C512&ssl=1&resize=350%2C200","width":350,"height":200},"classes":[]},{"id":18946,"url":"https:\/\/batimedianews.com\/live\/index.php\/2022\/04\/12\/technal_lance_le_label_all_for_good\/","url_meta":{"origin":9182,"position":4},"title":"TECHNAL lance le label  \u00ab\u00a0ALL FOR GOOD\u00a0\u00bb qui guide et distingue les actions \u00e9co-responsables de son r\u00e9seau des aluminiers agr\u00e9\u00e9s \u2002","date":"12 avril 2022","format":false,"excerpt":"https:\/\/www.youtube.com\/embed\/8STSKVXaIR0?autoplay=1&rel=0En D\u00e9voil\u00e9 en avant-premi\u00e8re lors de la 30\u00e8me Convention du R\u00e9seau national des ALUMINIERS AGR\u00c9ES TECHNAL fin 2021, le label TECHNAL \u00ab ALL FOR GOOD \u00bb est officiellement lanc\u00e9 en avril. Sa vocation : guider et am\u00e9liorer les pratiques de ses 230 membres en mati\u00e8re de responsabilit\u00e9 soci\u00e9tale et environnementale.\u2026","rel":"","context":"Dans &quot;Actualit\u00e9 Entreprises&quot;","img":{"alt_text":"","src":"https:\/\/i2.wp.com\/batimedianews.com\/live\/wp-content\/uploads\/2022\/04\/Technal-Article.jpg?fit=1080%2C1080&ssl=1&resize=350%2C200","width":350,"height":200},"classes":[]},{"id":33969,"url":"https:\/\/batimedianews.com\/live\/index.php\/2023\/12\/19\/nomination-de-david-chauny-au-poste-de-directeur-commercial-france-technal-sapa\/","url_meta":{"origin":9182,"position":5},"title":"Nomination de David Chauny au poste de Directeur commercial France Technal-Sapa","date":"19 d\u00e9cembre 2023","format":false,"excerpt":"\u00a0David CHAUNY vient d\u2019\u00eatre nomm\u00e9 Directeur Commercial France TECHNAL-SAPA. Fort d'une exp\u00e9rience de 27 ans au sein du groupe Hydro Building Systems, il oeuvre depuis 15 ans, en France et dans le monde, au service des clients du gammiste aluminium TECHNAL, implant\u00e9 \u00e0 Toulouse depuis plus de 60 ans. Directeur\u2026","rel":"","context":"Dans &quot;Actualit\u00e9 Entreprises&quot;","img":{"alt_text":"","src":"https:\/\/i1.wp.com\/batimedianews.com\/live\/wp-content\/uploads\/2023\/12\/Technal-Image-articles-1-1.jpg?fit=825%2C825&ssl=1&resize=350%2C200","width":350,"height":200},"classes":[]}],"_links":{"self":[{"href":"https:\/\/batimedianews.com\/live\/index.php\/wp-json\/wp\/v2\/posts\/9182"}],"collection":[{"href":"https:\/\/batimedianews.com\/live\/index.php\/wp-json\/wp\/v2\/posts"}],"about":[{"href":"https:\/\/batimedianews.com\/live\/index.php\/wp-json\/wp\/v2\/types\/post"}],"author":[{"embeddable":true,"href":"https:\/\/batimedianews.com\/live\/index.php\/wp-json\/wp\/v2\/users\/41"}],"replies":[{"embeddable":true,"href":"https:\/\/batimedianews.com\/live\/index.php\/wp-json\/wp\/v2\/comments?post=9182"}],"version-history":[{"count":2,"href":"https:\/\/batimedianews.com\/live\/index.php\/wp-json\/wp\/v2\/posts\/9182\/revisions"}],"predecessor-version":[{"id":9415,"href":"https:\/\/batimedianews.com\/live\/index.php\/wp-json\/wp\/v2\/posts\/9182\/revisions\/9415"}],"wp:featuredmedia":[{"embeddable":true,"href":"https:\/\/batimedianews.com\/live\/index.php\/wp-json\/wp\/v2\/media\/9183"}],"wp:attachment":[{"href":"https:\/\/batimedianews.com\/live\/index.php\/wp-json\/wp\/v2\/media?parent=9182"}],"wp:term":[{"taxonomy":"category","embeddable":true,"href":"https:\/\/batimedianews.com\/live\/index.php\/wp-json\/wp\/v2\/categories?post=9182"},{"taxonomy":"post_tag","embeddable":true,"href":"https:\/\/batimedianews.com\/live\/index.php\/wp-json\/wp\/v2\/tags?post=9182"}],"curies":[{"name":"wp","href":"https:\/\/api.w.org\/{rel}","templated":true}]}}