{"id":9327,"date":"2021-04-27T12:15:32","date_gmt":"2021-04-27T10:15:32","guid":{"rendered":"http:\/\/batimedianews.com\/live\/?p=9327"},"modified":"2021-10-21T11:51:15","modified_gmt":"2021-10-21T09:51:15","slug":"nomination-philippe-gruat-elu-president-de-laimcc","status":"publish","type":"post","link":"https:\/\/batimedianews.com\/live\/index.php\/2021\/04\/27\/nomination-philippe-gruat-elu-president-de-laimcc\/","title":{"rendered":"Nomination Philippe Gruat \u00e9lu Pr\u00e9sident de l&rsquo;AIMCC"},"content":{"rendered":"\n<p><strong>Le vendredi 16 avril 2021, Philippe Gruat a \u00e9t\u00e9 \u00e9lu \u00e0 la pr\u00e9sidence de l&rsquo;AIMCC (Association fran\u00e7aise des industries des produits de construction). Il succ\u00e8de ainsi \u00e0 Herv\u00e9 De Maistre, \u00e9lu en 2015, qu&rsquo;il remercie pour ses 6 ann\u00e9es de pr\u00e9sidence. Philippe Gruat a un parcours riche dans le secteur \u00e9tant, notamment, d\u00e9j\u00e0 Vice-Pr\u00e9sident de l&rsquo;AIMCC depuis 2018.<\/strong><\/p>\n\n\n\n<div class=\"wp-block-image\"><figure class=\"alignleft is-resized\"><img loading=\"lazy\" src=\"https:\/\/i1.wp.com\/batimedianews.com\/live\/wp-content\/uploads\/2021\/04\/image-175.png?resize=133%2C169\" alt=\"\" class=\"wp-image-9329\" width=\"133\" height=\"169\" srcset=\"https:\/\/i1.wp.com\/batimedianews.com\/live\/wp-content\/uploads\/2021\/04\/image-175.png?w=170&amp;ssl=1 170w, https:\/\/i1.wp.com\/batimedianews.com\/live\/wp-content\/uploads\/2021\/04\/image-175.png?resize=8%2C10&amp;ssl=1 8w\" sizes=\"(max-width: 600px) 91vw, (max-width: 900px) 600px, (max-width: 1060px) 50vw, (max-width: 1200px) 520px, (max-width: 1400px) 43vw, 600px\" data-recalc-dims=\"1\" \/><\/figure><\/div>\n\n\n\n<p>Philippe Gruat a pr\u00e9sid\u00e9 la FIB (F\u00e9d\u00e9ration de l&rsquo;industrie du b\u00e9ton) de 2015 \u00e0 2019, ainsi que le Cerib (Centre d&rsquo;\u00e9tudes et de recherche de l&rsquo;industrie du b\u00e9ton) de 2015 \u00e0 2020. Il est aujourd&rsquo;hui Vice-Pr\u00e9sident de la FIB tout en \u00e9tant par ailleurs Pr\u00e9sident de la Fili\u00e8re B\u00e9ton depuis 2019. \u00c9galement Pr\u00e9sident d&rsquo;Agyre, pour l&rsquo;\u00e9conomie circulaire dans la construction, depuis 2020, et de l&rsquo;ESITC-Caen (\u00c9cole sup\u00e9rieure d&rsquo;ing\u00e9nieurs des travaux de la construction de Caen) depuis 2013, Philippe Gruat est aussi membre du comit\u00e9 ex\u00e9cutif du CSF IPC (Comit\u00e9 Strat\u00e9gique de Fili\u00e8re \u00ab Industries pour la Construction \u00bb).<\/p>\n\n\n\n<p>Philippe Gruat a effectu\u00e9 l&rsquo;essentiel de sa carri\u00e8re au sein de groupes industriels et plus particuli\u00e8rement dans la fili\u00e8re des mat\u00e9riaux et produits de construction o\u00f9 il a occup\u00e9 des postes en lien avec le marketing et de direction g\u00e9n\u00e9rale.<\/p>\n\n\n\n<p><strong>Une ambition forte au regard des enjeux r\u00e8glementaires actuels<\/strong><\/p>\n\n\n\n<p>Le nouveau Pr\u00e9sident entend conforter l&rsquo;ambition forte de l&rsquo;AIMCC, au regard des enjeux r\u00e9glementaires actuels. Celui-ci affirme son engagement au sein de l&rsquo;association et sa motivation \u00e0 succ\u00e9der \u00e0 Herv\u00e9 De Maistre.&nbsp;Membre du comit\u00e9 strat\u00e9gique de l&rsquo;AIMCC d\u00e8s le d\u00e9but des ann\u00e9es 2000, puis administrateur depuis 2015, il a pu appr\u00e9cier<em>&nbsp;\u00ab&nbsp;l&rsquo;utilit\u00e9 et l&rsquo;efficacit\u00e9 de la collaboration entre toutes les fili\u00e8res qui composent notre association. J&rsquo;ai pu \u00e9galement constater que l&rsquo;AIMCC devenait l&rsquo;interlocuteur incontournable des pouvoirs publics et des autres organisations professionnelles de la construction<\/em>&nbsp;\u00bb. Philippe Gruat mesure l&rsquo;ampleur des d\u00e9fis \u00e0 venir pour le secteur et entend poursuivre avec pugnacit\u00e9 l&rsquo;action de l&rsquo;association afin que les industries&nbsp;:&nbsp;<\/p>\n\n\n\n<p>&#8211; r\u00e9ussissent leur transformation num\u00e9rique,<\/p>\n\n\n\n<p>&#8211; op\u00e8rent avec succ\u00e8s l&rsquo;in\u00e9luctable transition \u00e9cologique,<\/p>\n\n\n\n<p>&#8211; d\u00e9veloppent et lib\u00e8rent leurs capacit\u00e9s d&rsquo;innovation,<\/p>\n\n\n\n<p>&#8211; captent et forment les talents de demain gr\u00e2ce \u00e0 une forte mobilisation autour de la formation initiale et de la formation continue des salari\u00e9s des entreprises industrielles.<\/p>\n\n\n\n<p>Membre du CSF IPC, Philippe Gruat souligne l&rsquo;importance de cet outil \u00e0 disposition des industriels, permettant d&rsquo;asseoir la l\u00e9gitimit\u00e9 du secteur industriel, et facilitant le dialogue avec les politiques :&nbsp;<\/p>\n\n\n\n<p>\u00ab&nbsp;<em>Convaincu que la cr\u00e9ation du CSF IPC aux c\u00f4t\u00e9s de l&rsquo;AIMCC contribue \u00e0 la r\u00e9alisation de projets concrets, permettant de rendre visible le dynamisme industriel de notre secteur, je m&rsquo;engage \u00e0 soutenir la synergie entre les deux organisations<\/em>&nbsp;\u00bb. Le CSF IPC est le porte-parole politique des industriels du secteur. Plusieurs des enjeux port\u00e9s par l&rsquo;AIMCC trouvent leur l\u00e9gitimit\u00e9 dans le cadre des projets structurants du CSF IPC, dont l&rsquo;avenant est en cours de finalisation.<\/p>\n\n\n\n<p>Philippe Gruat f\u00e9licite l&rsquo;important travail men\u00e9 par les repr\u00e9sentants des organisations professionnelles et des entreprises au sein des Commissions de travail AIMCC. Le nouveau Pr\u00e9sident affirme son ambition de consolider la visibilit\u00e9 de l&rsquo;AIMCC autour d&rsquo;un projet ambitieux, qu&rsquo;il entend construire, en \u00e9troite collaboration, avec les organisations professionnelles membres de l&rsquo;AIMCC.<\/p>\n\n\n\n<p><strong>\u00c0 propos de l&rsquo;AIMCC&nbsp;:<\/strong><\/p>\n\n\n\n<p><em>Fond\u00e9e en 1971, l&rsquo;AIMCC&nbsp;est l&rsquo;Association fran\u00e7aise des industries des produits de construction. Elle repr\u00e9sente 80 organisations professionnelles regroupant 7 000 fabricants de produits (mat\u00e9riaux, composants, \u00e9quipements et syst\u00e8mes) entrant dans la construction, pour une activit\u00e9 de 45 Mds \u20ac r\u00e9alis\u00e9e par 430 000 salari\u00e9s.&nbsp;Elle a pour mission de promouvoir le point de vue de ses adh\u00e9rents et leur r\u00f4le \u00e9conomique de premier plan dans le secteur de la construction aupr\u00e8s des pouvoirs publics, des administrations, des instances nationales et internationales et des organismes de toute nature qui interviennent dans ce domaine.<\/em><\/p>\n","protected":false},"excerpt":{"rendered":"<p>Le vendredi 16 avril 2021, Philippe Gruat a \u00e9t\u00e9 \u00e9lu \u00e0 la pr\u00e9sidence de l&rsquo;AIMCC (Association fran\u00e7aise des industries des produits de construction). Il succ\u00e8de ainsi \u00e0 Herv\u00e9 De Maistre, \u00e9lu en 2015, qu&rsquo;il remercie pour ses 6 ann\u00e9es de pr\u00e9sidence. Philippe Gruat a un parcours riche dans le secteur \u00e9tant, notamment, d\u00e9j\u00e0 Vice-Pr\u00e9sident de [&hellip;]<\/p>\n","protected":false},"author":41,"featured_media":9328,"comment_status":"open","ping_status":"open","sticky":false,"template":"","format":"standard","meta":{"spay_email":""},"categories":[4,14,88],"tags":[],"jetpack_featured_media_url":"https:\/\/i0.wp.com\/batimedianews.com\/live\/wp-content\/uploads\/2021\/04\/image-174.png?fit=550%2C732&ssl=1","jetpack_sharing_enabled":true,"jetpack_likes_enabled":true,"jetpack-related-posts":[{"id":8173,"url":"https:\/\/batimedianews.com\/live\/index.php\/2021\/01\/27\/bertrand-bedel-nouveau-president-du-cerib\/","url_meta":{"origin":9327,"position":0},"title":"Bertrand BEDEL, nouveau pr\u00e9sident du Cerib","date":"27 janvier 2021","format":false,"excerpt":"Bertrand Bedel a \u00e9t\u00e9 \u00e9lu \u00e0 la pr\u00e9sidence du Cerib le 26 janvier 2021 pour une mandature de trois ans. Il succ\u00e8de \u00e0 Philippe Gruat, pr\u00e9sident depuis 2018. Engag\u00e9 de longue date dans l\u2019industrie du b\u00e9ton, Bertrand Bedel est membre du conseil d\u2019administration du Cerib depuis 2012 ans et pr\u00e9sident\u2026","rel":"","context":"Dans &quot;Actualit\u00e9 Entreprises&quot;","img":{"alt_text":"","src":"https:\/\/i0.wp.com\/batimedianews.com\/live\/wp-content\/uploads\/2021\/01\/image-302.png?resize=350%2C200&ssl=1","width":350,"height":200},"classes":[]},{"id":14899,"url":"https:\/\/batimedianews.com\/live\/index.php\/2022\/01\/14\/philippe-servalli-elu-president-de-la-federation-francaise-du-batiment-grand-paris-ile-de-france\/","url_meta":{"origin":9327,"position":1},"title":"Philippe Servalli : \u00e9lu pr\u00e9sident de la F\u00e9d\u00e9ration Fran\u00e7aise du B\u00e2timent Grand Paris Ile-de-France","date":"14 janvier 2022","format":false,"excerpt":"\u00c0 Paris, le 13\/01\/2022 \u2013 Philippe Servalli est \u00e9lu Pr\u00e9sident de la FFB Grand Paris Ile-de-France. Il succ\u00e8de \u00e0 Jean-Luc Tuffier et prend ses fonctions d\u00e8s aujourd\u2019hui.\u00a0 \u00a0Dipl\u00f4m\u00e9 \u00e0 l\u2019ESTP Paris, \u00e9cole sp\u00e9ciale des travaux publics, Philippe Servalli int\u00e8gre le groupe Bouygues en tant qu\u2019ing\u00e9nieur travaux. Il rejoint ensuite Campenon\u2026","rel":"","context":"Dans &quot;b\u00e2timent&quot;","img":{"alt_text":"","src":"https:\/\/i2.wp.com\/batimedianews.com\/live\/wp-content\/uploads\/2022\/01\/FFB_Grand_Paris-Article.jpg?fit=512%2C512&ssl=1&resize=350%2C200","width":350,"height":200},"classes":[]},{"id":46544,"url":"https:\/\/batimedianews.com\/live\/index.php\/2025\/09\/24\/les-representants-de-la-filiere-de-lisolation-thermique-par-lexterieur-alertent-sur-le-projet-de-decret-maprimerenov\/","url_meta":{"origin":9327,"position":2},"title":"Les repr\u00e9sentants de la fili\u00e8re de l\u2019isolation thermique par l\u2019ext\u00e9rieur alertent sur le projet de D\u00e9cret MaPrimeR\u00e9nov\u2019","date":"24 septembre 2025","format":false,"excerpt":"La fili\u00e8re fran\u00e7aise de l\u2019isolation thermique par l\u2019ext\u00e9rieur (ITE) exprime son incompr\u00e9hension et sa vive inqui\u00e9tude face au projet de d\u00e9cret actuellement \u00e0 l\u2019\u00e9tude, pr\u00e9voyant l\u2019exclusion de l\u2019ITE des aides MaPrimeR\u00e9nov\u2019 \u00e0 destination des chantiers monogestes.\u00a0 Cette mesure va \u00e0 l\u2019encontre des principes fondamentaux d\u2019une r\u00e9novation \u00e9nerg\u00e9tique efficace et durable,\u2026","rel":"","context":"Dans &quot;Actualit\u00e9 Entreprises&quot;","img":{"alt_text":"","src":"https:\/\/i2.wp.com\/batimedianews.com\/live\/wp-content\/uploads\/2025\/09\/SNMI.jpg?fit=825%2C825&ssl=1&resize=350%2C200","width":350,"height":200},"classes":[]},{"id":15297,"url":"https:\/\/batimedianews.com\/live\/index.php\/2022\/01\/27\/bilan-2021-et-perspectives-2022-du-marche-francais-des-produits-de-construction\/","url_meta":{"origin":9327,"position":3},"title":"Bilan 2021 et perspectives 2022 du march\u00e9 fran\u00e7ais des produits de construction","date":"27 janvier 2022","format":false,"excerpt":"Mardi 25 janvier 2022, Philippe GRUAT, Pr\u00e9sident de l\u2019Association fran\u00e7aise des Industries des Mat\u00e9riaux et produits de Construction (AIMCC) a pr\u00e9sent\u00e9 les conclusions de la cinqui\u00e8me \u00e9dition de l\u2019enqu\u00eate d\u2019opinion \u00ab Tendances Conjoncture AIMCC \u00bb. Cette \u00e9tude men\u00e9e aupr\u00e8s des 80 organisations professionnelles membres de l\u2019association permet de dresser un\u2026","rel":"","context":"Dans &quot;Construction&quot;","img":{"alt_text":"","src":"https:\/\/i0.wp.com\/batimedianews.com\/live\/wp-content\/uploads\/2022\/01\/AIMCC-Article.jpg?fit=512%2C512&ssl=1&resize=350%2C200","width":350,"height":200},"classes":[]},{"id":10910,"url":"https:\/\/batimedianews.com\/live\/index.php\/2021\/07\/13\/thierry-schott-elu-president-de-qualifelec\/","url_meta":{"origin":9327,"position":4},"title":"Thierry Schott \u00e9lu Pr\u00e9sident de Qualifelec","date":"13 juillet 2021","format":false,"excerpt":"Depuis mercredi 23 juin, Thierry Schott est le nouveau Pr\u00e9sident de Qualifelec. R\u00e9unis en Assembl\u00e9e G\u00e9n\u00e9rale, les membres de l' Assembl\u00e9e G\u00e9n\u00e9rale de Qualifelec l' ont \u00e9lu \u00e0 l' unanimit\u00e9 \u00e0 la pr\u00e9sidence de l' organisme de qualification pour un mandat de 4 ans. Il succ\u00e8de \u00e0 Yves Jalageas qui\u2026","rel":"","context":"Dans &quot;Actualit\u00e9 Entreprises&quot;","img":{"alt_text":"","src":"https:\/\/i0.wp.com\/batimedianews.com\/live\/wp-content\/uploads\/2021\/07\/Qualifelec-Article.jpg?fit=512%2C512&ssl=1&resize=350%2C200","width":350,"height":200},"classes":[]},{"id":13937,"url":"https:\/\/batimedianews.com\/live\/index.php\/2021\/12\/02\/olivier-collin-elu-president-du-college-snbpe-pays-de-la-loire\/","url_meta":{"origin":9327,"position":5},"title":"Olivier Collin \u00e9lu pr\u00e9sident du coll\u00e8ge SNBPE Pays de la Loire","date":"2 d\u00e9cembre 2021","format":false,"excerpt":"Olivier Collin, directeur g\u00e9n\u00e9ral d'EDYCEM, vient d'\u00eatre port\u00e9 \u00e0 la pr\u00e9sidence du coll\u00e8ge SNBPE (Syndicat National du B\u00e9ton Pr\u00eat \u00e0 l'Emploi) de la r\u00e9gion Pays de la Loire. Il succ\u00e8de \u00e0 Philippe QUENEAU (lui-m\u00eame ancien directeur g\u00e9n\u00e9ral d'EDYCEM), dont le mandat arrivait \u00e0 son terme. Au cours de ces vingt-cinq\u2026","rel":"","context":"Dans &quot;Actualit\u00e9 Entreprises&quot;","img":{"alt_text":"","src":"https:\/\/i1.wp.com\/batimedianews.com\/live\/wp-content\/uploads\/2021\/11\/SNBPE-Article.jpg?fit=512%2C512&ssl=1&resize=350%2C200","width":350,"height":200},"classes":[]}],"_links":{"self":[{"href":"https:\/\/batimedianews.com\/live\/index.php\/wp-json\/wp\/v2\/posts\/9327"}],"collection":[{"href":"https:\/\/batimedianews.com\/live\/index.php\/wp-json\/wp\/v2\/posts"}],"about":[{"href":"https:\/\/batimedianews.com\/live\/index.php\/wp-json\/wp\/v2\/types\/post"}],"author":[{"embeddable":true,"href":"https:\/\/batimedianews.com\/live\/index.php\/wp-json\/wp\/v2\/users\/41"}],"replies":[{"embeddable":true,"href":"https:\/\/batimedianews.com\/live\/index.php\/wp-json\/wp\/v2\/comments?post=9327"}],"version-history":[{"count":3,"href":"https:\/\/batimedianews.com\/live\/index.php\/wp-json\/wp\/v2\/posts\/9327\/revisions"}],"predecessor-version":[{"id":9409,"href":"https:\/\/batimedianews.com\/live\/index.php\/wp-json\/wp\/v2\/posts\/9327\/revisions\/9409"}],"wp:featuredmedia":[{"embeddable":true,"href":"https:\/\/batimedianews.com\/live\/index.php\/wp-json\/wp\/v2\/media\/9328"}],"wp:attachment":[{"href":"https:\/\/batimedianews.com\/live\/index.php\/wp-json\/wp\/v2\/media?parent=9327"}],"wp:term":[{"taxonomy":"category","embeddable":true,"href":"https:\/\/batimedianews.com\/live\/index.php\/wp-json\/wp\/v2\/categories?post=9327"},{"taxonomy":"post_tag","embeddable":true,"href":"https:\/\/batimedianews.com\/live\/index.php\/wp-json\/wp\/v2\/tags?post=9327"}],"curies":[{"name":"wp","href":"https:\/\/api.w.org\/{rel}","templated":true}]}}