{"id":9384,"date":"2021-05-04T09:24:52","date_gmt":"2021-05-04T07:24:52","guid":{"rendered":"http:\/\/batimedianews.com\/live\/?p=9384"},"modified":"2021-10-21T11:44:58","modified_gmt":"2021-10-21T09:44:58","slug":"sanicondens-clim-mini-s-et-sanicondens-clim-pack-s-les-nouvelles-et-discretes-solutions-sfa-pour-le-relevage-des-condensats-de-climatiseurs","status":"publish","type":"post","link":"https:\/\/batimedianews.com\/live\/index.php\/2021\/05\/04\/sanicondens-clim-mini-s-et-sanicondens-clim-pack-s-les-nouvelles-et-discretes-solutions-sfa-pour-le-relevage-des-condensats-de-climatiseurs\/","title":{"rendered":"Sanicondens Clim Mini S et Sanicondens Clim Pack S : les nouvelles et discr\u00e8tes solutions SFA pour le relevage des condensats de climatiseurs"},"content":{"rendered":"\n<div class=\"wp-block-image\"><figure class=\"alignright is-resized\"><img loading=\"lazy\" src=\"https:\/\/i0.wp.com\/batimedianews.com\/live\/wp-content\/uploads\/2021\/04\/image-190.png?resize=332%2C187\" alt=\"\" class=\"wp-image-9386\" width=\"332\" height=\"187\" srcset=\"https:\/\/i0.wp.com\/batimedianews.com\/live\/wp-content\/uploads\/2021\/04\/image-190.png?resize=1024%2C576&amp;ssl=1 1024w, https:\/\/i0.wp.com\/batimedianews.com\/live\/wp-content\/uploads\/2021\/04\/image-190.png?resize=300%2C169&amp;ssl=1 300w, https:\/\/i0.wp.com\/batimedianews.com\/live\/wp-content\/uploads\/2021\/04\/image-190.png?resize=768%2C432&amp;ssl=1 768w, https:\/\/i0.wp.com\/batimedianews.com\/live\/wp-content\/uploads\/2021\/04\/image-190.png?resize=10%2C6&amp;ssl=1 10w, https:\/\/i0.wp.com\/batimedianews.com\/live\/wp-content\/uploads\/2021\/04\/image-190.png?resize=432%2C243&amp;ssl=1 432w, https:\/\/i0.wp.com\/batimedianews.com\/live\/wp-content\/uploads\/2021\/04\/image-190.png?resize=396%2C223&amp;ssl=1 396w, https:\/\/i0.wp.com\/batimedianews.com\/live\/wp-content\/uploads\/2021\/04\/image-190.png?resize=1120%2C630&amp;ssl=1 1120w, https:\/\/i0.wp.com\/batimedianews.com\/live\/wp-content\/uploads\/2021\/04\/image-190.png?resize=660%2C371&amp;ssl=1 660w, https:\/\/i0.wp.com\/batimedianews.com\/live\/wp-content\/uploads\/2021\/04\/image-190.png?resize=391%2C220&amp;ssl=1 391w, https:\/\/i0.wp.com\/batimedianews.com\/live\/wp-content\/uploads\/2021\/04\/image-190.png?w=1440 1440w, https:\/\/i0.wp.com\/batimedianews.com\/live\/wp-content\/uploads\/2021\/04\/image-190.png?w=2160 2160w\" sizes=\"(max-width: 600px) 91vw, (max-width: 900px) 600px, (max-width: 1060px) 50vw, (max-width: 1200px) 520px, (max-width: 1400px) 43vw, 600px\" data-recalc-dims=\"1\" \/><\/figure><\/div>\n\n\n\n<p class=\"has-background has-very-light-gray-background-color\">Pour accompagner l\u2019expansion du march\u00e9 fran\u00e7ais des climatiseurs, SFA vient de concevoir Sanicondens Clim Mini S, une pompe miniature permettant de relever et d\u2019\u00e9vacuer les condensats rejet\u00e9s par les climatiseurs d\u2019une puissance allant jusqu\u2019\u00e0 8 kW. Facilit\u00e9 d\u2019installation, discr\u00e9tion tant esth\u00e9tique qu\u2019acoustique, cette nouvelle r\u00e9f\u00e9rence SFA se d\u00e9cline \u00e9galement en Sanicondens Clim Pack S, une r\u00e9ponse compl\u00e8te pour l\u2019installation comprenant une pompe Sanicondens Clim Mini S, une goulotte blanche avec platine r\u00e9versible (gauche\/ droite).<\/p>\n\n\n\n<div class=\"wp-block-image\"><figure class=\"alignright is-resized\"><img loading=\"lazy\" src=\"https:\/\/i2.wp.com\/batimedianews.com\/live\/wp-content\/uploads\/2021\/04\/image-191.png?resize=251%2C205\" alt=\"\" class=\"wp-image-9387\" width=\"251\" height=\"205\" srcset=\"https:\/\/i2.wp.com\/batimedianews.com\/live\/wp-content\/uploads\/2021\/04\/image-191.png?resize=1024%2C834&amp;ssl=1 1024w, https:\/\/i2.wp.com\/batimedianews.com\/live\/wp-content\/uploads\/2021\/04\/image-191.png?resize=300%2C244&amp;ssl=1 300w, https:\/\/i2.wp.com\/batimedianews.com\/live\/wp-content\/uploads\/2021\/04\/image-191.png?resize=768%2C625&amp;ssl=1 768w, https:\/\/i2.wp.com\/batimedianews.com\/live\/wp-content\/uploads\/2021\/04\/image-191.png?resize=10%2C8&amp;ssl=1 10w, https:\/\/i2.wp.com\/batimedianews.com\/live\/wp-content\/uploads\/2021\/04\/image-191.png?resize=432%2C352&amp;ssl=1 432w, https:\/\/i2.wp.com\/batimedianews.com\/live\/wp-content\/uploads\/2021\/04\/image-191.png?resize=396%2C322&amp;ssl=1 396w, https:\/\/i2.wp.com\/batimedianews.com\/live\/wp-content\/uploads\/2021\/04\/image-191.png?resize=1120%2C912&amp;ssl=1 1120w, https:\/\/i2.wp.com\/batimedianews.com\/live\/wp-content\/uploads\/2021\/04\/image-191.png?resize=660%2C537&amp;ssl=1 660w, https:\/\/i2.wp.com\/batimedianews.com\/live\/wp-content\/uploads\/2021\/04\/image-191.png?resize=270%2C220&amp;ssl=1 270w, https:\/\/i2.wp.com\/batimedianews.com\/live\/wp-content\/uploads\/2021\/04\/image-191.png?w=1440 1440w, https:\/\/i2.wp.com\/batimedianews.com\/live\/wp-content\/uploads\/2021\/04\/image-191.png?w=2160 2160w\" sizes=\"(max-width: 600px) 91vw, (max-width: 900px) 600px, (max-width: 1060px) 50vw, (max-width: 1200px) 520px, (max-width: 1400px) 43vw, 600px\" data-recalc-dims=\"1\" \/><\/figure><\/div>\n\n\n\n<p>Compatible avec les climatiseurs allant jusqu\u2019\u00e0 8 kW de puissance, <strong>Sanicondens Clim Mini S<\/strong> s\u2019av\u00e8re particuli\u00e8rement silencieuse avec une pression acoustique de seulement 21 dB(A), ce qui se fait de mieux sur le march\u00e9. Pr\u00e9cisons de plus que cette performance acoustique synonyme de confort se conjugue \u00e0 un d\u00e9bit de 9 l\/h (+\/- 15%) avec une aspiration maximale, entre le bloc de d\u00e9tection et la pompe, allant jusqu\u2019\u00e0 2 m\u00e8tres et un refoulement des condensats pouvant atteindre une hauteur de 6 m\u00e8tres.<\/p>\n\n\n\n<p>Acceptant une temp\u00e9rature d\u2019eau entrante maximale de 35\u00b0 C, <strong>Sanicondens Clim Mini S<\/strong> est munie d\u2019une entr\u00e9e de 16 mm de diam\u00e8tre et d\u2019une \u00e9vacuation de 6 mm. Fabriqu\u00e9e en France et b\u00e9n\u00e9ficiant de l\u2019indice de protection \u00e9lectrique IP 20, <strong>Sanicondens Clim Mini S<\/strong> est aussi dot\u00e9e d\u2019un syst\u00e8me de s\u00e9curit\u00e9 avec protecteur thermique (130\u00b0 C), ainsi que d\u2019un contact alarme anti-d\u00e9bordement.<\/p>\n\n\n\n<p>S\u00e9curit\u00e9 toujours, cette fois c\u00f4t\u00e9 maintenance et entretien, puisque son contr\u00f4le sera facilit\u00e9 gr\u00e2ce \u00e0 sa base transparente et que SFA l\u2019a \u00e9galement \u00e9quip\u00e9e d\u2019un <strong>anti-siphonnement avec casse vide de s\u00e9rie<\/strong> pour emp\u00eacher toute surpression avec, pour b\u00e9n\u00e9fices directs, une installation prot\u00e9g\u00e9e et une dur\u00e9e de vie du climatiseur prolong\u00e9e.<\/p>\n\n\n\n<div class=\"wp-block-image\"><figure class=\"alignleft is-resized\"><img loading=\"lazy\" src=\"https:\/\/i1.wp.com\/batimedianews.com\/live\/wp-content\/uploads\/2021\/04\/image-192.png?resize=207%2C148\" alt=\"\" class=\"wp-image-9388\" width=\"207\" height=\"148\" srcset=\"https:\/\/i1.wp.com\/batimedianews.com\/live\/wp-content\/uploads\/2021\/04\/image-192.png?w=604&amp;ssl=1 604w, https:\/\/i1.wp.com\/batimedianews.com\/live\/wp-content\/uploads\/2021\/04\/image-192.png?resize=300%2C216&amp;ssl=1 300w, https:\/\/i1.wp.com\/batimedianews.com\/live\/wp-content\/uploads\/2021\/04\/image-192.png?resize=10%2C7&amp;ssl=1 10w, https:\/\/i1.wp.com\/batimedianews.com\/live\/wp-content\/uploads\/2021\/04\/image-192.png?resize=432%2C311&amp;ssl=1 432w, https:\/\/i1.wp.com\/batimedianews.com\/live\/wp-content\/uploads\/2021\/04\/image-192.png?resize=396%2C285&amp;ssl=1 396w, https:\/\/i1.wp.com\/batimedianews.com\/live\/wp-content\/uploads\/2021\/04\/image-192.png?resize=305%2C220&amp;ssl=1 305w\" sizes=\"(max-width: 600px) 91vw, (max-width: 900px) 600px, (max-width: 1060px) 50vw, (max-width: 1200px) 520px, (max-width: 1400px) 43vw, 600px\" data-recalc-dims=\"1\" \/><\/figure><\/div>\n\n\n\n<p>Tr\u00e8s compacte, (bloc de d\u00e9tection : 74 x 37 x 37.5 mm \u2013 bloc pompe : 57 x 32 x 105 mm), le montage de <strong>Sanicondens Clim Mini S<\/strong> s\u2019op\u00e8re, comme toujours chez SFA, tr\u00e8s facilement gr\u00e2ce notamment aux accessoires de fixation et de raccordement fournis (tuyau souple de 1,2 m, support de d\u00e9tecteur, tube d\u2019\u00e9vent, c\u00e2ble d\u2019alimentation et casse vide).<\/p>\n\n\n\n<div class=\"wp-block-image\"><figure class=\"alignright is-resized\"><img loading=\"lazy\" src=\"https:\/\/i2.wp.com\/batimedianews.com\/live\/wp-content\/uploads\/2021\/04\/image-193.png?resize=196%2C198\" alt=\"\" class=\"wp-image-9389\" width=\"196\" height=\"198\" srcset=\"https:\/\/i2.wp.com\/batimedianews.com\/live\/wp-content\/uploads\/2021\/04\/image-193.png?resize=1011%2C1024&amp;ssl=1 1011w, https:\/\/i2.wp.com\/batimedianews.com\/live\/wp-content\/uploads\/2021\/04\/image-193.png?resize=296%2C300&amp;ssl=1 296w, https:\/\/i2.wp.com\/batimedianews.com\/live\/wp-content\/uploads\/2021\/04\/image-193.png?resize=768%2C778&amp;ssl=1 768w, https:\/\/i2.wp.com\/batimedianews.com\/live\/wp-content\/uploads\/2021\/04\/image-193.png?resize=10%2C10&amp;ssl=1 10w, https:\/\/i2.wp.com\/batimedianews.com\/live\/wp-content\/uploads\/2021\/04\/image-193.png?resize=432%2C437&amp;ssl=1 432w, https:\/\/i2.wp.com\/batimedianews.com\/live\/wp-content\/uploads\/2021\/04\/image-193.png?resize=396%2C401&amp;ssl=1 396w, https:\/\/i2.wp.com\/batimedianews.com\/live\/wp-content\/uploads\/2021\/04\/image-193.png?resize=1120%2C1134&amp;ssl=1 1120w, https:\/\/i2.wp.com\/batimedianews.com\/live\/wp-content\/uploads\/2021\/04\/image-193.png?resize=660%2C668&amp;ssl=1 660w, https:\/\/i2.wp.com\/batimedianews.com\/live\/wp-content\/uploads\/2021\/04\/image-193.png?resize=217%2C220&amp;ssl=1 217w, https:\/\/i2.wp.com\/batimedianews.com\/live\/wp-content\/uploads\/2021\/04\/image-193.png?w=1440 1440w, https:\/\/i2.wp.com\/batimedianews.com\/live\/wp-content\/uploads\/2021\/04\/image-193.png?w=2160 2160w\" sizes=\"(max-width: 600px) 91vw, (max-width: 900px) 600px, (max-width: 1060px) 50vw, (max-width: 1200px) 520px, (max-width: 1400px) 43vw, 600px\" data-recalc-dims=\"1\" \/><\/figure><\/div>\n\n\n\n<p><strong>Sanicondens Clim Mini S et Sanicondens Clim Pack S sont commercialis\u00e9es aux prix publics indicatifs respectifs de 81,28 euros HT et hors pose et 125,80 euros HT et hors pose.<\/strong><\/p>\n","protected":false},"excerpt":{"rendered":"<p>Pour accompagner l\u2019expansion du march\u00e9 fran\u00e7ais des climatiseurs, SFA vient de concevoir Sanicondens Clim Mini S, une pompe miniature permettant de relever et d\u2019\u00e9vacuer les condensats rejet\u00e9s par les climatiseurs d\u2019une puissance allant jusqu\u2019\u00e0 8 kW. Facilit\u00e9 d\u2019installation, discr\u00e9tion tant esth\u00e9tique qu\u2019acoustique, cette nouvelle r\u00e9f\u00e9rence SFA se d\u00e9cline \u00e9galement en Sanicondens Clim Pack S, une [&hellip;]<\/p>\n","protected":false},"author":41,"featured_media":9385,"comment_status":"open","ping_status":"open","sticky":false,"template":"","format":"standard","meta":{"spay_email":""},"categories":[4,868,35,861,127],"tags":[],"jetpack_featured_media_url":"https:\/\/i1.wp.com\/batimedianews.com\/live\/wp-content\/uploads\/2021\/04\/image-189.png?fit=886%2C498&ssl=1","jetpack_sharing_enabled":true,"jetpack_likes_enabled":true,"jetpack-related-posts":[{"id":15502,"url":"https:\/\/batimedianews.com\/live\/index.php\/2022\/02\/02\/des-solutions-pour-tous-les-nouvelles-editions-des-catalogues-sfa-deja-disponibles\/","url_meta":{"origin":9384,"position":0},"title":"Des solutions pour tous : les nouvelles \u00e9ditions des catalogues SFA d\u00e9j\u00e0 disponibles","date":"2 f\u00e9vrier 2022","format":false,"excerpt":"Comme chaque d\u00e9but d\u2019ann\u00e9e, l\u2019acteur historique r\u00e9f\u00e9rent de l\u2019univers des sanitaires, SFA, met \u00e0 disposition ses nouvelles \u00e9ditions de catalogues. Et comme de tradition, chacun trouvera son \u00e9dition d\u00e9di\u00e9e ! Que l\u2019on soit professionnel (prescripteur, artisan plombier, entreprise et acteur du TP et de l\u2019assainissement) ou bien particulier, SFA propose\u2026","rel":"","context":"Dans &quot;Actualit\u00e9 Entreprises&quot;","img":{"alt_text":"","src":"https:\/\/i2.wp.com\/batimedianews.com\/live\/wp-content\/uploads\/2022\/02\/SFA-Article.jpg?fit=512%2C512&ssl=1&resize=350%2C200","width":350,"height":200},"classes":[]},{"id":49002,"url":"https:\/\/batimedianews.com\/live\/index.php\/2026\/02\/17\/professionnels-du-btp-et-bricoleurs-les-nouveaux-catalogues-sfa-sont-disponibles\/","url_meta":{"origin":9384,"position":1},"title":"Professionnels du BTP et bricoleurs : les nouveaux catalogues SFA sont disponibles","date":"17 f\u00e9vrier 2026","format":false,"excerpt":"Affichant aujourd\u2019hui des offres aussi diversifi\u00e9es que profondes en pompes et broyeurs sanitaires domestiques, pompes et stations de relevage professionnelles, \u00e9quipements et solutions pour le traitement des eaux, SFA, l\u2019inventeur du Sanibroyeur\u00ae, c\u00e9l\u00e8bre la nouvelle ann\u00e9e 2026 en mettant \u00e0 disposition ses nouveaux catalogues.\u00a0 Que l\u2019on soit professionnel du BTP\u2026","rel":"","context":"Dans &quot;Actualit\u00e9 Entreprises&quot;","img":{"alt_text":"","src":"https:\/\/i1.wp.com\/batimedianews.com\/live\/wp-content\/uploads\/2026\/01\/SFA.jpg?fit=825%2C825&ssl=1&resize=350%2C200","width":350,"height":200},"classes":[]},{"id":11898,"url":"https:\/\/batimedianews.com\/live\/index.php\/2021\/09\/13\/sanicondens-de-sfa-une-offre-complete-de-solutions-pour-le-relevage-et-la-neutralisation-des-condensats-de-chaudieres\/","url_meta":{"origin":9384,"position":2},"title":"Sanicondens de SFA : une offre compl\u00e8te de solutions pour le relevage et la neutralisation des condensats de chaudi\u00e8res","date":"13 septembre 2021","format":false,"excerpt":"SFA accompagne judicieusement le d\u00e9veloppement croissant et constant du march\u00e9 des chaudi\u00e8res \u00e0 condensation, qu\u2019elles soient au gaz comme au fioul. Peu \u00e9nergivores, ces g\u00e9n\u00e9rateurs affichent en effet des performances \u00e9nerg\u00e9tiques optimales, avec des rendements d\u00e9passant les 100 % gr\u00e2ce \u00e0 la technologie dite \u00e0 condensation. Pour autant, en condensant\u2026","rel":"","context":"Dans &quot;Actualit\u00e9 Entreprises&quot;","img":{"alt_text":"","src":"https:\/\/i1.wp.com\/batimedianews.com\/live\/wp-content\/uploads\/2021\/09\/SFA-Article.jpg?fit=512%2C512&ssl=1&resize=350%2C200","width":350,"height":200},"classes":[]},{"id":42013,"url":"https:\/\/batimedianews.com\/live\/index.php\/2025\/01\/09\/les-nouvelles-editions-des-catalogues-sfa-2025-sont-disponibles\/","url_meta":{"origin":9384,"position":3},"title":"Les nouvelles \u00e9ditions des catalogues SFA 2025 sont disponibles","date":"9 janvier 2025","format":false,"excerpt":"\u00a0SFA met \u00e0 disposition des professionnels du b\u00e2timent et des travaux publics ses nouveaux catalogues 2025. Qu\u2019il s\u2019agisse de leur version imprim\u00e9e ou de leur alternative digitale disponibles sur le site www.sfa.fr, ces nouvelles documentations s\u2019imposeront en pr\u00e9cieux outils guidant id\u00e9alement ces acteurs dans leurs pr\u00e9conisations. De quoi r\u00e9pondre en\u2026","rel":"","context":"Dans &quot;Actualit\u00e9 Entreprises&quot;","img":{"alt_text":"","src":"https:\/\/i2.wp.com\/batimedianews.com\/live\/wp-content\/uploads\/2025\/01\/SFA.jpg?fit=825%2C825&ssl=1&resize=350%2C200","width":350,"height":200},"classes":[]},{"id":3435,"url":"https:\/\/batimedianews.com\/live\/index.php\/2019\/11\/06\/sfa-relever-les-condensats-dune-chaudiere\/","url_meta":{"origin":9384,"position":4},"title":"SFA Relever les condensats d&rsquo;une chaudi\u00e8re","date":"6 novembre 2019","format":"video","excerpt":"https:\/\/youtu.be\/qtGSeT729r4","rel":"","context":"Dans &quot;Actualit\u00e9 Entreprises&quot;","img":{"alt_text":"","src":"https:\/\/i1.wp.com\/img.youtube.com\/vi\/qtGSeT729r4\/0.jpg?resize=350%2C200","width":350,"height":200},"classes":[]},{"id":46316,"url":"https:\/\/batimedianews.com\/live\/index.php\/2025\/09\/03\/decoclim-devoile-ses-nouveautes-2025\/","url_meta":{"origin":9384,"position":5},"title":"DECOCLIM d\u00e9voile ses nouveaut\u00e9s 2025","date":"3 septembre 2025","format":false,"excerpt":"Une demande croissante port\u00e9e par l\u2019\u00e9volution du march\u00e9\u00a0 Face \u00e0 des r\u00e9glementations locales de plus en plus strictes concernant l\u2019installation des pompes \u00e0 chaleur et des climatiseurs, les solutions d\u2019habillage s\u2019imposent d\u00e9sormais comme une r\u00e9ponse incontournable. Pour accompagner les professionnels dans cette \u00e9volution, DECOCLIM \u2013 sp\u00e9cialiste des solutions esth\u00e9tiques et\u2026","rel":"","context":"Dans &quot;Actualit\u00e9 Entreprises&quot;","img":{"alt_text":"","src":"https:\/\/i1.wp.com\/batimedianews.com\/live\/wp-content\/uploads\/2025\/09\/Decoclim.jpg?fit=825%2C825&ssl=1&resize=350%2C200","width":350,"height":200},"classes":[]}],"_links":{"self":[{"href":"https:\/\/batimedianews.com\/live\/index.php\/wp-json\/wp\/v2\/posts\/9384"}],"collection":[{"href":"https:\/\/batimedianews.com\/live\/index.php\/wp-json\/wp\/v2\/posts"}],"about":[{"href":"https:\/\/batimedianews.com\/live\/index.php\/wp-json\/wp\/v2\/types\/post"}],"author":[{"embeddable":true,"href":"https:\/\/batimedianews.com\/live\/index.php\/wp-json\/wp\/v2\/users\/41"}],"replies":[{"embeddable":true,"href":"https:\/\/batimedianews.com\/live\/index.php\/wp-json\/wp\/v2\/comments?post=9384"}],"version-history":[{"count":2,"href":"https:\/\/batimedianews.com\/live\/index.php\/wp-json\/wp\/v2\/posts\/9384\/revisions"}],"predecessor-version":[{"id":9403,"href":"https:\/\/batimedianews.com\/live\/index.php\/wp-json\/wp\/v2\/posts\/9384\/revisions\/9403"}],"wp:featuredmedia":[{"embeddable":true,"href":"https:\/\/batimedianews.com\/live\/index.php\/wp-json\/wp\/v2\/media\/9385"}],"wp:attachment":[{"href":"https:\/\/batimedianews.com\/live\/index.php\/wp-json\/wp\/v2\/media?parent=9384"}],"wp:term":[{"taxonomy":"category","embeddable":true,"href":"https:\/\/batimedianews.com\/live\/index.php\/wp-json\/wp\/v2\/categories?post=9384"},{"taxonomy":"post_tag","embeddable":true,"href":"https:\/\/batimedianews.com\/live\/index.php\/wp-json\/wp\/v2\/tags?post=9384"}],"curies":[{"name":"wp","href":"https:\/\/api.w.org\/{rel}","templated":true}]}}