{"id":9472,"date":"2021-05-04T09:36:25","date_gmt":"2021-05-04T07:36:25","guid":{"rendered":"http:\/\/batimedianews.com\/live\/?p=9472"},"modified":"2021-10-21T11:44:51","modified_gmt":"2021-10-21T09:44:51","slug":"la-charlotte-confie-a-portakabin-la-construction-de-sa-boutique-usine-ephemere","status":"publish","type":"post","link":"https:\/\/batimedianews.com\/live\/index.php\/2021\/05\/04\/la-charlotte-confie-a-portakabin-la-construction-de-sa-boutique-usine-ephemere\/","title":{"rendered":"La Charlotte confie \u00e0 Portakabin la construction de sa boutique-usine \u00e9ph\u00e9m\u00e8re"},"content":{"rendered":"\n<p><em>Templemars, le 27 avril 2021 <\/em>&#8211; <strong>Portakabin, acteur majeur de la construction modulaire en Europe, a annonc\u00e9 r\u00e9cemment le lancement de sa nouvelle gamme de b\u00e2timents modulaires hauts de gamme baptis\u00e9e ALTA\u00ae. Dans le cadre de ce lancement, le groupe a \u00e9t\u00e9 choisi par la soci\u00e9t\u00e9 de p\u00e2tisseries et glaces artisanales haut-de-gamme La Charlotte pour la cr\u00e9ation de sa boutique-usine \u00e9ph\u00e9m\u00e8re.&nbsp;<\/strong><\/p>\n\n\n\n<p><strong>Le standing des installations ALTA\u00ae au service du commerce haut-de-gamme&nbsp;<\/strong><\/p>\n\n\n\n<p>La soci\u00e9t\u00e9 La Charlotte, reconnue sur le march\u00e9 des p\u00e2tisseries et glaces haut-de-gamme, produit des g\u00e2teaux artisanaux au sein de son usine de 9000 m\u00b2 situ\u00e9e \u00e0 Hesdin-Labb\u00e9 dans le Nord de la France. C\u2019est dans l\u2019optique de commercialiser ses produits via une boutique-usine \u00e9ph\u00e9m\u00e8re que La Charlotte a souhait\u00e9 faire appel \u00e0 Portakabin pour ces travaux.&nbsp;<\/p>\n\n\n\n<p>Il aura fallu moins de trois heures aux \u00e9quipes Portakabin pour monter de toutes pi\u00e8ces le magasin de 50 m\u00b2 juxtaposant les centres industriels de la soci\u00e9t\u00e9 de desserts. 4 b\u00e2timents ALTA\u00ae en rez-de-chauss\u00e9e avec une hauteur de plafond de 2 m\u00e8tres 75 accueilleront pendant les 6 prochains mois les clients de la soci\u00e9t\u00e9 pour leurs achats. Les sp\u00e9cificit\u00e9s techniques des b\u00e2timents Portakabin ALTA\u00ae ont rendu possible l\u2019int\u00e9gration d\u2019un syst\u00e8me de climatisation indispensable \u00e0 la bonne conservation des produits.&nbsp;<\/p>\n\n\n\n<p>Les grandes fen\u00eatres et ouvertures ainsi que l\u2019\u00e9clairage LED ont \u00e9t\u00e9 un crit\u00e8re de choix d\u00e9terminants car ils offrent la possibilit\u00e9 de cr\u00e9er un environnement de vente agr\u00e9able et esth\u00e9tique. Les normes de s\u00e9curit\u00e9 inh\u00e9rentes aux b\u00e2timents ALTA\u00ae ont quant \u00e0 elles constitu\u00e9 l\u2019avantage concurrentiel majeur pour La Charlotte dans le cadre de cette collaboration :&nbsp;<\/p>\n\n\n\n<p>&nbsp;\u00ab <strong><em>Lorsque nous avons imagin\u00e9 notre boutique-usine \u00e9ph\u00e9m\u00e8re, nous avons souhait\u00e9 pouvoir l\u2019int\u00e9grer compl\u00e8tement \u00e0 notre site de production d\u2019Hesdin-Labb\u00e9. Construire une installation aussi proche d\u2019une usine implique un haut niveau de s\u00e9curit\u00e9 et c\u2019est gr\u00e2ce \u00e0 la r\u00e9sistance au feu de 60 minutes de la gamme de b\u00e2timents ALTA\u00ae que les assureurs ont accept\u00e9 une telle proximit\u00e9. \u00bb <\/em><\/strong>confie Gilles Ponchel, Directeur Industriel de La Charlotte&nbsp;<\/p>\n\n\n\n<p><strong><em>\u00ab Nous sommes ravis que l\u2019aboutissement technique de notre nouvelle gamme de b\u00e2timents ALTA\u00ae permette de r\u00e9pondre aux enjeux et besoins d\u2019entreprises telle que La Charlotte, dont l\u2019activit\u00e9 n\u00e9cessite des infrastructures haut-de-gamme. C\u2019est une nouvelle preuve de la capacit\u00e9 d\u2019innovation et d\u2019adaptabilit\u00e9 de nos \u00e9quipes et de nos produits \u00bb <\/em><\/strong>d\u00e9clare Cyril Petit-Masquelier, Pr\u00e9sident de Portakabin France.<\/p>\n\n\n\n<figure class=\"wp-block-image\"><img loading=\"lazy\" width=\"720\" height=\"405\" src=\"https:\/\/i0.wp.com\/batimedianews.com\/live\/wp-content\/uploads\/2021\/04\/image-222.png?resize=720%2C405\" alt=\"\" class=\"wp-image-9476\" srcset=\"https:\/\/i0.wp.com\/batimedianews.com\/live\/wp-content\/uploads\/2021\/04\/image-222.png?resize=1024%2C576&amp;ssl=1 1024w, https:\/\/i0.wp.com\/batimedianews.com\/live\/wp-content\/uploads\/2021\/04\/image-222.png?resize=300%2C169&amp;ssl=1 300w, https:\/\/i0.wp.com\/batimedianews.com\/live\/wp-content\/uploads\/2021\/04\/image-222.png?resize=768%2C432&amp;ssl=1 768w, https:\/\/i0.wp.com\/batimedianews.com\/live\/wp-content\/uploads\/2021\/04\/image-222.png?resize=10%2C6&amp;ssl=1 10w, https:\/\/i0.wp.com\/batimedianews.com\/live\/wp-content\/uploads\/2021\/04\/image-222.png?resize=432%2C243&amp;ssl=1 432w, https:\/\/i0.wp.com\/batimedianews.com\/live\/wp-content\/uploads\/2021\/04\/image-222.png?resize=396%2C223&amp;ssl=1 396w, https:\/\/i0.wp.com\/batimedianews.com\/live\/wp-content\/uploads\/2021\/04\/image-222.png?resize=1120%2C630&amp;ssl=1 1120w, https:\/\/i0.wp.com\/batimedianews.com\/live\/wp-content\/uploads\/2021\/04\/image-222.png?resize=660%2C371&amp;ssl=1 660w, https:\/\/i0.wp.com\/batimedianews.com\/live\/wp-content\/uploads\/2021\/04\/image-222.png?resize=391%2C220&amp;ssl=1 391w, https:\/\/i0.wp.com\/batimedianews.com\/live\/wp-content\/uploads\/2021\/04\/image-222.png?w=1920&amp;ssl=1 1920w, https:\/\/i0.wp.com\/batimedianews.com\/live\/wp-content\/uploads\/2021\/04\/image-222.png?w=1440 1440w\" sizes=\"(max-width: 600px) 91vw, (max-width: 900px) 600px, (max-width: 1060px) 50vw, (max-width: 1200px) 520px, (max-width: 1400px) 43vw, 600px\" data-recalc-dims=\"1\" \/><\/figure>\n\n\n\n<p>&nbsp;<\/p>\n\n\n\n<p><strong>A propos de Portakabin :&nbsp;<\/strong><\/p>\n\n\n\n<p>Depuis 1961, Portakabin innove, d\u00e9veloppe et livre des b\u00e2timents modulaires qui r\u00e9pondent \u00e0 des probl\u00e9matiques d\u2019espaces et qui ouvrent des possibilit\u00e9s nouvelles pour une grande vari\u00e9t\u00e9 d\u2019organisations, quelles que soient leurs tailles. L\u2019entreprise anglaise est pr\u00e9sente dans 10 pays europ\u00e9ens, localement dans 100 villes, et elle emploie 1 750 personnes. Elle est implant\u00e9e en France depuis pr\u00e8s de 50 ans et y emploie 165 collaborateurs. Portakabin France est contr\u00f4l\u00e9 depuis sa filiale bas\u00e9e \u00e0 Templemars (59) et est pr\u00e9sent localement dans 11 villes.&nbsp;<\/p>\n\n\n\n<p>L\u2019entreprise est active dans l\u2019Hexagone sur le march\u00e9 du tertiaire. Elle con\u00e7oit des constructions industrialis\u00e9es et modulaires pour des entreprises (bureaux, salles de r\u00e9union, espaces de vente, commerces\u2026), l\u2019\u00e9ducation (\u00e9coles, centres de formation, r\u00e9fectoires\u2026), la sant\u00e9 (espaces cliniques), les acteurs des chantiers (bases-vie), ainsi que des espaces sanitaires (douches, sanitaires et vestiaires). Son activit\u00e9 principale est la location de modules.&nbsp;<\/p>\n","protected":false},"excerpt":{"rendered":"<p>Templemars, le 27 avril 2021 &#8211; Portakabin, acteur majeur de la construction modulaire en Europe, a annonc\u00e9 r\u00e9cemment le lancement de sa nouvelle gamme de b\u00e2timents modulaires hauts de gamme baptis\u00e9e ALTA\u00ae. Dans le cadre de ce lancement, le groupe a \u00e9t\u00e9 choisi par la soci\u00e9t\u00e9 de p\u00e2tisseries et glaces artisanales haut-de-gamme La Charlotte pour [&hellip;]<\/p>\n","protected":false},"author":41,"featured_media":9473,"comment_status":"open","ping_status":"open","sticky":false,"template":"","format":"standard","meta":{"spay_email":""},"categories":[4,40],"tags":[],"jetpack_featured_media_url":"https:\/\/i0.wp.com\/batimedianews.com\/live\/wp-content\/uploads\/2021\/04\/image-221.png?fit=1128%2C636&ssl=1","jetpack_sharing_enabled":true,"jetpack_likes_enabled":true,"jetpack-related-posts":[{"id":1023,"url":"https:\/\/batimedianews.com\/live\/index.php\/2019\/03\/29\/a-loccasion-du-bim-world-2019algeco-entre-dans-la-3eme-dimension-avec-sa-toute-nouvelle-gamme-progress-2-feu-en-bim\/","url_meta":{"origin":9472,"position":0},"title":"\u00c0 l\u2019occasion du BIM World 2019,Algeco entre dans la 3\u00e8me dimension avec sa toute nouvelle gamme Progress 2 FEU en BIM","date":"29 mars 2019","format":false,"excerpt":"\u00c0 l\u2019occasion du BIM World 2019, les 2 et 3 avril prochain, Algeco entre dans la 3\u00e8me dimension en pr\u00e9sentant sa toute nouvelle gamme Progress 2 FEU en BIM (Building Information Modelling) - la premi\u00e8re solution modulaire \u00e0 s\u2019ins\u00e9rer dans le \u00ab cloud \u00bb BIM L\u2019\u00e9dition BIM World 2019, les\u2026","rel":"","context":"Dans &quot;Actualit\u00e9 Entreprises&quot;","img":{"alt_text":"","src":"https:\/\/i1.wp.com\/batimedianews.com\/live\/wp-content\/uploads\/2019\/08\/ajgeco.jpg?fit=685%2C392&ssl=1&resize=350%2C200","width":350,"height":200},"classes":[]},{"id":32690,"url":"https:\/\/batimedianews.com\/live\/index.php\/2023\/11\/08\/incarner-lesprit-du-lieu-entre-canal-de-lourcq-et-grands-moulins\/","url_meta":{"origin":9472,"position":1},"title":"Incarner l&rsquo;esprit du lieu, entre canal de l\u2019Ourcq et grands moulins","date":"8 novembre 2023","format":false,"excerpt":"Pour imaginer ces 3 b\u00e2timents destin\u00e9s \u00e0 l'accession \u00e0 la propri\u00e9t\u00e9, l'architecte Christelle Avenier a \u00e9l\u00e9gamment r\u00e9pondu au patrimoine industriel du lieu et aux attentes actuelles. \u00a9 Simon Schnepp, Morgane Renou, Charlotte Toscan, Simone Bossi, AvenierCornejo \u00a0Un projet o\u00f9 la brique en terre cuite s'impose naturellement C'est en remportant le\u2026","rel":"","context":"Dans &quot;Actualit\u00e9 Entreprises&quot;","img":{"alt_text":"","src":"https:\/\/i1.wp.com\/batimedianews.com\/live\/wp-content\/uploads\/2023\/10\/Wienerberger-Image-articles-.jpg?fit=825%2C825&ssl=1&resize=350%2C200","width":350,"height":200},"classes":[]},{"id":27811,"url":"https:\/\/batimedianews.com\/live\/index.php\/2023\/04\/18\/pret-pour-lavenir-de-la-construction-modulaire\/","url_meta":{"origin":9472,"position":2},"title":"Pr\u00eat pour l&rsquo;avenir de la construction modulaire !","date":"18 avril 2023","format":false,"excerpt":"Wieland Electric pr\u00e9sente au salon BAU 2023 le potentiel vari\u00e9 des installations \u00e9lectriques pr\u00e9fabriqu\u00e9es et enfichables pour toutes les formes de construction modulaires. Une premi\u00e8re pour l'entreprise Wieland Electric : le leader mondial dans le domaine des installations \u00e9lectriques enfichables pour la technique du b\u00e2timent exposera ses solutions au salon\u2026","rel":"","context":"Dans &quot;Actualit\u00e9 Entreprises&quot;","img":{"alt_text":"","src":"https:\/\/i0.wp.com\/batimedianews.com\/live\/wp-content\/uploads\/2023\/04\/wield-Article.jpg?fit=1080%2C1080&ssl=1&resize=350%2C200","width":350,"height":200},"classes":[]},{"id":30942,"url":"https:\/\/batimedianews.com\/live\/index.php\/2023\/10\/10\/avec-rlite-sa-nouvelle-gamme-biosourcee-rector-accelere-sa-transformation-pour-renforcer-son-leadership-dans-la-decarbonation-des-batiments\/","url_meta":{"origin":9472,"position":3},"title":"Avec Rlite, sa nouvelle gamme biosourc\u00e9e, Rector acc\u00e9l\u00e8re sa transformation pour renforcer son leadership dans la d\u00e9carbonation des b\u00e2timents","date":"10 octobre 2023","format":false,"excerpt":"\u00a0Avec l\u2019innovation comme moteur, RECTOR, sp\u00e9cialiste de la pr\u00e9fabrication d\u2019\u00e9l\u00e9ments de gros \u0153uvres en b\u00e9ton pr\u00e9contraint et b\u00e9ton arm\u00e9, est un industriel engag\u00e9 dans la r\u00e9duction de l\u2019empreinte environnementale de ses activit\u00e9s et syst\u00e8mes, axe prioritaire de sa strat\u00e9gie RSE. Pour aller plus loin et mieux construire le b\u00e2timent durable,\u2026","rel":"","context":"Dans &quot;Actualit\u00e9 Entreprises&quot;","img":{"alt_text":"","src":"https:\/\/i2.wp.com\/batimedianews.com\/live\/wp-content\/uploads\/2023\/09\/rector-image2.jpeg?fit=1169%2C638&ssl=1&resize=350%2C200","width":350,"height":200},"classes":[]},{"id":1376,"url":"https:\/\/batimedianews.com\/live\/index.php\/2019\/07\/01\/compobaie-solution-le-perreux-sur-marne-16-logements-sociaux-haut-de-gamme-et-innovants\/","url_meta":{"origin":9472,"position":4},"title":"Compobaie Solution : Le Perreux sur Marne : 16 logements sociaux haut de gamme et innovants","date":"1 juillet 2019","format":false,"excerpt":"Ce programme de logements sociaux est implant\u00e9 dans le d\u00e9partement du Val de Marne, et impuls\u00e9 par Immobili\u00e8re 3F. Cet ensemble a \u00e9t\u00e9 imagin\u00e9 par l\u2019agence d\u2019architecte Palast, avec un design moderne et des terrasses sur les 2 \u00e9tages sup\u00e9rieurs. Autre particularit\u00e9 importante : ses fen\u00eatres pr\u00e9fabriqu\u00e9es en b\u00e9ton, enti\u00e8rement\u2026","rel":"","context":"Dans &quot;Actualit\u00e9 Entreprises&quot;","img":{"alt_text":"","src":"https:\/\/i0.wp.com\/batimedianews.com\/live\/wp-content\/uploads\/2019\/08\/image_compobaie_solution.jpg?fit=992%2C578&ssl=1&resize=350%2C200","width":350,"height":200},"classes":[]},{"id":11177,"url":"https:\/\/batimedianews.com\/live\/index.php\/2021\/07\/20\/renoval-menuiseries-met-le-feu-au-secteur-de-la-construction\/","url_meta":{"origin":9472,"position":5},"title":"RENOVAL Menuiseries met le feu au secteur de la construction !","date":"20 juillet 2021","format":false,"excerpt":"Cr\u00e9\u00e9e en 1988, l\u2019activit\u00e9 menuiseries RENOVAL s\u2019est d\u00e9velopp\u00e9e avec l\u2019ambition d\u2019apporter des solutions pertinentes et personnalis\u00e9es pour les professionnels du b\u00e2timent. L\u2019offre produits RENOVAL Menuiseries s\u2019est ainsi d\u00e9velopp\u00e9e en s\u2019adaptant aux besoins du march\u00e9 tout en privil\u00e9giant l\u2019am\u00e9lioration continue et l\u2019innovation.\u00a0 Apr\u00e8s avoir conquis le march\u00e9 du modulaire, RENOVAL Menuiseries\u2026","rel":"","context":"Dans &quot;Actualit\u00e9 Entreprises&quot;","img":{"alt_text":"","src":"https:\/\/i0.wp.com\/batimedianews.com\/live\/wp-content\/uploads\/2021\/07\/Renoval-Article.jpg?fit=512%2C512&ssl=1&resize=350%2C200","width":350,"height":200},"classes":[]}],"_links":{"self":[{"href":"https:\/\/batimedianews.com\/live\/index.php\/wp-json\/wp\/v2\/posts\/9472"}],"collection":[{"href":"https:\/\/batimedianews.com\/live\/index.php\/wp-json\/wp\/v2\/posts"}],"about":[{"href":"https:\/\/batimedianews.com\/live\/index.php\/wp-json\/wp\/v2\/types\/post"}],"author":[{"embeddable":true,"href":"https:\/\/batimedianews.com\/live\/index.php\/wp-json\/wp\/v2\/users\/41"}],"replies":[{"embeddable":true,"href":"https:\/\/batimedianews.com\/live\/index.php\/wp-json\/wp\/v2\/comments?post=9472"}],"version-history":[{"count":4,"href":"https:\/\/batimedianews.com\/live\/index.php\/wp-json\/wp\/v2\/posts\/9472\/revisions"}],"predecessor-version":[{"id":9626,"href":"https:\/\/batimedianews.com\/live\/index.php\/wp-json\/wp\/v2\/posts\/9472\/revisions\/9626"}],"wp:featuredmedia":[{"embeddable":true,"href":"https:\/\/batimedianews.com\/live\/index.php\/wp-json\/wp\/v2\/media\/9473"}],"wp:attachment":[{"href":"https:\/\/batimedianews.com\/live\/index.php\/wp-json\/wp\/v2\/media?parent=9472"}],"wp:term":[{"taxonomy":"category","embeddable":true,"href":"https:\/\/batimedianews.com\/live\/index.php\/wp-json\/wp\/v2\/categories?post=9472"},{"taxonomy":"post_tag","embeddable":true,"href":"https:\/\/batimedianews.com\/live\/index.php\/wp-json\/wp\/v2\/tags?post=9472"}],"curies":[{"name":"wp","href":"https:\/\/api.w.org\/{rel}","templated":true}]}}