{"id":9601,"date":"2021-05-05T09:46:35","date_gmt":"2021-05-05T07:46:35","guid":{"rendered":"http:\/\/batimedianews.com\/live\/?p=9601"},"modified":"2021-10-21T11:39:47","modified_gmt":"2021-10-21T09:39:47","slug":"chauffage-bois-dans-le-collectif-une-etude-realisee-par-propellet-confirme-que-le-granule-de-bois-a-toute-sa-place","status":"publish","type":"post","link":"https:\/\/batimedianews.com\/live\/index.php\/2021\/05\/05\/chauffage-bois-dans-le-collectif-une-etude-realisee-par-propellet-confirme-que-le-granule-de-bois-a-toute-sa-place\/","title":{"rendered":"CHAUFFAGE BOIS DANS LE COLLECTIF. Une \u00e9tude r\u00e9alis\u00e9e par Propellet confirme que le GRANULE DE BOIS a toute sa place"},"content":{"rendered":"\n<p>Les chaufferies collectives au granul\u00e9 sont naturellement adapt\u00e9es pour un usage collectif. Le <strong>march\u00e9 repr\u00e9sente aujourd\u2019hui 5% de la consommation cumul\u00e9e du granul\u00e9 en France, le potentiel est important<\/strong>. Gr\u00e2ce \u00e0 sa densit\u00e9 \u00e9nerg\u00e9tique, son homog\u00e9n\u00e9it\u00e9, son co\u00fbt, son excellent bilan carbone et sa combustion propre et sa flexibilit\u00e9 d\u2019utilisation, il r\u00e9pond \u00e0 des besoins sp\u00e9cifiques qui le rendent incontournable dans le mix \u00e9nerg\u00e9tique fran\u00e7ais.&nbsp;<\/p>\n\n\n\n<p>Avec plus de <strong>1100 chaufferies au granul\u00e9 de bois en France<\/strong>, les retours d\u2019exp\u00e9rience sont nombreux et tr\u00e8s satisfaisants : \u00e9coles, lyc\u00e9es, bureaux, mairies, gymnases, lotissements \u2026&nbsp;<\/p>\n\n\n\n<p>Pour identifier au mieux le march\u00e9 et \u00e9valuer les zones de pertinence \u00e9conomique de ces installations, <strong>Propellet <\/strong>a men\u00e9 l\u2019enqu\u00eate. Cette <strong>\u00e9tude rendue en novembre 2020 \u00ab Articulation des usages entre granul\u00e9 et plaquette \u00bb <\/strong>a \u00e9t\u00e9 financ\u00e9e par l\u2019ADEME, l\u2019interprofession France Bois For\u00eat (FBF) et cor\u00e9alis\u00e9e avec le Comit\u00e9 Interprofessionnel du Bois Energie (CIBE) et le Syndicat National des Producteurs de Granul\u00e9 de Bois (SNPGB).&nbsp;<\/p>\n\n\n\n<figure class=\"wp-block-image\"><img loading=\"lazy\" width=\"720\" height=\"404\" src=\"https:\/\/i2.wp.com\/batimedianews.com\/live\/wp-content\/uploads\/2021\/05\/image-6.png?resize=720%2C404\" alt=\"\" class=\"wp-image-9603\" srcset=\"https:\/\/i2.wp.com\/batimedianews.com\/live\/wp-content\/uploads\/2021\/05\/image-6.png?resize=1024%2C574&amp;ssl=1 1024w, https:\/\/i2.wp.com\/batimedianews.com\/live\/wp-content\/uploads\/2021\/05\/image-6.png?resize=300%2C168&amp;ssl=1 300w, https:\/\/i2.wp.com\/batimedianews.com\/live\/wp-content\/uploads\/2021\/05\/image-6.png?resize=768%2C431&amp;ssl=1 768w, https:\/\/i2.wp.com\/batimedianews.com\/live\/wp-content\/uploads\/2021\/05\/image-6.png?resize=10%2C6&amp;ssl=1 10w, https:\/\/i2.wp.com\/batimedianews.com\/live\/wp-content\/uploads\/2021\/05\/image-6.png?resize=432%2C242&amp;ssl=1 432w, https:\/\/i2.wp.com\/batimedianews.com\/live\/wp-content\/uploads\/2021\/05\/image-6.png?resize=396%2C222&amp;ssl=1 396w, https:\/\/i2.wp.com\/batimedianews.com\/live\/wp-content\/uploads\/2021\/05\/image-6.png?resize=660%2C370&amp;ssl=1 660w, https:\/\/i2.wp.com\/batimedianews.com\/live\/wp-content\/uploads\/2021\/05\/image-6.png?resize=392%2C220&amp;ssl=1 392w, https:\/\/i2.wp.com\/batimedianews.com\/live\/wp-content\/uploads\/2021\/05\/image-6.png?w=1070&amp;ssl=1 1070w\" sizes=\"(max-width: 600px) 91vw, (max-width: 900px) 600px, (max-width: 1060px) 50vw, (max-width: 1200px) 520px, (max-width: 1400px) 43vw, 600px\" data-recalc-dims=\"1\" \/><\/figure>\n\n\n\n<p style=\"color:#f9a71a\" class=\"has-text-color has-medium-font-size\"><strong>Le march\u00e9 du granul\u00e9 domestique repr\u00e9sente aujourd\u2019hui 95 %. Un potentiel tr\u00e8s significatif pour le march\u00e9 du collectif et industriel.&nbsp;<\/strong><\/p>\n\n\n\n<p>Aujourd\u2019hui, <strong>le march\u00e9 du domestique (po\u00eales et chaudi\u00e8res) repr\u00e9sente 95 %. <\/strong>Et, en 2019, la consommation cumul\u00e9e de granul\u00e9 pour le secteur collectif et industriel s\u2019\u00e9levait \u00e0 70 000 t\/an, soit moins de 5 % de la consommation de granul\u00e9 de bois en France !&nbsp;<\/p>\n\n\n\n<p>Hors CPCU (Compagnie Parisienne de Chauffage Urbain), <strong>le granul\u00e9 repr\u00e9sente seulement 2% de l\u2019\u00e9nergie dans les chaufferies collectives et industrielles au bois <\/strong>(alors que le nombre de chaufferies \u00ab bois \u00bb repr\u00e9sente pr\u00e8s de 20% de l\u2019ensemble). La tr\u00e8s large majorit\u00e9 d\u2019entre elles est fournie par le bois d\u00e9chiquet\u00e9 (plaquettes foresti\u00e8res, connexes des industries du bois, broyats de bois en fin de vie\u2026).&nbsp;<\/p>\n\n\n\n<p>Le paysage fran\u00e7ais dans le chauffage collectif et industriel au granul\u00e9 est marqu\u00e9 par la pr\u00e9dominance des <strong>chaudi\u00e8res de petites et moyennes puissances. <\/strong>En effet, Dans le secteur collectif \/ industriel, le CIBE recense, pour 2018, un parc de <strong>1 156 chaufferies <\/strong>au granul\u00e9 de bois de plus de 50 kW pour une puissance cumul\u00e9e de 178 MW. Plus de 90% des chaudi\u00e8res au granul\u00e9 ont une puissance inf\u00e9rieure \u00e0 300 kW.&nbsp;<\/p>\n\n\n\n<p style=\"color:#f7aa37\" class=\"has-text-color has-medium-font-size\"><strong>Pertinence du granul\u00e9 et capacit\u00e9 de la fili\u00e8re&nbsp;<\/strong><\/p>\n\n\n\n<p>Les r\u00e9centes annonces du gouvernement concernant <strong>l\u2019interdiction d\u2019utiliser du gaz dans <\/strong>les logements collectifs neufs \u00e0 partir de 2022 (RE2020) vont permettre <strong>d\u2019acc\u00e9l\u00e9rer le d\u00e9veloppement <\/strong>de ce march\u00e9. La <strong>fili\u00e8re bois \u00e9nergie <\/strong>est pr\u00eate pour aborder ce virage.&nbsp;<\/p>\n\n\n\n<p>Le <strong>bois \u00e9nergie est un cercle vertueux<\/strong>, puisque l\u2019utilisation du bois dans la <strong>construction <\/strong>permet \u00e0 la fois de stocker du CO2 dans le b\u00e2timent et de g\u00e9n\u00e9rer des <strong>coproduits de bois qui sont utilis\u00e9s pour fabriquer du granul\u00e9.&nbsp;<\/strong><\/p>\n\n\n\n<p>En 2019, la France a produit 1.6 million de tonnes de granul\u00e9s bois. Gr\u00e2ce \u00e0 de nouveaux projets d\u2019usine, la capacit\u00e9 devrait <strong>atteindre les 2 millions de tonnes d\u2019ici 2 \u00e0 3 ans. <\/strong>Au-del\u00e0 du passage obligatoire \u00e0 la sobri\u00e9t\u00e9 \u00e9nerg\u00e9tique qui diminuera les besoins, les perspectives sont rassurantes puisque la <strong>ressource issue de la for\u00eat est abondante<\/strong>. L\u2019accroissement naturel de la for\u00eat est de 10 % par an en volume et il n\u2019est pr\u00e9lev\u00e9 pour tous les usages (bois d\u2019oeuvre, bois d\u2019industrie, bois d\u2019\u00e9nergie) que la moiti\u00e9 de cette progression.&nbsp;<\/p>\n\n\n\n<p style=\"color:#f2ad44\" class=\"has-text-color has-medium-font-size\"><strong>Logique de d\u00e9cision des prescripteurs en faveur d\u2019une solution bois&nbsp;<\/strong><\/p>\n\n\n\n<div class=\"wp-block-image\"><figure class=\"alignleft is-resized\"><img loading=\"lazy\" src=\"https:\/\/i1.wp.com\/batimedianews.com\/live\/wp-content\/uploads\/2021\/05\/image-7.png?resize=269%2C202\" alt=\"\" class=\"wp-image-9604\" width=\"269\" height=\"202\" srcset=\"https:\/\/i1.wp.com\/batimedianews.com\/live\/wp-content\/uploads\/2021\/05\/image-7.png?w=425&amp;ssl=1 425w, https:\/\/i1.wp.com\/batimedianews.com\/live\/wp-content\/uploads\/2021\/05\/image-7.png?resize=300%2C225&amp;ssl=1 300w, https:\/\/i1.wp.com\/batimedianews.com\/live\/wp-content\/uploads\/2021\/05\/image-7.png?resize=10%2C8&amp;ssl=1 10w, https:\/\/i1.wp.com\/batimedianews.com\/live\/wp-content\/uploads\/2021\/05\/image-7.png?resize=396%2C297&amp;ssl=1 396w, https:\/\/i1.wp.com\/batimedianews.com\/live\/wp-content\/uploads\/2021\/05\/image-7.png?resize=293%2C220&amp;ssl=1 293w\" sizes=\"(max-width: 600px) 91vw, (max-width: 900px) 600px, (max-width: 1060px) 50vw, (max-width: 1200px) 520px, (max-width: 1400px) 43vw, 600px\" data-recalc-dims=\"1\" \/><\/figure><\/div>\n\n\n\n<p>\u00c9tudier la valeur ajout\u00e9e du granul\u00e9 par rapport \u00e0 la plaquette facilite la logique de d\u00e9cision.&nbsp;<\/p>\n\n\n\n<p>Le choix se fait en fonction d\u2019\u00e9tudes de faisabilit\u00e9s et de pr\u00e9conisations de ma\u00eetres d\u2019oeuvre et d\u2019experts. La volont\u00e9 d\u2019un ma\u00eetre d\u2019ouvrage de valoriser une ressource locale de bois afin de dynamiser le territoire peut souvent orienter la d\u00e9cision en faveur de la plaquette ; en particulier dans le cas de communes disposant de for\u00eats.&nbsp;<\/p>\n\n\n\n<p class=\"has-text-color has-medium-font-size has-cyan-bluish-gray-color\"><strong>Comparaison plaquette \/ granul\u00e9 = les facteurs de d\u00e9cision&nbsp;<\/strong><\/p>\n\n\n\n<p>Quand le choix de <strong>l\u2019\u00e9nergie bois est act\u00e9, l\u2019arbitrage se fait entre plaquette et granul\u00e9. <\/strong>Les premi\u00e8res questions que vont se poser le maitre d\u2019ouvrage concernent :&nbsp;<\/p>\n\n\n\n<p style=\"color:#f5aa38\" class=\"has-text-color has-medium-font-size\"><strong>Des \u00e9l\u00e9ments techniques&nbsp;<\/strong><\/p>\n\n\n\n<div class=\"wp-block-image\"><figure class=\"alignright is-resized\"><img loading=\"lazy\" src=\"https:\/\/i1.wp.com\/batimedianews.com\/live\/wp-content\/uploads\/2021\/05\/image-8.png?resize=251%2C335\" alt=\"\" class=\"wp-image-9605\" width=\"251\" height=\"335\" srcset=\"https:\/\/i1.wp.com\/batimedianews.com\/live\/wp-content\/uploads\/2021\/05\/image-8.png?resize=768%2C1024&amp;ssl=1 768w, https:\/\/i1.wp.com\/batimedianews.com\/live\/wp-content\/uploads\/2021\/05\/image-8.png?resize=225%2C300&amp;ssl=1 225w, https:\/\/i1.wp.com\/batimedianews.com\/live\/wp-content\/uploads\/2021\/05\/image-8.png?resize=8%2C10&amp;ssl=1 8w, https:\/\/i1.wp.com\/batimedianews.com\/live\/wp-content\/uploads\/2021\/05\/image-8.png?resize=432%2C576&amp;ssl=1 432w, https:\/\/i1.wp.com\/batimedianews.com\/live\/wp-content\/uploads\/2021\/05\/image-8.png?resize=396%2C528&amp;ssl=1 396w, https:\/\/i1.wp.com\/batimedianews.com\/live\/wp-content\/uploads\/2021\/05\/image-8.png?resize=660%2C880&amp;ssl=1 660w, https:\/\/i1.wp.com\/batimedianews.com\/live\/wp-content\/uploads\/2021\/05\/image-8.png?resize=165%2C220&amp;ssl=1 165w, https:\/\/i1.wp.com\/batimedianews.com\/live\/wp-content\/uploads\/2021\/05\/image-8.png?w=960&amp;ssl=1 960w\" sizes=\"(max-width: 600px) 91vw, (max-width: 900px) 600px, (max-width: 1060px) 50vw, (max-width: 1200px) 520px, (max-width: 1400px) 43vw, 600px\" data-recalc-dims=\"1\" \/><\/figure><\/div>\n\n\n\n<ul><li> Les <strong>contraintes techniques ou fonci\u00e8res <\/strong>li\u00e9es \u00e0 la superficie du site de la chaufferie = la <strong>densit\u00e9 \u00e9nerg\u00e9tique du granul\u00e9 fait que 3 \u00e0 4 fois moins d\u2019espace <\/strong>est n\u00e9cessaire pour le stockage que pour la plaquette.&nbsp;<\/li><li><strong>L\u2019accessibilit\u00e9 du site aux camions de livraison <\/strong>= conditions de d\u00e9chargement. Le granul\u00e9 n\u00e9cessite donc aussi 3 \u00e0 4 fois moins de livraisons que la plaquette.&nbsp;<\/li><li>Les <strong>moyens pour assurer l\u2019exploitation de l\u2019installation <\/strong>= les plaquettes n\u00e9cessitent plus de comp\u00e9tences et de surveillance (personnel en interne ou contrat d\u2019exploitation).&nbsp;<\/li><li>\u00c0 noter : <strong>Le fractionnement de la puissance en plusieurs chaudi\u00e8res est courant <\/strong>pour les installations au granul\u00e9. Du fait d\u2019une puissance minimale autoris\u00e9e plus faible que pour une chaudi\u00e8re unique, <strong>cette configuration permet de couvrir une plus grande part des besoins thermiques par le bois <\/strong>(y compris les besoins d\u2019eau chaude sanitaire l\u2019\u00e9t\u00e9), \u00e9ventuellement jusqu\u2019\u00e0 100 % c\u2019est-\u00e0-dire sans recourir \u00e0 une \u00e9nergie fossile en appoint.&nbsp;<\/li><\/ul>\n\n\n\n<p style=\"color:#f2b448\" class=\"has-text-color has-medium-font-size\"><strong>Des \u00e9l\u00e9ments financiers&nbsp;<\/strong><\/p>\n\n\n\n<ul><li><strong>L\u2019analyse en co\u00fbts diff\u00e9renci\u00e9s investissement \/ fonctionnement <\/strong>pour les ma\u00eetres d\u2019ouvrage (situation assez rare).&nbsp;<\/li><li><strong>L\u2019analyse \u00e9conomique en co\u00fbt global = <\/strong>d\u00e9cisif pour le choix du ma\u00eetre d\u2019ouvrage. C\u2019est ici que se pose la question de <strong>l\u2019intermittence d\u2019usage de la chaleur. <\/strong>La souplesse d\u2019une installation au granul\u00e9 est un avantage dans le cas de cette intermittence mais, surtout, \u00e0 puissance \u00e9gale install\u00e9e, l\u2019intermittence entrainera une moindre consommation d\u2019\u00e9nergie qui rendra \u00e9conomique l\u2019utilisation du granul\u00e9,&nbsp;<\/li><li><strong>Dans le milieu industriel<\/strong>, les projets s\u2019\u00e9valuent g\u00e9n\u00e9ralement en <strong>temps de retour brut sur investissement plut\u00f4t qu\u2019en co\u00fbt global de l\u2019\u00e9nergie<\/strong>. Une installation au granul\u00e9 pr\u00e9sentera un meilleur temps de retour brut sur investissement qu\u2019un projet plaquettes, (si faibles variations des prix des 2 combustibles), et pour des besoins \u00e9nerg\u00e9tiques faibles.&nbsp;<\/li><\/ul>\n\n\n\n<p class=\"has-text-color has-medium-font-size has-cyan-bluish-gray-color\"><strong>Analyse de l\u2019int\u00e9r\u00eat \u00e9conomique des solutions&nbsp;<\/strong><\/p>\n\n\n\n<div class=\"wp-block-image\"><figure class=\"alignright is-resized\"><img loading=\"lazy\" src=\"https:\/\/i0.wp.com\/batimedianews.com\/live\/wp-content\/uploads\/2021\/05\/image-9.png?resize=297%2C212\" alt=\"\" class=\"wp-image-9606\" width=\"297\" height=\"212\" srcset=\"https:\/\/i0.wp.com\/batimedianews.com\/live\/wp-content\/uploads\/2021\/05\/image-9.png?w=699&amp;ssl=1 699w, https:\/\/i0.wp.com\/batimedianews.com\/live\/wp-content\/uploads\/2021\/05\/image-9.png?resize=300%2C215&amp;ssl=1 300w, https:\/\/i0.wp.com\/batimedianews.com\/live\/wp-content\/uploads\/2021\/05\/image-9.png?resize=10%2C7&amp;ssl=1 10w, https:\/\/i0.wp.com\/batimedianews.com\/live\/wp-content\/uploads\/2021\/05\/image-9.png?resize=432%2C309&amp;ssl=1 432w, https:\/\/i0.wp.com\/batimedianews.com\/live\/wp-content\/uploads\/2021\/05\/image-9.png?resize=396%2C283&amp;ssl=1 396w, https:\/\/i0.wp.com\/batimedianews.com\/live\/wp-content\/uploads\/2021\/05\/image-9.png?resize=660%2C472&amp;ssl=1 660w, https:\/\/i0.wp.com\/batimedianews.com\/live\/wp-content\/uploads\/2021\/05\/image-9.png?resize=308%2C220&amp;ssl=1 308w\" sizes=\"(max-width: 600px) 91vw, (max-width: 900px) 600px, (max-width: 1060px) 50vw, (max-width: 1200px) 520px, (max-width: 1400px) 43vw, 600px\" data-recalc-dims=\"1\" \/><\/figure><\/div>\n\n\n\n<p>L\u2019analyse de l\u2019int\u00e9r\u00eat \u00e9conomique d\u2019un projet s\u2019effectue g\u00e9n\u00e9ralement par la comparaison des factures \u00e9nerg\u00e9tiques en co\u00fbt global pour chacune des solutions.&nbsp;<\/p>\n\n\n\n<p>Ce graphique montre que lorsqu\u2019on d\u00e9compose le co\u00fbt global :&nbsp;<\/p>\n\n\n\n<ul><li>La part d\u2019\u00e9nergie est inf\u00e9rieur pour le granul\u00e9 face aux \u00e9nergies fossiles&nbsp;<\/li><li>La part de l\u2019appareil au granul\u00e9 (maintenance inclus) est moins importante face \u00e0 la plaquette&nbsp;<\/li><\/ul>\n\n\n\n<p style=\"color:#f5b74a\" class=\"has-text-color has-medium-font-size\"><strong>Les grandes tendances d\u2019un point de vue financier apr\u00e8s analyse&nbsp;<\/strong><\/p>\n\n\n\n<p>1 &#8211; Face au <strong>fioul domestique <\/strong>(95 \u20acTTC\/MWhPCI), les <strong>chaufferies <\/strong>d\u00e9di\u00e9es au <strong>bois <\/strong>sont syst\u00e9matiquement <strong>comp\u00e9titives.&nbsp;<\/strong><\/p>\n\n\n\n<p>2 &#8211; Face au <strong>gaz naturel <\/strong>(55\u20acTTC\/MWhPCI), \u00e0 contrario, les <strong>chaufferies <\/strong>d\u00e9di\u00e9es au <strong>bois ne sont comp\u00e9titives que dans de rares cas <\/strong>: \u00e9tablissements scolaires, sanitaires et sociaux ou r\u00e9sidentiels collectifs par exemple. <strong>Suivre l\u2019impact de la RE 2020.&nbsp;<\/strong><\/p>\n\n\n\n<p>3 &#8211; Lorsque les deux solutions bois sont compar\u00e9es entre elles, la <strong>solution \u00ab granul\u00e9 \u00bb devient plus pertinente lorsque l\u2019intermittence augmente ou pour satisfaire de faibles besoins thermiques.&nbsp;<\/strong><\/p>\n\n\n\n<p>4 &#8211; Plus le <strong>prix de l\u2019\u00e9nergie fossile utilis\u00e9e en appoint est \u00e9lev\u00e9, plus importante est la zone de pertinence de la solution granul\u00e9 <\/strong>: avec le granul\u00e9, seuls 10 % des besoins sont couverts par l\u2019\u00e9nergie d\u2019appoint contre 15 % pour la solution plaquette. Ce qui repr\u00e9sente une r\u00e9duction de 33% du recours \u00e0 cette \u00e9nergie d\u2019appoint.&nbsp;<\/p>\n\n\n\n<p style=\"color:#f5ad41\" class=\"has-text-color has-medium-font-size\"><strong>Une r\u00e9flexion globale \u00e0 mener sur les r\u00e9seaux de chaleur bois dans les territoires ruraux&nbsp;<\/strong><\/p>\n\n\n\n<p>Les r\u00e9centes d\u00e9cision gouvernementales (fioul et gaz) n\u00e9cessitent d\u2019engager une r\u00e9flexion d\u2019ensemble et des actions pour d\u00e9velopper le bois-\u00e9nergie dans les territoires ruraux. Des centaines de milliers de familles, de b\u00e2timents publics et commerciaux seront concern\u00e9s et devront trouver une alternative.&nbsp;<\/p>\n\n\n\n<p>Mais les <strong>solutions individuelles ne sont pas souhaitables. <\/strong>Il faudra <strong>\u00e9viter <\/strong>le passage au <strong>propane <\/strong>(d\u00e9riv\u00e9 du p\u00e9trole fossile) ou <strong>au chauffage \u00e9lectrique sous toutes ces formes (par effet joule ou de mani\u00e8re plus vertueuse par pompe \u00e0 chaleur) <\/strong>qui <strong>aggraverait le pic d\u2019appel de puissance \u00e9lectrique en hiver.&nbsp;<\/strong><\/p>\n\n\n\n<p>Une <strong>r\u00e9flexion collective est primordiale<\/strong>. Les <strong>petits r\u00e9seaux de chaleur renouvelables dans les territoires ruraux ont toute leur place.&nbsp;<\/strong><\/p>\n\n\n\n<p style=\"color:#f4b842\" class=\"has-text-color has-medium-font-size\"><strong>Succ\u00e8s de retours d\u2019exp\u00e9rience pour les chaufferies au granul\u00e9 de bois et formation num\u00e9rique gratuite&nbsp;<\/strong><\/p>\n\n\n\n<p>De nombreux retours d\u2019exp\u00e9rience sont la preuve que le granul\u00e9 est pertinent dans un grand nombre de situations. Retrouvez ces retours en vid\u00e9o via les liens suivants :&nbsp;<\/p>\n\n\n\n<p style=\"color:#0481b7\" class=\"has-text-color\"><strong>Abbaye Royale de Fontevraud&nbsp;<\/strong><\/p>\n\n\n\n<figure class=\"wp-block-image\"><img loading=\"lazy\" width=\"720\" height=\"406\" src=\"https:\/\/i0.wp.com\/batimedianews.com\/live\/wp-content\/uploads\/2021\/05\/image-10.png?resize=720%2C406\" alt=\"\" class=\"wp-image-9607\" srcset=\"https:\/\/i0.wp.com\/batimedianews.com\/live\/wp-content\/uploads\/2021\/05\/image-10.png?resize=1024%2C577&amp;ssl=1 1024w, https:\/\/i0.wp.com\/batimedianews.com\/live\/wp-content\/uploads\/2021\/05\/image-10.png?resize=300%2C169&amp;ssl=1 300w, https:\/\/i0.wp.com\/batimedianews.com\/live\/wp-content\/uploads\/2021\/05\/image-10.png?resize=768%2C432&amp;ssl=1 768w, https:\/\/i0.wp.com\/batimedianews.com\/live\/wp-content\/uploads\/2021\/05\/image-10.png?resize=10%2C6&amp;ssl=1 10w, https:\/\/i0.wp.com\/batimedianews.com\/live\/wp-content\/uploads\/2021\/05\/image-10.png?resize=432%2C243&amp;ssl=1 432w, https:\/\/i0.wp.com\/batimedianews.com\/live\/wp-content\/uploads\/2021\/05\/image-10.png?resize=396%2C223&amp;ssl=1 396w, https:\/\/i0.wp.com\/batimedianews.com\/live\/wp-content\/uploads\/2021\/05\/image-10.png?resize=660%2C372&amp;ssl=1 660w, https:\/\/i0.wp.com\/batimedianews.com\/live\/wp-content\/uploads\/2021\/05\/image-10.png?resize=391%2C220&amp;ssl=1 391w, https:\/\/i0.wp.com\/batimedianews.com\/live\/wp-content\/uploads\/2021\/05\/image-10.png?w=1071&amp;ssl=1 1071w\" sizes=\"(max-width: 600px) 91vw, (max-width: 900px) 600px, (max-width: 1060px) 50vw, (max-width: 1200px) 520px, (max-width: 1400px) 43vw, 600px\" data-recalc-dims=\"1\" \/><figcaption><strong>Centre aquatique de Ch\u00e2tel&nbsp;<br> Logement collectif Cesson Centre de vacances aux Arcs&nbsp;<\/strong><br><\/figcaption><\/figure>\n\n\n\n<p style=\"color:#057bae\" class=\"has-text-color\"><strong>Ecole de Rosny-sous-Bois&nbsp;<\/strong><\/p>\n\n\n\n<figure class=\"wp-block-image\"><img loading=\"lazy\" width=\"720\" height=\"406\" src=\"https:\/\/i1.wp.com\/batimedianews.com\/live\/wp-content\/uploads\/2021\/05\/image-11.png?resize=720%2C406\" alt=\"\" class=\"wp-image-9608\" srcset=\"https:\/\/i1.wp.com\/batimedianews.com\/live\/wp-content\/uploads\/2021\/05\/image-11.png?resize=1024%2C577&amp;ssl=1 1024w, https:\/\/i1.wp.com\/batimedianews.com\/live\/wp-content\/uploads\/2021\/05\/image-11.png?resize=300%2C169&amp;ssl=1 300w, https:\/\/i1.wp.com\/batimedianews.com\/live\/wp-content\/uploads\/2021\/05\/image-11.png?resize=768%2C432&amp;ssl=1 768w, https:\/\/i1.wp.com\/batimedianews.com\/live\/wp-content\/uploads\/2021\/05\/image-11.png?resize=10%2C6&amp;ssl=1 10w, https:\/\/i1.wp.com\/batimedianews.com\/live\/wp-content\/uploads\/2021\/05\/image-11.png?resize=432%2C243&amp;ssl=1 432w, https:\/\/i1.wp.com\/batimedianews.com\/live\/wp-content\/uploads\/2021\/05\/image-11.png?resize=396%2C223&amp;ssl=1 396w, https:\/\/i1.wp.com\/batimedianews.com\/live\/wp-content\/uploads\/2021\/05\/image-11.png?resize=660%2C372&amp;ssl=1 660w, https:\/\/i1.wp.com\/batimedianews.com\/live\/wp-content\/uploads\/2021\/05\/image-11.png?resize=391%2C220&amp;ssl=1 391w, https:\/\/i1.wp.com\/batimedianews.com\/live\/wp-content\/uploads\/2021\/05\/image-11.png?w=1071&amp;ssl=1 1071w\" sizes=\"(max-width: 600px) 91vw, (max-width: 900px) 600px, (max-width: 1060px) 50vw, (max-width: 1200px) 520px, (max-width: 1400px) 43vw, 600px\" data-recalc-dims=\"1\" \/><figcaption><strong>R\u00e9seau de chaleur dans des b\u00e2timents d\u2019habitation Paris B\u00e2timent de bureau \u00e0 Nantes Mairie de village \u00e0 Saligny-sur-Roudon&nbsp;<\/strong><\/figcaption><\/figure>\n\n\n\n<p>Propellet met \u00e0 disposition des prescripteurs une <strong>formation num\u00e9rique, gratuite <\/strong>et libre d\u2019acc\u00e8s sur <strong>les clefs de la conception d\u2019une chaufferie au granul\u00e9 de bois <\/strong>(1H30 de formation = 30 le\u00e7ons de 1 \u00e0 5 min) : atouts du granul\u00e9, conception chaufferie, exploitation et maintenance (labels, dimensionnement, stockage et exploitation).&nbsp;<\/p>\n\n\n\n<p style=\"color:#f0b42d\" class=\"has-text-color has-medium-font-size\"><strong>Synth\u00e8se de l\u2019\u00e9tude&nbsp;<\/strong><\/p>\n\n\n\n<p>Pour plus de d\u00e9tails, retrouvez la synth\u00e8se de l\u2019\u00e9tude en t\u00e9l\u00e9chargement libre <strong><a href=\"https:\/\/www.propellet.fr\/templates\/propellet\/file_upload\/files\/Synth\u00e8se%20\u00e9tude%20granul\u00e9%20collectif%20Propellet%202020.pdf\">ICI<\/a><\/strong>.&nbsp;<\/p>\n\n\n\n<p><\/p>\n","protected":false},"excerpt":{"rendered":"<p>Les chaufferies collectives au granul\u00e9 sont naturellement adapt\u00e9es pour un usage collectif. Le march\u00e9 repr\u00e9sente aujourd\u2019hui 5% de la consommation cumul\u00e9e du granul\u00e9 en France, le potentiel est important. Gr\u00e2ce \u00e0 sa densit\u00e9 \u00e9nerg\u00e9tique, son homog\u00e9n\u00e9it\u00e9, son co\u00fbt, son excellent bilan carbone et sa combustion propre et sa flexibilit\u00e9 d\u2019utilisation, il r\u00e9pond \u00e0 des besoins [&hellip;]<\/p>\n","protected":false},"author":41,"featured_media":9602,"comment_status":"open","ping_status":"open","sticky":false,"template":"","format":"standard","meta":{"spay_email":""},"categories":[4,31],"tags":[967,966],"jetpack_featured_media_url":"https:\/\/i2.wp.com\/batimedianews.com\/live\/wp-content\/uploads\/2021\/05\/image-5.png?fit=1072%2C604&ssl=1","jetpack_sharing_enabled":true,"jetpack_likes_enabled":true,"jetpack-related-posts":[{"id":16782,"url":"https:\/\/batimedianews.com\/live\/index.php\/2022\/03\/04\/saison-2021-2022-une-situation-exceptionnelle-pour-la-filiere-du-chauffage-au-granule-de-bois\/","url_meta":{"origin":9601,"position":0},"title":"Saison 2021-2022 : une situation exceptionnelle pour la fili\u00e8re du chauffage au granul\u00e9 de bois\u2026","date":"4 mars 2022","format":false,"excerpt":"Nous vivons sur l\u2019ensemble du territoire fran\u00e7ais et bien au-del\u00e0 une saison tendue sur l\u2019\u00e9nergie et sur l\u2019approvisionnement en granul\u00e9 en particulier. Bref retour sur une ann\u00e9e tout \u00e0 fait particuli\u00e8re : > Les producteurs de granul\u00e9 en Europe ont eu d\u2019important stock de granul\u00e9 \u00e0 la sortie de l\u2019hiver\u2026","rel":"","context":"Dans &quot;Actualit\u00e9 Entreprises&quot;","img":{"alt_text":"","src":"https:\/\/i0.wp.com\/batimedianews.com\/live\/wp-content\/uploads\/2022\/03\/Propellet-Article.jpg?fit=512%2C512&ssl=1&resize=350%2C200","width":350,"height":200},"classes":[]},{"id":21966,"url":"https:\/\/batimedianews.com\/live\/index.php\/2022\/07\/12\/okofen-la-chaudiere-a-granules\/","url_meta":{"origin":9601,"position":1},"title":"\u2002\u00d6koFEN, la chaudi\u00e8re \u00e0 granul\u00e9s","date":"12 juillet 2022","format":false,"excerpt":"\u00d6koFEN, Sp\u00e9cialiste de la chaudi\u00e8re \u00e0 granul\u00e9s Une entreprise leader sur le granul\u00e9 de bois \u00d6koFEN est le sp\u00e9cialiste en Europe de la chaudi\u00e8re \u00e0 granul\u00e9s de bois. L\u2019int\u00e9gralit\u00e9 du budget de R&D et l\u2019ensemble de la gamme \u00d6koFEN sont d\u00e9di\u00e9s au chauffage \u00e0 granul\u00e9s de bois.\u00d6koFEN est leader en\u2026","rel":"","context":"Dans &quot;Actualit\u00e9 Entreprises&quot;","img":{"alt_text":"","src":"https:\/\/i2.wp.com\/batimedianews.com\/live\/wp-content\/uploads\/2022\/07\/OkoFen-Article-1.jpg?fit=1080%2C1080&ssl=1&resize=350%2C200","width":350,"height":200},"classes":[]},{"id":26709,"url":"https:\/\/batimedianews.com\/live\/index.php\/2023\/03\/06\/la-marque-francaise-hoben-presente-son-dernier-modele-le-poele-rond-osmose\/","url_meta":{"origin":9601,"position":2},"title":"La marque Fran\u00e7aise HOBEN pr\u00e9sente son dernier mod\u00e8le : le po\u00eale  ROND OSMOSE","date":"6 mars 2023","format":false,"excerpt":"H7 OSMOSE, LE PETIT PO\u00caLE ROND AU DESIGN \u00c9PUR\u00c9 OSMOSE est le 1 po\u00eale \u00e0 granul\u00e9s bois du march\u00e9 proposant une sortie concentrique, centr\u00e9e sur le dessus du po\u00eale. Lanc\u00e9 officiellement sur le salon sp\u00e9cialis\u00e9 BePOSITIVE fin mars \u00e0 Lyon, le dernier n\u00e9 de la collection HOBEN Signature est tr\u00e8s\u2026","rel":"","context":"Dans &quot;Actualit\u00e9 Entreprises&quot;","img":{"alt_text":"","src":"https:\/\/i2.wp.com\/batimedianews.com\/live\/wp-content\/uploads\/2023\/03\/Inovalp-Article.jpg?fit=1080%2C1080&ssl=1&resize=350%2C200","width":350,"height":200},"classes":[]},{"id":15718,"url":"https:\/\/batimedianews.com\/live\/index.php\/2022\/02\/08\/le-sfcb-presente-son-bilan-2021-4-millions-de-tonnes-de-co2-economisees-les-20-prochaines-annees-grace-aux-34-000-chaudieres-bois-installees-cette-annee\/","url_meta":{"origin":9601,"position":3},"title":"LE SFCB PRESENTE SON BILAN 2021 &#8211; 4 millions de tonnes de CO2 \u00e9conomis\u00e9es les 20 prochaines ann\u00e9es gr\u00e2ce aux 34 000 chaudi\u00e8res bois install\u00e9es cette ann\u00e9e","date":"8 f\u00e9vrier 2022","format":false,"excerpt":"\u00a0L\u2019ann\u00e9e 2021 aura \u00e9t\u00e9 tr\u00e8s positive pour toutes les \u00e9nergies bois. Celles-ci ont b\u00e9n\u00e9fici\u00e9 d\u2019un contexte conjoncturel et r\u00e9glementaire favorable, boost\u00e9 par l\u2019augmentation des prix des \u00e9nergies fossiles et \u00e9lectriques, et par les aides \u00e0 la r\u00e9novation \u00e9nerg\u00e9tique. Entre 2020 et 2021 tous les types de chaudi\u00e8res ont progress\u00e9, avec\u2026","rel":"","context":"Dans &quot;Actualit\u00e9 Entreprises&quot;","img":{"alt_text":"","src":"https:\/\/i2.wp.com\/batimedianews.com\/live\/wp-content\/uploads\/2022\/02\/SFCB-Article.jpg?fit=512%2C512&ssl=1&resize=350%2C200","width":350,"height":200},"classes":[]},{"id":32700,"url":"https:\/\/batimedianews.com\/live\/index.php\/2023\/11\/08\/hiver-2023-aasgard-leader-du-poele-a-bois-devoile-les-astuces-dun-chauffage-abordable-et-ecologique\/","url_meta":{"origin":9601,"position":4},"title":"Hiver 2023 A\u00c4SGARD leader du po\u00eale \u00e0 bois d\u00e9voile les astuces d\u2019un chauffage abordable et \u00e9cologique","date":"8 novembre 2023","format":false,"excerpt":"1. **Durabilit\u00e9 et Impact Environnemental : Comment les produits d'A\u00e4sgard int\u00e8grent-ils des pratiques durables et quel est leur impact environnemental compar\u00e9 \u00e0 d'autres m\u00e9thodes de chauffage traditionnelles ?Le po\u00eale \u00e0 bois scandinave permet de r\u00e9duire son empreinte carbone car\u00a0il fonctionne au bois,\u00a0une \u00e9nergie renouvelable, performante et bon march\u00e9\u00a0\u00e0 condition qu'il\u2026","rel":"","context":"Dans &quot;Actualit\u00e9 Entreprises&quot;","img":{"alt_text":"","src":"https:\/\/i2.wp.com\/batimedianews.com\/live\/wp-content\/uploads\/2023\/11\/aasgard.jpeg?fit=550%2C300&ssl=1&resize=350%2C200","width":350,"height":200},"classes":[]},{"id":12722,"url":"https:\/\/batimedianews.com\/live\/index.php\/2021\/10\/08\/avec-inovalp-fabricant-de-poeles-a-granules-bois-lindustrie-francaise-confirme-sa-bonne-sante\/","url_meta":{"origin":9601,"position":5},"title":"AVEC INOVALP, FABRICANT DE POELES A GRANULES BOIS, L\u2019INDUSTRIE FRAN\u00c7AISE CONFIRME SA BONNE SANTE !","date":"8 octobre 2021","format":false,"excerpt":"Pr\u00e9sente au MIF, l\u2019entreprise is\u00e9roise exposera ses produits phares, con\u00e7us pour l\u2019essentiel sur le territoire rh\u00f4nalpin, et valorisera ainsi son savoir-faire au service de la transition \u00e9nerg\u00e9tique Devenu central dans la r\u00e9flexion d\u2019achat des consommateurs, le Made in France est en constante \u00e9volution et conna\u00eet une croissance non d\u00e9mentie *.\u2026","rel":"","context":"Dans &quot;Actualit\u00e9 Entreprises&quot;","img":{"alt_text":"","src":"https:\/\/i0.wp.com\/batimedianews.com\/live\/wp-content\/uploads\/2021\/10\/Inovalp-Article.jpg?fit=512%2C512&ssl=1&resize=350%2C200","width":350,"height":200},"classes":[]}],"_links":{"self":[{"href":"https:\/\/batimedianews.com\/live\/index.php\/wp-json\/wp\/v2\/posts\/9601"}],"collection":[{"href":"https:\/\/batimedianews.com\/live\/index.php\/wp-json\/wp\/v2\/posts"}],"about":[{"href":"https:\/\/batimedianews.com\/live\/index.php\/wp-json\/wp\/v2\/types\/post"}],"author":[{"embeddable":true,"href":"https:\/\/batimedianews.com\/live\/index.php\/wp-json\/wp\/v2\/users\/41"}],"replies":[{"embeddable":true,"href":"https:\/\/batimedianews.com\/live\/index.php\/wp-json\/wp\/v2\/comments?post=9601"}],"version-history":[{"count":2,"href":"https:\/\/batimedianews.com\/live\/index.php\/wp-json\/wp\/v2\/posts\/9601\/revisions"}],"predecessor-version":[{"id":9655,"href":"https:\/\/batimedianews.com\/live\/index.php\/wp-json\/wp\/v2\/posts\/9601\/revisions\/9655"}],"wp:featuredmedia":[{"embeddable":true,"href":"https:\/\/batimedianews.com\/live\/index.php\/wp-json\/wp\/v2\/media\/9602"}],"wp:attachment":[{"href":"https:\/\/batimedianews.com\/live\/index.php\/wp-json\/wp\/v2\/media?parent=9601"}],"wp:term":[{"taxonomy":"category","embeddable":true,"href":"https:\/\/batimedianews.com\/live\/index.php\/wp-json\/wp\/v2\/categories?post=9601"},{"taxonomy":"post_tag","embeddable":true,"href":"https:\/\/batimedianews.com\/live\/index.php\/wp-json\/wp\/v2\/tags?post=9601"}],"curies":[{"name":"wp","href":"https:\/\/api.w.org\/{rel}","templated":true}]}}