{"id":9758,"date":"2021-05-17T08:12:29","date_gmt":"2021-05-17T06:12:29","guid":{"rendered":"http:\/\/batimedianews.com\/live\/?p=9758"},"modified":"2021-10-21T11:33:51","modified_gmt":"2021-10-21T09:33:51","slug":"saint-gobain-est-fier-davoir-soutenu-la-restauration-de-la-chapelle-royale-de-versailles","status":"publish","type":"post","link":"https:\/\/batimedianews.com\/live\/index.php\/2021\/05\/17\/saint-gobain-est-fier-davoir-soutenu-la-restauration-de-la-chapelle-royale-de-versailles\/","title":{"rendered":"SAINT-GOBAIN EST FIER D\u2019AVOIR SOUTENU LA RESTAURATION DE LA CHAPELLE ROYALE DE VERSAILLES"},"content":{"rendered":"\n<p>Saint-Gobain avait d\u00e9cid\u00e9 en 2018 d\u2019apporter un m\u00e9c\u00e9nat exceptionnel \u00e0 la restauration de la Chapelle Royale de Versailles, lieu de m\u00e9moire de sa premi\u00e8re grande innovation technologique. La restauration de ce b\u00e2timent exceptionnel, chef d\u2019oeuvre de Jules Hardouin-Mansart, s\u2019est achev\u00e9e apr\u00e8s 3 ans de chantier.&nbsp;<\/p>\n\n\n\n<figure class=\"wp-block-image\"><img loading=\"lazy\" width=\"516\" height=\"336\" src=\"https:\/\/i1.wp.com\/batimedianews.com\/live\/wp-content\/uploads\/2021\/05\/image-78.png?resize=516%2C336\" alt=\"\" class=\"wp-image-9759\" srcset=\"https:\/\/i1.wp.com\/batimedianews.com\/live\/wp-content\/uploads\/2021\/05\/image-78.png?w=516&amp;ssl=1 516w, https:\/\/i1.wp.com\/batimedianews.com\/live\/wp-content\/uploads\/2021\/05\/image-78.png?resize=300%2C195&amp;ssl=1 300w, https:\/\/i1.wp.com\/batimedianews.com\/live\/wp-content\/uploads\/2021\/05\/image-78.png?resize=10%2C7&amp;ssl=1 10w, https:\/\/i1.wp.com\/batimedianews.com\/live\/wp-content\/uploads\/2021\/05\/image-78.png?resize=432%2C281&amp;ssl=1 432w, https:\/\/i1.wp.com\/batimedianews.com\/live\/wp-content\/uploads\/2021\/05\/image-78.png?resize=396%2C258&amp;ssl=1 396w, https:\/\/i1.wp.com\/batimedianews.com\/live\/wp-content\/uploads\/2021\/05\/image-78.png?resize=338%2C220&amp;ssl=1 338w\" sizes=\"(max-width: 600px) 91vw, (max-width: 900px) 600px, (max-width: 1060px) 50vw, (max-width: 1200px) 520px, (max-width: 1400px) 43vw, 600px\" data-recalc-dims=\"1\" \/><figcaption><em>Vitraux de la Chapelle royale restaur\u00e9s, vue depuis l&rsquo;int\u00e9rieur \u00a9 ch\u00e2teau de Versailles \/ Didier Saulnier&nbsp;<\/em> <br> <br><\/figcaption><\/figure>\n\n\n\n<div class=\"wp-block-image\"><figure class=\"alignright is-resized\"><img loading=\"lazy\" src=\"https:\/\/i1.wp.com\/batimedianews.com\/live\/wp-content\/uploads\/2021\/05\/image-79.png?resize=152%2C228\" alt=\"\" class=\"wp-image-9760\" width=\"152\" height=\"228\" srcset=\"https:\/\/i1.wp.com\/batimedianews.com\/live\/wp-content\/uploads\/2021\/05\/image-79.png?w=370&amp;ssl=1 370w, https:\/\/i1.wp.com\/batimedianews.com\/live\/wp-content\/uploads\/2021\/05\/image-79.png?resize=200%2C300&amp;ssl=1 200w, https:\/\/i1.wp.com\/batimedianews.com\/live\/wp-content\/uploads\/2021\/05\/image-79.png?resize=7%2C10&amp;ssl=1 7w, https:\/\/i1.wp.com\/batimedianews.com\/live\/wp-content\/uploads\/2021\/05\/image-79.png?resize=146%2C220&amp;ssl=1 146w\" sizes=\"(max-width: 600px) 91vw, (max-width: 900px) 600px, (max-width: 1060px) 50vw, (max-width: 1200px) 520px, (max-width: 1400px) 43vw, 600px\" data-recalc-dims=\"1\" \/><figcaption><em>Vue de la Chapelle royale restaur\u00e9e \u00a9 ch\u00e2teau de Versailles \/ Christian Milet&nbsp;<\/em> <br><\/figcaption><\/figure><\/div>\n\n\n\n<p>L\u2019histoire du Groupe est intimement li\u00e9e au ch\u00e2teau de Versailles et c\u2019est pour cela que \u00ab <em>le Groupe Saint-Gobain est fier d\u2019aider la pr\u00e9servation, la valorisation, la red\u00e9couverte de cet important \u00e9l\u00e9ment de notre patrimoine qu\u2019est la Chapelle royale du ch\u00e2teau de Versailles <\/em>\u00bb, a d\u00e9clar\u00e9 Pierre-Andr\u00e9 de Chalendar, Pr\u00e9sident-Directeur G\u00e9n\u00e9ral de Saint-Gobain.&nbsp; <\/p>\n\n\n\n<p>&nbsp;<strong>A PROPOS DE SAINT-GOBAIN&nbsp;<\/strong><\/p>\n\n\n\n<p>Saint-Gobain con\u00e7oit, produit et distribue des mat\u00e9riaux et des solutions au service des march\u00e9s de la construction, de la mobilit\u00e9, de la sant\u00e9 et autres applications industrielles. D\u00e9velopp\u00e9s dans une dynamique d\u2019innovation permanente, ils se trouvent partout dans notre habitat et notre vie quotidienne, apportant confort, performance et s\u00e9curit\u00e9, tout en relevant les d\u00e9fis de la construction durable, de la gestion efficace des ressources et de la lutte contre le changement climatique. Cette strat\u00e9gie de d\u00e9veloppement responsable est guid\u00e9e par la raison d\u2019\u00eatre de Saint-Gobain \u00ab MAKING THE WORLD A BETTER HOME \u00bb, qui r\u00e9pond \u00e0 l\u2019ambition partag\u00e9e de l\u2019ensemble des collaborateurs du Groupe d\u2019agir chaque jour pour faire du monde une maison commune plus belle et plus durable.&nbsp;<\/p>\n\n\n\n<p><strong>38,1 milliards d\u2019euros de chiffre d\u2019affaires en 2020 <\/strong><\/p>\n\n\n\n<p><strong>Plus de 167 000 collaborateurs, pr\u00e9sents dans 70 pays&nbsp;<\/strong><\/p>\n\n\n\n<p><strong>Engag\u00e9 \u00e0 atteindre la Neutralit\u00e9 Carbone \u00e0 2050&nbsp;<\/strong><\/p>\n","protected":false},"excerpt":{"rendered":"<p>Saint-Gobain avait d\u00e9cid\u00e9 en 2018 d\u2019apporter un m\u00e9c\u00e9nat exceptionnel \u00e0 la restauration de la Chapelle Royale de Versailles, lieu de m\u00e9moire de sa premi\u00e8re grande innovation technologique. La restauration de ce b\u00e2timent exceptionnel, chef d\u2019oeuvre de Jules Hardouin-Mansart, s\u2019est achev\u00e9e apr\u00e8s 3 ans de chantier.&nbsp; L\u2019histoire du Groupe est intimement li\u00e9e au ch\u00e2teau de Versailles [&hellip;]<\/p>\n","protected":false},"author":41,"featured_media":9761,"comment_status":"open","ping_status":"open","sticky":false,"template":"","format":"standard","meta":{"spay_email":""},"categories":[4,108,538,137],"tags":[],"jetpack_featured_media_url":"https:\/\/i0.wp.com\/batimedianews.com\/live\/wp-content\/uploads\/2021\/05\/SaintGobainArticle.jpg?fit=1224%2C512&ssl=1","jetpack_sharing_enabled":true,"jetpack_likes_enabled":true,"jetpack-related-posts":[{"id":11563,"url":"https:\/\/batimedianews.com\/live\/index.php\/2021\/08\/28\/insolite-hunter-douglas-architectural-livre-un-plafond-en-bois-massif-ondule-pour-une-eglise-paroissiale\/","url_meta":{"origin":9758,"position":0},"title":"Insolite : Hunter Douglas Architectural livre un plafond en bois massif ondul\u00e9 pour une \u00e9glise paroissiale","date":"28 ao\u00fbt 2021","format":false,"excerpt":"Un plafond suspendu en bois massif, fabriqu\u00e9 par Hunter Douglas Architectural, orne l\u2019int\u00e9rieur d\u2019une chapelle. Connu pour ses plafonds acoustiques et architecturaux, appr\u00e9ci\u00e9s dans les espaces \u00e9v\u00e9nementiels, ou encore les bureaux d\u2019entreprises et lieux de transport, Hunter Douglas Architectural s\u2019illustre \u00e0 pr\u00e9sent en fournissant des solutions pour les \u00e9glises. Ainsi,\u2026","rel":"","context":"Dans &quot;Acoustique&quot;","img":{"alt_text":"","src":"https:\/\/i0.wp.com\/batimedianews.com\/live\/wp-content\/uploads\/2021\/08\/HunterDouglas-Article.jpg?fit=512%2C512&ssl=1&resize=350%2C200","width":350,"height":200},"classes":[]},{"id":20017,"url":"https:\/\/batimedianews.com\/live\/index.php\/2022\/05\/16\/meljac-celebre-lannee-internationale-du-verre-avec-sa-collection-pierrot\/","url_meta":{"origin":9758,"position":1},"title":"MELJAC c\u00e9l\u00e8bre l\u2019ann\u00e9e internationale du verre avec sa collection Pierrot","date":"16 mai 2022","format":false,"excerpt":"MELJAC, leader des appareillages haut de gamme, honore l\u2019ann\u00e9e internationale du verre en unissant savoir-faire fran\u00e7ais et fa\u00e7onnage de pr\u00e9cision pour sa collection Pierrot exclusivement en verre tremp\u00e9. Ce mat\u00e9riau noble, solide et d\u00e9licat, garantit au produit une longue dur\u00e9e de vie et une qualit\u00e9 exemplaire.\u00a0 Cette gamme offre une\u2026","rel":"","context":"Dans &quot;Actualit\u00e9 Entreprises&quot;","img":{"alt_text":"","src":"https:\/\/i2.wp.com\/batimedianews.com\/live\/wp-content\/uploads\/2022\/05\/Meljac-Article.jpg?fit=1080%2C1080&ssl=1&resize=350%2C200","width":350,"height":200},"classes":[]},{"id":17058,"url":"https:\/\/batimedianews.com\/live\/index.php\/2022\/03\/08\/transition-demographique-adaptation-du-logement-un-evenement-propose-par-le-club-de-lamelioration-de-lhabitat-cah\/","url_meta":{"origin":9758,"position":2},"title":"Transition D\u00e9mographique &amp; Adaptation du Logement. Un \u00e9v\u00e8nement propos\u00e9 par le Club de l\u2019Am\u00e9lioration de l\u2019Habitat (CAH).","date":"8 mars 2022","format":false,"excerpt":"\u00a0Mercredi 23 mars 2022 Salon des Seniors, Paris-Expo Porte de Versailles Hall 5.2-5.3\u00a0 \u00a0Rendez-vous autour de 3 temps forts: 11h30 : Echanges avec la presse sur le stand Saint-Gobain - CNAV \u2013 espace \u00abMon cadre de vie\u00bb am\u00e9nag\u00e9 sur 150 m2, int\u00e9grant 80m2 repr\u00e9sentant un appartement adapt\u00e9 au maintien \u00e0\u2026","rel":"","context":"Dans &quot;Actualit\u00e9 Entreprises&quot;","img":{"alt_text":"","src":"https:\/\/i1.wp.com\/batimedianews.com\/live\/wp-content\/uploads\/2022\/03\/CAH-Article.jpg?fit=512%2C512&ssl=1&resize=350%2C200","width":350,"height":200},"classes":[]},{"id":3758,"url":"https:\/\/batimedianews.com\/live\/index.php\/2020\/02\/08\/le-parc-souvre-sur-la-ville\/","url_meta":{"origin":9758,"position":3},"title":"Le parc s&rsquo;ouvre sur la ville","date":"8 f\u00e9vrier 2020","format":false,"excerpt":"Paris Expo Porte de Versailles : La promesse d\u2019un parc d\u2019exposition de r\u00e9f\u00e9rence \u00ab Le projet de modernisation de Paris Expo Porte de Versailles vise \u00e0 conforter le leadership de Paris sur le march\u00e9 du voyage d\u2019affaires international. Nous r\u00e9inventons Paris Expo Porte de Versailles pour tous ses usagers, organisateurs,\u2026","rel":"","context":"Dans &quot;Actualit\u00e9 Entreprises&quot;","img":{"alt_text":"","src":"https:\/\/i1.wp.com\/batimedianews.com\/live\/wp-content\/uploads\/2020\/02\/viparis_image.jpg?fit=808%2C596&ssl=1&resize=350%2C200","width":350,"height":200},"classes":[]},{"id":13623,"url":"https:\/\/batimedianews.com\/live\/index.php\/2021\/11\/05\/edipierre-la-gamme-denduits-du-groupe-vega-dediee-a-la-restauration-du-patrimoine\/","url_meta":{"origin":9758,"position":4},"title":"EDIPIERRE\u00ae : La gamme d\u2019enduits du Groupe VEGA d\u00e9di\u00e9e \u00e0 la restauration du patrimoine","date":"5 novembre 2021","format":false,"excerpt":"\u00a0Des produits pl\u00e9biscit\u00e9s sur des chantiers remarquables\u00a0 \u00a0Le Groupe VEGA, acteur incontournable du secteur de la fa\u00e7ade, repense sa gamme EDIPIERRE\u00ae, d\u00e9di\u00e9e \u00e0 la restauration du patrimoine et des monuments historiques. Afin de rendre la gamme plus harmonieuse et plus simple \u00e0 identifier pour les professionnels, une vingtaine de produits\u2026","rel":"","context":"Dans &quot;Actualit\u00e9 Entreprises&quot;","img":{"alt_text":"","src":"https:\/\/i2.wp.com\/batimedianews.com\/live\/wp-content\/uploads\/2021\/11\/Vega-Article.jpg?fit=512%2C512&ssl=1&resize=350%2C200","width":350,"height":200},"classes":[]},{"id":10928,"url":"https:\/\/batimedianews.com\/live\/index.php\/2021\/07\/13\/chateau-lillustre-alliance-du-rustique-et-de-lelegance\/","url_meta":{"origin":9758,"position":5},"title":"CH\u00c2TEAU &#8211; L\u2019illustre alliance du rustique et de l\u2019\u00e9l\u00e9gance","date":"13 juillet 2021","format":false,"excerpt":"Aper\u00e7u pour la premi\u00e8re fois au ch\u00e2teau de Versailles au cours du XVII\u00e8me si\u00e8cle et r\u00e9serv\u00e9 \u00e0 l\u2019aristocratie, le parquet est un \u00e9l\u00e9ment de d\u00e9coration d\u2019int\u00e9rieur charg\u00e9 d\u2019histoire qui a depuis investi l\u2019habitat, les commerces et les h\u00f4tels.\u00a0 Ch\u00e2teau, le nouveau parquet en ch\u00eane massif de Design Parquet, en est\u2026","rel":"","context":"Dans &quot;Batimaison&quot;","img":{"alt_text":"","src":"https:\/\/i0.wp.com\/batimedianews.com\/live\/wp-content\/uploads\/2021\/07\/Design-Parquet-Article.jpg?fit=512%2C512&ssl=1&resize=350%2C200","width":350,"height":200},"classes":[]}],"_links":{"self":[{"href":"https:\/\/batimedianews.com\/live\/index.php\/wp-json\/wp\/v2\/posts\/9758"}],"collection":[{"href":"https:\/\/batimedianews.com\/live\/index.php\/wp-json\/wp\/v2\/posts"}],"about":[{"href":"https:\/\/batimedianews.com\/live\/index.php\/wp-json\/wp\/v2\/types\/post"}],"author":[{"embeddable":true,"href":"https:\/\/batimedianews.com\/live\/index.php\/wp-json\/wp\/v2\/users\/41"}],"replies":[{"embeddable":true,"href":"https:\/\/batimedianews.com\/live\/index.php\/wp-json\/wp\/v2\/comments?post=9758"}],"version-history":[{"count":2,"href":"https:\/\/batimedianews.com\/live\/index.php\/wp-json\/wp\/v2\/posts\/9758\/revisions"}],"predecessor-version":[{"id":9972,"href":"https:\/\/batimedianews.com\/live\/index.php\/wp-json\/wp\/v2\/posts\/9758\/revisions\/9972"}],"wp:featuredmedia":[{"embeddable":true,"href":"https:\/\/batimedianews.com\/live\/index.php\/wp-json\/wp\/v2\/media\/9761"}],"wp:attachment":[{"href":"https:\/\/batimedianews.com\/live\/index.php\/wp-json\/wp\/v2\/media?parent=9758"}],"wp:term":[{"taxonomy":"category","embeddable":true,"href":"https:\/\/batimedianews.com\/live\/index.php\/wp-json\/wp\/v2\/categories?post=9758"},{"taxonomy":"post_tag","embeddable":true,"href":"https:\/\/batimedianews.com\/live\/index.php\/wp-json\/wp\/v2\/tags?post=9758"}],"curies":[{"name":"wp","href":"https:\/\/api.w.org\/{rel}","templated":true}]}}