{"id":9965,"date":"2021-05-18T14:07:19","date_gmt":"2021-05-18T12:07:19","guid":{"rendered":"http:\/\/batimedianews.com\/live\/?p=9965"},"modified":"2021-10-21T11:38:14","modified_gmt":"2021-10-21T09:38:14","slug":"g-on-lance-g-on-life-sa-nouvelle-offre-de-mesure-surveillance-et-monitoring-de-la-sante-et-du-confort-dans-les-batiments","status":"publish","type":"post","link":"https:\/\/batimedianews.com\/live\/index.php\/2021\/05\/18\/g-on-lance-g-on-life-sa-nouvelle-offre-de-mesure-surveillance-et-monitoring-de-la-sante-et-du-confort-dans-les-batiments\/","title":{"rendered":"G-ON lance G-ON Life, sa nouvelle offre de mesure, surveillance et monitoring de la sant\u00e9 et du confort dans les b\u00e2timents"},"content":{"rendered":"\n<p>Les b\u00e2timents jouent un r\u00f4le essentiel dans notre sant\u00e9. La pollution de l\u2019air int\u00e9rieur, la mauvaise qualit\u00e9 de l\u2019\u00e9clairage ou encore les probl\u00e8mes de temp\u00e9rature ou de climatisation peuvent incommoder les occupants. Pour les entreprises, cela se traduit souvent par une baisse de la productivit\u00e9 : il a ainsi \u00e9t\u00e9 montr\u00e9 que les niveaux \u00e9lev\u00e9s de CO2 ont un impact d\u00e9favorable sur la prise de d\u00e9cisions. Avec le Covid-19, un nouvel enjeu est apparu, et les b\u00e2timents sains s\u2019imposent d\u00e9sormais comme des armes de poids pour lutter contre la propagation des micro-agents pathog\u00e8nes.&nbsp;<\/p>\n\n\n\n<p><strong>C\u2019est pour am\u00e9liorer la qualit\u00e9 de l\u2019air et le bien-\u00eatre dans tous les cadres de vie, bureaux, domiciles, \u00e9coles, salles de sport, h\u00f4pitaux, magasins ou mus\u00e9es, que G-ON lance son offre G-ON Life. <\/strong><\/p>\n\n\n\n<p>En surveillant des param\u00e8tres comme la qualit\u00e9 de l\u2019air int\u00e9rieur et de l\u2019eau, le confort thermique et la pr\u00e9sence de pathog\u00e8nes (risque Covid), cette offre permet de pr\u00e9server la sant\u00e9 des occupants et de leur apporter davantage de confort.&nbsp;<\/p>\n\n\n\n<figure class=\"wp-block-image\"><img loading=\"lazy\" width=\"720\" height=\"314\" src=\"https:\/\/i0.wp.com\/batimedianews.com\/live\/wp-content\/uploads\/2021\/05\/image-198.png?resize=720%2C314\" alt=\"\" class=\"wp-image-9966\" srcset=\"https:\/\/i0.wp.com\/batimedianews.com\/live\/wp-content\/uploads\/2021\/05\/image-198.png?resize=1024%2C446&amp;ssl=1 1024w, https:\/\/i0.wp.com\/batimedianews.com\/live\/wp-content\/uploads\/2021\/05\/image-198.png?resize=300%2C131&amp;ssl=1 300w, https:\/\/i0.wp.com\/batimedianews.com\/live\/wp-content\/uploads\/2021\/05\/image-198.png?resize=768%2C335&amp;ssl=1 768w, https:\/\/i0.wp.com\/batimedianews.com\/live\/wp-content\/uploads\/2021\/05\/image-198.png?resize=10%2C4&amp;ssl=1 10w, https:\/\/i0.wp.com\/batimedianews.com\/live\/wp-content\/uploads\/2021\/05\/image-198.png?resize=432%2C188&amp;ssl=1 432w, https:\/\/i0.wp.com\/batimedianews.com\/live\/wp-content\/uploads\/2021\/05\/image-198.png?resize=396%2C173&amp;ssl=1 396w, https:\/\/i0.wp.com\/batimedianews.com\/live\/wp-content\/uploads\/2021\/05\/image-198.png?resize=660%2C288&amp;ssl=1 660w, https:\/\/i0.wp.com\/batimedianews.com\/live\/wp-content\/uploads\/2021\/05\/image-198.png?resize=505%2C220&amp;ssl=1 505w, https:\/\/i0.wp.com\/batimedianews.com\/live\/wp-content\/uploads\/2021\/05\/image-198.png?w=1092&amp;ssl=1 1092w\" sizes=\"(max-width: 600px) 91vw, (max-width: 900px) 600px, (max-width: 1060px) 50vw, (max-width: 1200px) 520px, (max-width: 1400px) 43vw, 600px\" data-recalc-dims=\"1\" \/><\/figure>\n\n\n\n<p><strong>Une approche bas\u00e9e sur les donn\u00e9es de terrain <\/strong><\/p>\n\n\n\n<p>G-ON Life est une approche de terrain, ax\u00e9e sur la collecte et le contr\u00f4le des donn\u00e9es, de mani\u00e8re ponctuelle ou continue. Elle repose sur des indicateurs fiables et des mesures in situ r\u00e9alis\u00e9es par les experts de G-ON.&nbsp;<\/p>\n\n\n\n<p>Cette offre s\u2019adresse \u00e0 tous les lieux de vie et de travail, et r\u00e9pond \u00e0 diff\u00e9rents enjeux li\u00e9s au renouvellement de l\u2019air : la conformit\u00e9 r\u00e9glementaire, les objectifs RSE, et le risque COVID. Les b\u00e9n\u00e9fices de G-ON Life sont nombreux : l&rsquo;offre permet \u00e0 la fois d\u2019augmenter le confort et la sant\u00e9 des usagers, la comp\u00e9titivit\u00e9 des entreprises, et la valeur des actifs immobiliers.&nbsp;<\/p>\n\n\n\n<p><strong>Des mesures fiables <\/strong><\/p>\n\n\n\n<p>L\u2019\u00e9quipe de G-ON s\u00e9lectionne un mat\u00e9riel adapt\u00e9 pour effectuer des mesures selon les protocoles les plus fr\u00e9quemment d\u00e9velopp\u00e9s (normes r\u00e9glementaires, labels, certifications HQE, BREEAM et WELL) et les bonnes pratiques fondamentales (\u00e9talonnage, t\u00e9moins et consignes d&rsquo;utilisation) Elle prend en compte un large \u00e9ventail de param\u00e8tres : <\/p>\n\n\n\n<ul><li>La qualit\u00e9 de l\u2019air int\u00e9rieur et ext\u00e9rieur : dioxyde et monoxyde de carbone, benz\u00e8ne, formald\u00e9hyde, compos\u00e9s organiques volatiles, particules fines, ozone et dioxyde d\u2019azote ; <\/li><li>La qualit\u00e9 de l\u2019eau : potabilit\u00e9, l\u00e9gionelle et r\u00e9seau technique de chauffage ; <\/li><li>Le confort thermique, le confinement de l\u2019air et le renouvellement, par une \u00e9valuation des moyens d\u2019a\u00e9ration et des d\u00e9bits de ventilation ; <\/li><li>Le confort lumineux ; <\/li><li>La surveillance sanitaire, avec des pr\u00e9l\u00e8vements SARS-CoV-2 dans l\u2019air et sur les surfaces ;&nbsp;<\/li><\/ul>\n\n\n\n<figure class=\"wp-block-image\"><img loading=\"lazy\" width=\"720\" height=\"405\" src=\"https:\/\/i0.wp.com\/batimedianews.com\/live\/wp-content\/uploads\/2021\/05\/image-199.png?resize=720%2C405\" alt=\"\" class=\"wp-image-9967\" srcset=\"https:\/\/i0.wp.com\/batimedianews.com\/live\/wp-content\/uploads\/2021\/05\/image-199.png?resize=1024%2C576&amp;ssl=1 1024w, https:\/\/i0.wp.com\/batimedianews.com\/live\/wp-content\/uploads\/2021\/05\/image-199.png?resize=300%2C169&amp;ssl=1 300w, https:\/\/i0.wp.com\/batimedianews.com\/live\/wp-content\/uploads\/2021\/05\/image-199.png?resize=768%2C432&amp;ssl=1 768w, https:\/\/i0.wp.com\/batimedianews.com\/live\/wp-content\/uploads\/2021\/05\/image-199.png?resize=10%2C6&amp;ssl=1 10w, https:\/\/i0.wp.com\/batimedianews.com\/live\/wp-content\/uploads\/2021\/05\/image-199.png?resize=432%2C243&amp;ssl=1 432w, https:\/\/i0.wp.com\/batimedianews.com\/live\/wp-content\/uploads\/2021\/05\/image-199.png?resize=396%2C223&amp;ssl=1 396w, https:\/\/i0.wp.com\/batimedianews.com\/live\/wp-content\/uploads\/2021\/05\/image-199.png?resize=1120%2C630&amp;ssl=1 1120w, https:\/\/i0.wp.com\/batimedianews.com\/live\/wp-content\/uploads\/2021\/05\/image-199.png?resize=660%2C371&amp;ssl=1 660w, https:\/\/i0.wp.com\/batimedianews.com\/live\/wp-content\/uploads\/2021\/05\/image-199.png?resize=391%2C220&amp;ssl=1 391w, https:\/\/i0.wp.com\/batimedianews.com\/live\/wp-content\/uploads\/2021\/05\/image-199.png?w=1128&amp;ssl=1 1128w\" sizes=\"(max-width: 600px) 91vw, (max-width: 900px) 600px, (max-width: 1060px) 50vw, (max-width: 1200px) 520px, (max-width: 1400px) 43vw, 600px\" data-recalc-dims=\"1\" \/><\/figure>\n\n\n\n<p><strong>Des solutions pertinentes g\u00e9n\u00e9r\u00e9es par des mesures statiques et dynamiques <\/strong><\/p>\n\n\n\n<p>L\u2019\u00e9quipe de G-ON adapte la m\u00e9thode de mesure aux besoins de chacun de ses clients. Les mesures statiques permettent ainsi de mesurer la conformit\u00e9 d\u2019un b\u00e2timent, afin de r\u00e9pondre aux certifications, labels et obligations r\u00e9glementaires.&nbsp;<\/p>\n\n\n\n<p>Les relev\u00e9s dynamiques, dans le cadre d\u2019un monitoring, sont effectu\u00e9s en continu. Ce suivi r\u00e9gulier des b\u00e2timents permet \u00e0 G-ON de proposer des solutions pertinentes et efficaces \u00e0 ses clients. \u00ab <em>Nous avons trait\u00e9 des plaintes d\u2019occupants qui avaient peur que l\u2019air des salles de r\u00e9union et des bureaux soit pollu\u00e9. Nos outils de mesure ont permis de constater qu\u2019effectivement le taux de CO2 grimpait en fl\u00e8che lorsque les usagers se r\u00e9unissaient <\/em>\u00bb, raconte Florian Biamba, le responsable d\u00e9veloppement de G-ON Life.&nbsp;<\/p>\n\n\n\n<figure class=\"wp-block-image\"><img loading=\"lazy\" width=\"720\" height=\"479\" src=\"https:\/\/i2.wp.com\/batimedianews.com\/live\/wp-content\/uploads\/2021\/05\/image-200.png?resize=720%2C479\" alt=\"\" class=\"wp-image-9968\" srcset=\"https:\/\/i2.wp.com\/batimedianews.com\/live\/wp-content\/uploads\/2021\/05\/image-200.png?w=892&amp;ssl=1 892w, https:\/\/i2.wp.com\/batimedianews.com\/live\/wp-content\/uploads\/2021\/05\/image-200.png?resize=300%2C200&amp;ssl=1 300w, https:\/\/i2.wp.com\/batimedianews.com\/live\/wp-content\/uploads\/2021\/05\/image-200.png?resize=768%2C511&amp;ssl=1 768w, https:\/\/i2.wp.com\/batimedianews.com\/live\/wp-content\/uploads\/2021\/05\/image-200.png?resize=10%2C7&amp;ssl=1 10w, https:\/\/i2.wp.com\/batimedianews.com\/live\/wp-content\/uploads\/2021\/05\/image-200.png?resize=432%2C288&amp;ssl=1 432w, https:\/\/i2.wp.com\/batimedianews.com\/live\/wp-content\/uploads\/2021\/05\/image-200.png?resize=396%2C264&amp;ssl=1 396w, https:\/\/i2.wp.com\/batimedianews.com\/live\/wp-content\/uploads\/2021\/05\/image-200.png?resize=660%2C440&amp;ssl=1 660w, https:\/\/i2.wp.com\/batimedianews.com\/live\/wp-content\/uploads\/2021\/05\/image-200.png?resize=330%2C220&amp;ssl=1 330w\" sizes=\"(max-width: 600px) 91vw, (max-width: 900px) 600px, (max-width: 1060px) 50vw, (max-width: 1200px) 520px, (max-width: 1400px) 43vw, 600px\" data-recalc-dims=\"1\" \/><\/figure>\n\n\n\n<p>Suite \u00e0 cette intervention, G-ON a pu proposer des mesures imm\u00e9diates comme l\u2019a\u00e9ration en cas de confinement d\u2019air, et des solutions plus durables, comme la r\u00e9gulation des d\u00e9bits d\u2019air. <\/p>\n\n\n\n<p><strong>G-ON : une expertise reconnue <\/strong><\/p>\n\n\n\n<p>La cr\u00e9ation de G-ON Life a \u00e9t\u00e9 rendue possible gr\u00e2ce \u00e0 l\u2019arriv\u00e9e de Florian Biamba, un ing\u00e9nieur technico-commercial sp\u00e9cialis\u00e9 dans l\u2019analyse des polluants dans les environnements int\u00e9rieurs qui a travaill\u00e9 pendant neuf ans au sein du laboratoire Wessling.<\/p>\n\n\n\n<p>\u00ab <em>Cette offre est compl\u00e9mentaire de l\u2019activit\u00e9 historique de G-ON <\/em>\u00bb, explique Thierry Lacroix, le pr\u00e9sident et associ\u00e9-fondateur de G-ON. \u00ab <em>Elle nous permet de porter notre attention sur la mesure et le terrain : nous pouvons proposer \u00e0 nos clients de s\u2019engager sur des niveaux de qualit\u00e9 d\u2019air ou de confort dans les bureaux \u00e0 partir d\u2019indicateurs fiables <\/em>\u00bb, poursuit-il. <\/p>\n\n\n\n<p>G-ON est par ailleurs un des premiers v\u00e9rificateurs WELL accr\u00e9dit\u00e9s en France. Le WELL est une certification am\u00e9ricaine utilis\u00e9e \u00e0 l\u2019\u00e9chelle mondiale dans plus de 15 000 projets, qui a pour but d\u2019am\u00e9liorer la sant\u00e9 dans les b\u00e2timents. <\/p>\n\n\n\n<p>En plus de ses prestations de surveillance, de mesures et monitoring, G-ON propose \u00e0 ses clients des formations, vid\u00e9os et supports de sensibilisation, qui permettent aux utilisateurs de mieux connaitre et s\u2019approprier les enjeux de sant\u00e9 et de confort.&nbsp;<\/p>\n\n\n\n<p style=\"color:#03577b\" class=\"has-text-color has-medium-font-size\"><strong>\u00c0 propos de G-ON <\/strong><\/p>\n\n\n\n<p>G-ON est une soci\u00e9t\u00e9 de conseil et d\u2019ing\u00e9nierie sp\u00e9cialis\u00e9e dans le d\u00e9veloppement durable et les enjeux de sant\u00e9 du b\u00e2timent. Elle a pour vocation d\u2019am\u00e9liorer le cadre de vie, le bien-\u00eatre et la sant\u00e9 de tous, en s\u2019appuyant sur sa riche exp\u00e9rience de l\u2019immobilier et du cadre de vie. <\/p>\n\n\n\n<p>Elle a \u00e9t\u00e9 fond\u00e9e en f\u00e9vrier 2016 par Gwena\u00ebl Jan, un ancien directeur de projets et directeur innovation en performance environnementale dans l\u2019immobilier, et Thierry Lacroix, qui oeuvre depuis vingt ans dans la certification et la qualit\u00e9 environnementale dans le secteur du b\u00e2timent. <\/p>\n\n\n\n<p>La soci\u00e9t\u00e9 intervient aupr\u00e8s d\u2019acteurs publics et priv\u00e9s du cadre de vie en les accompagnant au travers de multiples expertises : qualit\u00e9 de l\u2019air, thermique, impact humain et environnemental du b\u00e2timent, certifications (NF Habitat, HQE, BREEAM, WELL, B\u00e2timent Bas Carbone,\u2026), r\u00e9emploi et \u00e9conomie circulaire, reporting RSE, etc&nbsp;<\/p>\n","protected":false},"excerpt":{"rendered":"<p>Les b\u00e2timents jouent un r\u00f4le essentiel dans notre sant\u00e9. La pollution de l\u2019air int\u00e9rieur, la mauvaise qualit\u00e9 de l\u2019\u00e9clairage ou encore les probl\u00e8mes de temp\u00e9rature ou de climatisation peuvent incommoder les occupants. Pour les entreprises, cela se traduit souvent par une baisse de la productivit\u00e9 : il a ainsi \u00e9t\u00e9 montr\u00e9 que les niveaux \u00e9lev\u00e9s [&hellip;]<\/p>\n","protected":false},"author":41,"featured_media":9970,"comment_status":"open","ping_status":"open","sticky":false,"template":"","format":"standard","meta":{"spay_email":""},"categories":[4,18,35,1003,52,554,449,1002,921],"tags":[145,685,761,1006,1004,1007,1005],"jetpack_featured_media_url":"https:\/\/i1.wp.com\/batimedianews.com\/live\/wp-content\/uploads\/2021\/05\/G.ON-Article.jpg?fit=1224%2C512&ssl=1","jetpack_sharing_enabled":true,"jetpack_likes_enabled":true,"jetpack-related-posts":[{"id":46606,"url":"https:\/\/batimedianews.com\/live\/index.php\/2025\/09\/25\/airzone-devoile-aidoo-pro-hub-la-solution-qui-simplifie-lintegration-du-cvc-dans-les-systemes-dautomatisation-des-batiments\/","url_meta":{"origin":9965,"position":0},"title":"Airzone d\u00e9voile Aidoo Pro Hub : la solution qui simplifie l\u2019int\u00e9gration du CVC dans les syst\u00e8mes d\u2019automatisation des b\u00e2timents.","date":"25 septembre 2025","format":false,"excerpt":"Dans un contexte o\u00f9 la ma\u00eetrise \u00e9nerg\u00e9tique* et le confort des occupants sont des priorit\u00e9s pour le secteur tertiaire (bureaux, h\u00f4tels, \u00e9coles, \u00e9tablissements de sant\u00e9\u2026), le pilotage des syst\u00e8mes CVC (chauffage, ventilation, climatisation) devient un levier strat\u00e9gique. Pour \u00eatre efficace, ce pilotage exige une communication en temps r\u00e9el entre les\u2026","rel":"","context":"Dans &quot;Actualit\u00e9 Entreprises&quot;","img":{"alt_text":"","src":"https:\/\/i0.wp.com\/batimedianews.com\/live\/wp-content\/uploads\/2025\/09\/Airzone.jpg?fit=825%2C825&ssl=1&resize=350%2C200","width":350,"height":200},"classes":[]},{"id":8660,"url":"https:\/\/batimedianews.com\/live\/index.php\/2021\/05\/04\/carrier-lance-le-programme-healthy-buildings-en-europe-afin-daider-les-clients-a-reinventer-leurs-batiments-pour-la-sante-de-leurs-occupants\/","url_meta":{"origin":9965,"position":1},"title":"Carrier lance le programme Healthy Buildings en Europe afin d\u2019aider les clients \u00e0 r\u00e9inventer leurs b\u00e2timents pour la sant\u00e9 de leurs occupants","date":"4 mai 2021","format":false,"excerpt":"Des solutions de pointe proposent des environnements sains, s\u00fbrs, efficaces et productifs pour le tertiaire et d\u2019autres domaines. Alors que l\u2019humanit\u00e9 tout enti\u00e8re s\u2019adapte \u00e0 une nouvelle normalit\u00e9, la sant\u00e9 de nos b\u00e2timents et leur influence sur la sant\u00e9 des personnes rev\u00eatent une importance critique. Aujourd\u2019hui, Carrier a lanc\u00e9 son\u2026","rel":"","context":"Dans &quot;Actualit\u00e9 Entreprises&quot;","img":{"alt_text":"","src":"https:\/\/i0.wp.com\/batimedianews.com\/live\/wp-content\/uploads\/2021\/03\/image-7.png?fit=802%2C962&ssl=1&resize=350%2C200","width":350,"height":200},"classes":[]},{"id":5890,"url":"https:\/\/batimedianews.com\/live\/index.php\/2020\/09\/02\/la-domotique-loxone-au-service-du-secteur-de-la-sante-reduction-des-couts-pour-davantage-de-confort\/","url_meta":{"origin":9965,"position":2},"title":"La domotique Loxone au service du secteur de la sant\u00e9 : r\u00e9duction des co\u00fbts pour davantage de confort","date":"2 septembre 2020","format":false,"excerpt":"L'automatisation des b\u00e2timents intelligents prend de plus en plus d'importance dans le secteur des soins de sant\u00e9. Jusqu'au printemps, l'accent \u00e9tait mis en particulier sur des sujets tels que l'assistance \u00e0 l'autonomie \u00e0 domicile\" ou la r\u00e9gulation et le contr\u00f4le de la temp\u00e9rature mais depuis les questions d'hygi\u00e8ne li\u00e9es aux\u2026","rel":"","context":"Dans &quot;Actualit\u00e9 Entreprises&quot;","img":{"alt_text":"","src":"https:\/\/i0.wp.com\/batimedianews.com\/live\/wp-content\/uploads\/2020\/09\/image-25.png?fit=730%2C412&ssl=1&resize=350%2C200","width":350,"height":200},"classes":[]},{"id":17955,"url":"https:\/\/batimedianews.com\/live\/index.php\/2022\/03\/29\/aldes-x-meersens-pour-une-solution-de-monitoring-de-la-qualite-de-lair-complete\/","url_meta":{"origin":9965,"position":3},"title":"Aldes x Meersens &#8211; Pour une solution de monitoring de la qualit\u00e9 de l\u2019air compl\u00e8te","date":"29 mars 2022","format":false,"excerpt":"Le groupe Aldes, sp\u00e9cialiste de la conception et la fabrication de syst\u00e8mes a\u00e9rauliques pour le b\u00e2timent, s\u2019associe \u00e0 l\u2019expert de la donn\u00e9e environnementale Meersens. Cette collaboration offre aux professionnels comme au grand public une solution de monitoring de la qualit\u00e9 de l\u2019air compl\u00e8te. Si la qualit\u00e9 d\u2019air int\u00e9rieur d\u00e9pend majoritairement\u2026","rel":"","context":"Dans &quot;Actualit\u00e9 Entreprises&quot;","img":{"alt_text":"","src":"https:\/\/i0.wp.com\/batimedianews.com\/live\/wp-content\/uploads\/2022\/03\/aides-Article.jpg?fit=512%2C512&ssl=1&resize=350%2C200","width":350,"height":200},"classes":[]},{"id":12009,"url":"https:\/\/batimedianews.com\/live\/index.php\/2021\/09\/14\/adeunis-partenaire-majeur-du-deploiement-de-3-000-capteurs-de-controle-de-la-qualite-de-lair-dans-les-lycees-dauvergne-rhone-alpes-au-cote-dadvizeo\/","url_meta":{"origin":9965,"position":4},"title":"Adeunis partenaire majeur du d\u00e9ploiement de 3 000 capteurs de contr\u00f4le de la qualit\u00e9 de l\u2019air dans les lyc\u00e9es d\u2019Auvergne-Rh\u00f4ne-Alpes au c\u00f4t\u00e9 d\u2019Advizeo","date":"14 septembre 2021","format":false,"excerpt":"La qualit\u00e9 de l\u2019air est un enjeu majeur pour la sant\u00e9 et l\u2019environnement. Afin de r\u00e9duire l\u2019exposition des populations aux polluants atmosph\u00e9riques et limiter la propagation du SARS-CoV-2, la r\u00e9gion Auvergne-Rh\u00f4ne-Alpes a choisi les capteurs Adeunis dans le cadre d\u2019un plan ambitieux pour la protection de la qualit\u00e9 de l\u2019air\u2026","rel":"","context":"Dans &quot;Actualit\u00e9 Entreprises&quot;","img":{"alt_text":"","src":"https:\/\/i0.wp.com\/batimedianews.com\/live\/wp-content\/uploads\/2021\/09\/Adeunis-Article-1.jpg?fit=512%2C512&ssl=1&resize=350%2C200","width":350,"height":200},"classes":[]},{"id":2536,"url":"https:\/\/batimedianews.com\/live\/index.php\/2019\/08\/22\/kandu-expose-sur-maison-objet\/","url_meta":{"origin":9965,"position":5},"title":"KANDU expose sur Maison &#038; Objet","date":"22 ao\u00fbt 2019","format":false,"excerpt":"Kandu, la startup fran\u00e7aise sp\u00e9cialiste de l\u2019am\u00e9lioration du confort des espaces int\u00e9rieurs, annonce aujourd\u2019hui participer au prochain salon Maison & Objet","rel":"","context":"Dans &quot;Acoustique&quot;","img":{"alt_text":"","src":"https:\/\/i0.wp.com\/batimedianews.com\/live\/wp-content\/uploads\/2019\/08\/kandu5-1.jpg?fit=663%2C663&ssl=1&resize=350%2C200","width":350,"height":200},"classes":[]}],"_links":{"self":[{"href":"https:\/\/batimedianews.com\/live\/index.php\/wp-json\/wp\/v2\/posts\/9965"}],"collection":[{"href":"https:\/\/batimedianews.com\/live\/index.php\/wp-json\/wp\/v2\/posts"}],"about":[{"href":"https:\/\/batimedianews.com\/live\/index.php\/wp-json\/wp\/v2\/types\/post"}],"author":[{"embeddable":true,"href":"https:\/\/batimedianews.com\/live\/index.php\/wp-json\/wp\/v2\/users\/41"}],"replies":[{"embeddable":true,"href":"https:\/\/batimedianews.com\/live\/index.php\/wp-json\/wp\/v2\/comments?post=9965"}],"version-history":[{"count":2,"href":"https:\/\/batimedianews.com\/live\/index.php\/wp-json\/wp\/v2\/posts\/9965\/revisions"}],"predecessor-version":[{"id":10015,"href":"https:\/\/batimedianews.com\/live\/index.php\/wp-json\/wp\/v2\/posts\/9965\/revisions\/10015"}],"wp:featuredmedia":[{"embeddable":true,"href":"https:\/\/batimedianews.com\/live\/index.php\/wp-json\/wp\/v2\/media\/9970"}],"wp:attachment":[{"href":"https:\/\/batimedianews.com\/live\/index.php\/wp-json\/wp\/v2\/media?parent=9965"}],"wp:term":[{"taxonomy":"category","embeddable":true,"href":"https:\/\/batimedianews.com\/live\/index.php\/wp-json\/wp\/v2\/categories?post=9965"},{"taxonomy":"post_tag","embeddable":true,"href":"https:\/\/batimedianews.com\/live\/index.php\/wp-json\/wp\/v2\/tags?post=9965"}],"curies":[{"name":"wp","href":"https:\/\/api.w.org\/{rel}","templated":true}]}}